{"id":502834,"date":"2025-10-31T19:03:19","date_gmt":"2025-10-31T19:03:19","guid":{"rendered":"https:\/\/www.europesays.com\/fr\/502834\/"},"modified":"2025-10-31T19:03:19","modified_gmt":"2025-10-31T19:03:19","slug":"cyril-hanouna-odieux-envers-isabelle-morini-bosc-son-comportement-ecoeurant-indigne-aucun-respect","status":"publish","type":"post","link":"https:\/\/www.europesays.com\/fr\/502834\/","title":{"rendered":"Cyril Hanouna odieux envers Isabelle Morini-Bosc, son comportement \u00ab\u00a0\u00e9c\u0153urant\u00a0\u00bb indigne, \u00ab\u00a0Aucun respect\u00a0\u00bb"},"content":{"rendered":"<p>\u00catre chroniqueur dans une \u00e9mission de <strong>Cyril<br \/>\nHanouna<\/strong> n&rsquo;est jamais de tout repos. Habitu\u00e9 du buzz et des<br \/>\nsc\u00e8nes \u00e0 la limite de l&rsquo;irrespect, il aime malmener ses<br \/>\ncollaborateurs. Et dans son \u00e9mission du 29 octobre, Baba s&rsquo;est<br \/>\ncette fois attaqu\u00e9 directement \u00e0 <strong>Isabelle<br \/>\nMorini-Bosc<\/strong>. Un comportement qui a choqu\u00e9 les<br \/>\nt\u00e9l\u00e9spectateurs et suscit\u00e9 de nombreux commentaires sur les r\u00e9seaux<br \/>\nsociaux.<\/p>\n<p>Un vendredi pas tout \u00e0 fait ordinaire pour <a href=\"https:\/\/www.mariefrance.fr\/news-people\/tbt9-isabelle-morini-bosc-brise-silence-mort-mari-alain-disputait-assez-souvent-1209747.html\" target=\"_blank\" rel=\"noopener nofollow\">Isabelle Morini-Bosc<\/a>. Ce 31<br \/>\noctobre, d\u00e8s 5 h 45, la journaliste a pris la parole dans RTL<br \/>\nPetit Matin pour livrer sa chronique sur l\u2019actualit\u00e9<br \/>\nt\u00e9l\u00e9visuelle, comme elle le fait chaque jour sur la station rouge<br \/>\ndepuis maintenant trente ans. Mais ce sera la derni\u00e8re, puisque<br \/>\n\u00e2g\u00e9e de 69 ans, elle a \u00e9t\u00e9 <strong>mise \u00e0 la retraite par la<br \/>\nstation<\/strong>.<\/p>\n<p>Cyril Hanouna s&rsquo;en prend avec Isabelle Morini-Bosc<\/p>\n<p>C&rsquo;est dans le TBT9\u00a0 du mercredi 29 octobre sur W9 que<br \/>\n<a href=\"https:\/\/www.mariefrance.fr\/news-people\/cyril-hanouna-regime-drastique-simpose-depuis-plusieurs-mois-faut-voir-gueule-repas-1211306.html\" target=\"_blank\" rel=\"noopener nofollow\">Cyril Hanouna<\/a> s&rsquo;en est pris une<br \/>\nnouvelle fois \u00e0 <strong>Isabelle Morini-Bosc<\/strong>. D\u00e8s les<br \/>\npremi\u00e8res minutes de l\u2019\u00e9mission, comme \u00e0 l\u2019accoutum\u00e9e, Cyril<br \/>\nHanouna a lanc\u00e9 un jeu inspir\u00e9 de l\u2019univers d\u2019Ast\u00e9rix et Ob\u00e9lix.<br \/>\nLes chroniqueurs ont particip\u00e9 en r\u00e9pondant \u00e0 des questions tout en<br \/>\ngo\u00fbtant \u00e0 une myst\u00e9rieuse potion magique.<\/p>\n<p>Apr\u00e8s Matthieu Delormeau et Polska, ce sont Jordan De Luxe et<br \/>\nIsabelle Morini-Bosc qui se sont avanc\u00e9s pour go\u00fbter \u00e0 la fameuse<br \/>\npotion. \u00c0 peine lev\u00e9e, Isabelle Morini-Bosc a donc \u00e9t\u00e9 taquin\u00e9e par<br \/>\nCyril Hanouna, qui s\u2019est amus\u00e9 de <strong>sa tenue<\/strong> qu\u2019il a<br \/>\nd\u00e9crite comme provenant <strong>\u00ab\u00a0des ann\u00e9es<br \/>\n60\u00a0\u00bb<\/strong>.\u00a0<\/p>\n<p><img loading=\"lazy\" decoding=\"async\" aria-describedby=\"caption-attachment-1216487\" itemprop=\"thumbnailUrl\" class=\"wp-image-1216487 img-responsive size-full\" src=\"https:\/\/www.europesays.com\/fr\/wp-content\/uploads\/2025\/10\/1-113.jpg\" alt=\"Isabelle Morini-Bosc sur W9\" width=\"1280\" height=\"720\"\/><br \/>\n\u00a9<br \/>\nW9<\/p>\n<p id=\"caption-attachment-1216487\" class=\"wp-caption-text\">Cyril<br \/>\nHanouna attaque Isabelle Morini-Bosc sur sa tenue.<\/p>\n<p>Le public choqu\u00e9 par l&rsquo;attitude de Cyril Hanouna<\/p>\n<p><a href=\"https:\/\/www.mariefrance.fr\/news-people\/devrait-etre-interdit-patrick-sebastien-regle-comptes-avec-france-televisions-face-cyril-hanouna-prepare-complement-enquete-1212244.html\" target=\"_blank\" rel=\"noopener nofollow\">L\u2019animateur<\/a> a ensuite hauss\u00e9 le<br \/>\nton envers sa chroniqueuse, qu\u2019il a reproch\u00e9e de ne pas savoir se<br \/>\npositionner correctement sur le plateau. \u00ab\u00a0Nan mais sans rigoler<br \/>\n! <strong>T&rsquo;as 150 ans, t&rsquo;as 80 ans de t\u00e9l\u00e9, tu vois pas que la<br \/>\ncam\u00e9ra est l\u00e0 sans d\u00e9conner ?!\u00a0\u00bb<\/strong>, a l\u00e2ch\u00e9 l&rsquo;animateur<br \/>\nvisiblement agac\u00e9 par l&rsquo;attitude de sa chroniqueuse. Une r\u00e9action<br \/>\nirascible injustifi\u00e9e qui a choqu\u00e9 les t\u00e9l\u00e9spectateurs et g\u00e9n\u00e9r\u00e9 de<br \/>\nnombreux commentaires sur les r\u00e9seaux sociaux.<\/p>\n<p>Sur X, de nombreux internautes se sont indign\u00e9s de voir la<br \/>\nchroniqueuse <strong>\u00ab\u00a0humili\u00e9e\u00a0\u00bb<\/strong> et<br \/>\n<strong>\u00ab\u00a0maltrait\u00e9e\u00a0\u00bb<\/strong> par Cyril Hanouna. Selon<br \/>\neux, on ne la traite pas avec \u00ab\u00a0le respect qu\u2019elle m\u00e9rite\u00a0\u00bb<br \/>\net cette situation dure depuis bien trop longtemps. D&rsquo;autres ont<br \/>\nmentionn\u00e9 un comportement <strong>\u00ab\u00a0\u00e9c\u0153urant\u00a0\u00bb<\/strong> de<br \/>\nla part de Baba.<\/p>\n<p><img loading=\"lazy\" decoding=\"async\" aria-describedby=\"caption-attachment-1216490\" class=\"wp-image-1216490 img-responsive size-full\" src=\"https:\/\/www.europesays.com\/fr\/wp-content\/uploads\/2025\/10\/3-62.jpg\" alt=\"Cyril Hanouna\" width=\"1280\" height=\"720\"\/> \u00a9 W9<\/p>\n<p id=\"caption-attachment-1216490\" class=\"wp-caption-text\">Le<br \/>\npublic choqu\u00e9 par l&rsquo;attitude de Cyril Hanouna.<\/p>\n<p>Isabelle Morini-Bosc pas<br \/>\nrancuni\u00e8re<\/p>\n<p>Si le public a r\u00e9agi si rapidement aux attaques de Baba envers<br \/>\nsa chroniqueuse, c&rsquo;est que <strong>ces attaques sur le physique<br \/>\nd&rsquo;Isabelle Morini-Bosc sont r\u00e9currentes<\/strong>. Depuis plusieurs<br \/>\nann\u00e9es, Cyril Hanouna et son \u00e9quipe ont fait de l\u2019\u00e2ge d\u2019Isabelle<br \/>\nMorini-Bosc un v\u00e9ritable ressort comique de l\u2019\u00e9mission. Matthieu<br \/>\nDelormeau la surnomme d\u2019ailleurs \u00ab\u00a0Mamie\u00a0\u00bb, tandis que<br \/>\nGilles Verdez, assis \u00e0 ses c\u00f4t\u00e9s sur le plateau, s\u2019amuse<br \/>\nr\u00e9guli\u00e8rement \u00e0 lui crier dans les oreilles.<\/p>\n<p><img loading=\"lazy\" decoding=\"async\" aria-describedby=\"caption-attachment-1216488\" class=\"wp-image-1216488 img-responsive size-full\" src=\"https:\/\/www.europesays.com\/fr\/wp-content\/uploads\/2025\/10\/2-113.jpg\" alt=\"Isabelle Morini-Bosc\" width=\"1280\" height=\"720\"\/><br \/>\n\u00a9<br \/>\nW9<\/p>\n<p id=\"caption-attachment-1216488\" class=\"wp-caption-text\">Isabelle<br \/>\nMorini-Bosc habitu\u00e9e des moqueries.<\/p>\n<p>Mais il se pourrait que ces clashs ne soient que du spectacle,<br \/>\ncar comme l&rsquo;explique la principale int\u00e9ress\u00e9e, <strong>\u00ab\u00a0Cyril a<br \/>\nbeau m\u2019appeler la vieille<\/strong> et me parler comme si j\u2019\u00e9tais<br \/>\nl\u2019australopith\u00e8que Lucy, il est donc tomb\u00e9 de sa chaise quand je<br \/>\nlui ai dit mon \u00e2ge\u00a0\u00bb. \u00ab\u00a0Mon m\u00e9decin m\u2019a dit que mon corps avait vingt<br \/>\nans de moins que ma carte d\u2019identit\u00e9\u00a0\u00bb, a-t-elle ajout\u00e9 en<br \/>\nguise de conclusion pour \u00e9teindre l&rsquo;incendie.<\/p>\n","protected":false},"excerpt":{"rendered":"\u00catre chroniqueur dans une \u00e9mission de Cyril Hanouna n&rsquo;est jamais de tout repos. Habitu\u00e9 du buzz et des&hellip;\n","protected":false},"author":2,"featured_media":502835,"comment_status":"","ping_status":"","sticky":false,"template":"","format":"standard","meta":{"footnotes":""},"categories":[1356],"tags":[21303,58,59,1011,27,252,1364],"class_list":{"0":"post-502834","1":"post","2":"type-post","3":"status-publish","4":"format-standard","5":"has-post-thumbnail","7":"category-television","8":"tag-buzz_nonli","9":"tag-divertissement","10":"tag-entertainment","11":"tag-fr","12":"tag-france","13":"tag-television","14":"tag-tv"},"share_on_mastodon":{"url":"https:\/\/pubeurope.com\/@fr\/115470337788933872","error":""},"_links":{"self":[{"href":"https:\/\/www.europesays.com\/fr\/wp-json\/wp\/v2\/posts\/502834","targetHints":{"allow":["GET"]}}],"collection":[{"href":"https:\/\/www.europesays.com\/fr\/wp-json\/wp\/v2\/posts"}],"about":[{"href":"https:\/\/www.europesays.com\/fr\/wp-json\/wp\/v2\/types\/post"}],"author":[{"embeddable":true,"href":"https:\/\/www.europesays.com\/fr\/wp-json\/wp\/v2\/users\/2"}],"replies":[{"embeddable":true,"href":"https:\/\/www.europesays.com\/fr\/wp-json\/wp\/v2\/comments?post=502834"}],"version-history":[{"count":0,"href":"https:\/\/www.europesays.com\/fr\/wp-json\/wp\/v2\/posts\/502834\/revisions"}],"wp:featuredmedia":[{"embeddable":true,"href":"https:\/\/www.europesays.com\/fr\/wp-json\/wp\/v2\/media\/502835"}],"wp:attachment":[{"href":"https:\/\/www.europesays.com\/fr\/wp-json\/wp\/v2\/media?parent=502834"}],"wp:term":[{"taxonomy":"category","embeddable":true,"href":"https:\/\/www.europesays.com\/fr\/wp-json\/wp\/v2\/categories?post=502834"},{"taxonomy":"post_tag","embeddable":true,"href":"https:\/\/www.europesays.com\/fr\/wp-json\/wp\/v2\/tags?post=502834"}],"curies":[{"name":"wp","href":"https:\/\/api.w.org\/{rel}","templated":true}]}}