{"id":502850,"date":"2025-10-31T19:11:14","date_gmt":"2025-10-31T19:11:14","guid":{"rendered":"https:\/\/www.europesays.com\/fr\/502850\/"},"modified":"2025-10-31T19:11:14","modified_gmt":"2025-10-31T19:11:14","slug":"le-ministre-des-affaires-etrangeres-reconnait-la-douleur-causee-aux-peuples-indigenes-lors-de-la-conquista","status":"publish","type":"post","link":"https:\/\/www.europesays.com\/fr\/502850\/","title":{"rendered":"le ministre des Affaires \u00e9trang\u00e8res reconna\u00eet la \u00abdouleur\u00bb caus\u00e9e aux peuples indig\u00e8nes lors de la \u00abConquista\u00bb"},"content":{"rendered":"<p>\n    Jos\u00e9 Manuel Albares a exprim\u00e9 des regrets, soulignant l\u2019importance de reconna\u00eetre cette part de l\u2019histoire commune avec le Mexique.<\/p>\n<p class=\"fig-paragraph\">Le ministre espagnol des Affaires \u00e9trang\u00e8res, Jos\u00e9 Manuel Albares, a reconnu vendredi \u00abla douleur et l&rsquo;injustice\u00bb caus\u00e9es aux \u00ab<a href=\"http:\/\/www.lefigaro.fr\/international\/la-moitie-des-peuples-autochtones-coupes-du-monde-menaces-de-disparition-dans-les-dix-ans-previent-une-ong-20251027\" data-fig-type=\"NewsFlash\" data-gtm-custom-categorie=\"navigation\" data-gtm-custom-action=\"crossclick\" data-gtm-custom-label=\"Contextuel\" data-gtm-event=\"customEventSPE\" data-fig-domain=\"LEFIGARO\" target=\"_blank\" rel=\"noopener\">peuples autochtones<\/a> \u00bb pendant la \u00abConquista\u00bb, la conqu\u00eate espagnole de l&rsquo;Am\u00e9rique, alors que la pr\u00e9sidente mexicaine\u00a0<a href=\"http:\/\/www.lefigaro.fr\/international\/au-mexique-claudia-sheinbaum-s-assoit-dans-le-fauteuil-que-lui-tend-le-president-sortant-20240930\" data-fig-type=\"Article\" data-gtm-custom-categorie=\"navigation\" data-gtm-custom-action=\"crossclick\" data-gtm-custom-label=\"Contextuel\" data-gtm-event=\"customEventSPE\" data-fig-domain=\"LEFIGARO\" target=\"_blank\" rel=\"noopener\">Claudia Sheinbaum<\/a>\u00a0a de nouveau r\u00e9clam\u00e9 des excuses de Madrid sur le sujet.<\/p>\n<p class=\"fig-paragraph\">Dans les relations entre le\u00a0<a href=\"http:\/\/www.lefigaro.fr\/international\/emmanuel-macron-attendu-la-semaine-prochaine-au-bresil-et-au-mexique-20251031\" data-fig-type=\"NewsFlash\" data-gtm-custom-categorie=\"navigation\" data-gtm-custom-action=\"crossclick\" data-gtm-custom-label=\"Contextuel\" data-gtm-event=\"customEventSPE\" data-fig-domain=\"LEFIGARO\" target=\"_blank\" rel=\"noopener\">Mexique\u00a0<\/a>et l&rsquo;Espagne, \u00abil y a eu de la douleur,et de l&rsquo;injustice envers les peuples autochtones auxquels cette exposition est d\u00e9di\u00e9e\u00bb, a d\u00e9clar\u00e9 Jos\u00e9 Manuel Albares lors de l&rsquo;inauguration \u00e0 Madrid d&rsquo;une exposition intitul\u00e9e \u00abLa moiti\u00e9 du monde. La femme dans le Mexique indig\u00e8ne\u00bb.<\/p>\n<p>                                    <a class=\"fig-a11y-skip a11y-hidden\" href=\"#fig-a11y-skip-main-inarticle\"><br \/>\n        Passer la publicit\u00e9<br \/>\n    <\/a><\/p>\n<p class=\"fig-paragraph\">\u00abIl y a eu de l&rsquo;injustice, il est juste de le reconna\u00eetre aujourd&rsquo;hui, et il est juste de le regretter. Parce que cela fait \u00e9galement partie de notre histoire partag\u00e9e et nous ne pouvons ni la nier ni l&rsquo;oublier\u00bb, a ajout\u00e9 le ministre du gouvernement de gauche de Pedro S\u00e1nchez.<\/p>\n<p>Un froid durable sur les relations<\/p>\n<p class=\"fig-paragraph\">En 2019, le pr\u00e9sident mexicain d&rsquo;alors, Andr\u00e9s Manuel L\u00f3pez Obrador, avait envoy\u00e9 une lettre \u00e0\u00a0Madrid\u00a0exigeant de la Couronne des excuses pour les crimes commis pendant la Conqu\u00eate.<\/p>\n<p class=\"fig-paragraph\">La revendication de L\u00f3pez Obrador (2018-2024), membre du parti de Mme Sheinbaum, avait eu pour effet de jeter un froid durable sur les relations entre le Mexique et l&rsquo;Espagne. Le roi Felipe VI n&rsquo;avait fait aucune d\u00e9claration publique sur le sujet et n&rsquo;avait pas r\u00e9pondu directement \u00e0 la missive.<\/p>\n<p class=\"fig-paragraph\">Un communiqu\u00e9 du minist\u00e8re espagnol des Affaires \u00e9trang\u00e8res avait alors mis en avant l&rsquo;histoire partag\u00e9e entre les deux pays et rejet\u00e9 l&rsquo;id\u00e9e de pr\u00e9senter des excuses.<\/p>\n","protected":false},"excerpt":{"rendered":"Jos\u00e9 Manuel Albares a exprim\u00e9 des regrets, soulignant l\u2019importance de reconna\u00eetre cette part de l\u2019histoire commune avec le&hellip;\n","protected":false},"author":2,"featured_media":502851,"comment_status":"","ping_status":"","sticky":false,"template":"","format":"standard","meta":{"footnotes":""},"categories":[5],"tags":[11,123,1011,27,62485,14,5697,12,28],"class_list":{"0":"post-502850","1":"post","2":"type-post","3":"status-publish","4":"format-standard","5":"has-post-thumbnail","7":"category-international","8":"tag-actualites","9":"tag-espagne","10":"tag-fr","11":"tag-france","12":"tag-indigenes","13":"tag-international","14":"tag-mexique","15":"tag-news","16":"tag-world"},"share_on_mastodon":{"url":"https:\/\/pubeurope.com\/@fr\/115470367839015705","error":""},"_links":{"self":[{"href":"https:\/\/www.europesays.com\/fr\/wp-json\/wp\/v2\/posts\/502850","targetHints":{"allow":["GET"]}}],"collection":[{"href":"https:\/\/www.europesays.com\/fr\/wp-json\/wp\/v2\/posts"}],"about":[{"href":"https:\/\/www.europesays.com\/fr\/wp-json\/wp\/v2\/types\/post"}],"author":[{"embeddable":true,"href":"https:\/\/www.europesays.com\/fr\/wp-json\/wp\/v2\/users\/2"}],"replies":[{"embeddable":true,"href":"https:\/\/www.europesays.com\/fr\/wp-json\/wp\/v2\/comments?post=502850"}],"version-history":[{"count":0,"href":"https:\/\/www.europesays.com\/fr\/wp-json\/wp\/v2\/posts\/502850\/revisions"}],"wp:featuredmedia":[{"embeddable":true,"href":"https:\/\/www.europesays.com\/fr\/wp-json\/wp\/v2\/media\/502851"}],"wp:attachment":[{"href":"https:\/\/www.europesays.com\/fr\/wp-json\/wp\/v2\/media?parent=502850"}],"wp:term":[{"taxonomy":"category","embeddable":true,"href":"https:\/\/www.europesays.com\/fr\/wp-json\/wp\/v2\/categories?post=502850"},{"taxonomy":"post_tag","embeddable":true,"href":"https:\/\/www.europesays.com\/fr\/wp-json\/wp\/v2\/tags?post=502850"}],"curies":[{"name":"wp","href":"https:\/\/api.w.org\/{rel}","templated":true}]}}