{"id":502852,"date":"2025-10-31T19:12:16","date_gmt":"2025-10-31T19:12:16","guid":{"rendered":"https:\/\/www.europesays.com\/fr\/502852\/"},"modified":"2025-10-31T19:12:16","modified_gmt":"2025-10-31T19:12:16","slug":"un-incendie-genere-un-important-panache-de-fumee-au-havre-que-se-passe-t-il","status":"publish","type":"post","link":"https:\/\/www.europesays.com\/fr\/502852\/","title":{"rendered":"Un incendie g\u00e9n\u00e8re un important panache de fum\u00e9e au Havre : que se passe-t-il\u00a0?"},"content":{"rendered":"<p>            Par<br \/>\n        <strong><br \/>\n            <a href=\"https:\/\/actu.fr\/auteur\/louise-boutard\" title=\"Consulter tous les articles de Louise Boutard\" rel=\"nofollow noopener\" target=\"_blank\">Louise Boutard<\/a><br \/>\n        <\/strong><\/p>\n<p>        Publi\u00e9 le<\/p>\n<p>            31 oct. 2025 \u00e0 17h48        <\/p>\n<p>D\u2019importantes fum\u00e9es ont pu alerter les t\u00e9moins de cet incendie. <strong>Quatre bus ont pris feu<\/strong> sur un parking de la <strong>soci\u00e9t\u00e9 Transdev Normandie,<\/strong> situ\u00e9 <a href=\"https:\/\/actu.fr\/normandie\/le-havre_76351\" rel=\"nofollow noopener\" target=\"_blank\">au\u00a0Havre<\/a>, sur le boulevard Jules-Durand, en entr\u00e9e de ville, vendredi 31\u00a0octobre 2025.<\/p>\n<p>Pas de victime<\/p>\n<p class=\" wall-content\">Les secours ont \u00e9t\u00e9 appel\u00e9s \u00e0 16\u2009h\u200945 pour intervenir sur cet incendie sur quatre v\u00e9hicules diesel. Le feu a pris dans un site en plein air, provoquant <strong>d\u2019importants panaches de fum\u00e9e.<\/strong><\/p>\n<p class=\" wall-content\">\n<p class=\" wall-content\">Les personnes pr\u00e9sentes sur le site ont rapidement \u00e9t\u00e9 \u00e9vacu\u00e9es, <strong>aucune victime n\u2019a \u00e9t\u00e9 bless\u00e9e.<\/strong> La <strong>circulation n\u2019est pas modifi\u00e9e <\/strong>pour le moment.<\/p>\n<p>    <img   decoding=\"async\" loading=\"lazy\" src=\"https:\/\/www.europesays.com\/fr\/wp-content\/uploads\/2025\/10\/whatsapp-image-2025-10-31-at-173523-960x640.jpeg\" alt=\"Le feu a pris au niveau du d\u00e9p\u00f4t de la soci\u00e9t\u00e9 Transdev, en entr\u00e9e de ville au Havre. \" width=\"960\" height=\"640\"\/><br \/>\n    Le feu a pris au niveau du d\u00e9p\u00f4t de la soci\u00e9t\u00e9 Transdev, en entr\u00e9e de ville au\u00a0Havre. (\u00a9EA\/76actu)<\/p>\n<p class=\" wall-content\">C\u2019est d\u2019abord l\u2019un des bus qui a pris feu avant que les flammes ne se propagent sur ces v\u00e9hicules dans le d\u00e9p\u00f4t de la soci\u00e9t\u00e9 Transdev. Trois engins et 13 sapeurs-pompiers ont \u00e9t\u00e9 mobilis\u00e9s.<\/p>\n<p>    <a href=\"https:\/\/www.facebook.com\/plugins\/video.php?height=476&amp;href=https%3A%2F%2Fwww.facebook.com%2Fmoazballoul%2Fvideos%2F1899045614027021%2F%3Fidorvanity%3D188233774638349&amp;show_text=false&amp;width=350&amp;t=0\" title=\"Ouvrie le lien\" rel=\"nofollow noopener\" target=\"_blank\">Cliquez ici pour visualiser le contenu<\/a><\/p>\n<p>Vid\u00e9os : en ce moment sur Actu<\/p>\n<p class=\" wall-content\">La veille, un important incendie avait d\u00e9j\u00e0 touch\u00e9 un bus \u00e0 Saint-Valery-en-Caux.<\/p>\n<p>Suivez l\u2019actualit\u00e9 du\u00a0Havre sur <a href=\"https:\/\/www.whatsapp.com\/channel\/0029VaFqJYE8aKvLBwVrEe0o\" rel=\"nofollow noopener\" target=\"_blank\">notre cha\u00eene WhatsApp<\/a> et sur <a href=\"https:\/\/www.tiktok.com\/@76actu.fr?lang=fr\" rel=\"nofollow noopener\" target=\"_blank\">notre compte TikTok<\/a><\/p>\n<p class=\" wall-content\">Personnalisez votre actualit\u00e9 en ajoutant vos villes et m\u00e9dias en favori avec <a href=\"https:\/\/moncompte.actu.fr\" title=\"D\u00e9couvez Mon Actu\" rel=\"nofollow noopener\" data-trk=\"{&quot;cta&quot;:{&quot;action&quot;:&quot;https:\\\/\\\/moncompte.actu.fr&quot;,&quot;category&quot;:&quot;mon compte&quot;,&quot;from&quot;:&quot;article footer&quot;,&quot;name&quot;:&quot;Mon actu&quot;,&quot;type&quot;:&quot;cta&quot;}}\" target=\"_blank\">Mon Actu<\/a>.<\/p>\n<p>                    <script async src=\"\/\/www.tiktok.com\/embed.js\"><\/script><\/p>\n","protected":false},"excerpt":{"rendered":"Par Louise Boutard Publi\u00e9 le 31 oct. 2025 \u00e0 17h48 D\u2019importantes fum\u00e9es ont pu alerter les t\u00e9moins de&hellip;\n","protected":false},"author":2,"featured_media":502853,"comment_status":"","ping_status":"","sticky":false,"template":"","format":"standard","meta":{"footnotes":""},"categories":[4],"tags":[11,1011,27,1310,12,1311,25,104],"class_list":{"0":"post-502852","1":"post","2":"type-post","3":"status-publish","4":"format-standard","5":"has-post-thumbnail","7":"category-france","8":"tag-actualites","9":"tag-fr","10":"tag-france","11":"tag-incendie","12":"tag-news","13":"tag-pompiers","14":"tag-republique-francaise","15":"tag-societe"},"share_on_mastodon":{"url":"https:\/\/pubeurope.com\/@fr\/115470372487260385","error":""},"_links":{"self":[{"href":"https:\/\/www.europesays.com\/fr\/wp-json\/wp\/v2\/posts\/502852","targetHints":{"allow":["GET"]}}],"collection":[{"href":"https:\/\/www.europesays.com\/fr\/wp-json\/wp\/v2\/posts"}],"about":[{"href":"https:\/\/www.europesays.com\/fr\/wp-json\/wp\/v2\/types\/post"}],"author":[{"embeddable":true,"href":"https:\/\/www.europesays.com\/fr\/wp-json\/wp\/v2\/users\/2"}],"replies":[{"embeddable":true,"href":"https:\/\/www.europesays.com\/fr\/wp-json\/wp\/v2\/comments?post=502852"}],"version-history":[{"count":0,"href":"https:\/\/www.europesays.com\/fr\/wp-json\/wp\/v2\/posts\/502852\/revisions"}],"wp:featuredmedia":[{"embeddable":true,"href":"https:\/\/www.europesays.com\/fr\/wp-json\/wp\/v2\/media\/502853"}],"wp:attachment":[{"href":"https:\/\/www.europesays.com\/fr\/wp-json\/wp\/v2\/media?parent=502852"}],"wp:term":[{"taxonomy":"category","embeddable":true,"href":"https:\/\/www.europesays.com\/fr\/wp-json\/wp\/v2\/categories?post=502852"},{"taxonomy":"post_tag","embeddable":true,"href":"https:\/\/www.europesays.com\/fr\/wp-json\/wp\/v2\/tags?post=502852"}],"curies":[{"name":"wp","href":"https:\/\/api.w.org\/{rel}","templated":true}]}}