{"id":502863,"date":"2025-10-31T19:20:27","date_gmt":"2025-10-31T19:20:27","guid":{"rendered":"https:\/\/www.europesays.com\/fr\/502863\/"},"modified":"2025-10-31T19:20:27","modified_gmt":"2025-10-31T19:20:27","slug":"top-14-baptiste-serin-de-retour-avec-toulon-face-a-lyon-melvyn-jaminet-forfait-sport","status":"publish","type":"post","link":"https:\/\/www.europesays.com\/fr\/502863\/","title":{"rendered":"Top 14. Baptiste Serin de retour avec Toulon face \u00e0 Lyon, Melvyn Jaminet forfait . Sport"},"content":{"rendered":"<p>Le RC Toulon pourra compter sur le retour de plusieurs cadres dont le demi de m\u00eal\u00e9e Baptiste Serin pour affronter Lyon samedi 1er\u00a0novembre lors de la neuvi\u00e8me journ\u00e9e de Top 14, alors que son buteur Melvyn Jaminet est forfait. Serin \u00e9tait absent lors du d\u00e9placement \u00e0 Toulouse \u00e0 cause d\u2019une blessure aux c\u00f4tes, alors que le troisi\u00e8me ligne Esteban Abadie \u00e9tait touch\u00e9 \u00e0 un genou et le deuxi\u00e8me ligne David Ribbans se remettait d\u2019un virus contract\u00e9 une semaine plus t\u00f4t.<\/p>\n<p><strong>Lire aussi\u00a0:<\/strong> <a href=\"https:\/\/rennes.maville.com\/sport\/detail_-usa-perpignan.-laurent-labit-pressenti-pour-prendre-les-renes-de-la-lanterne-rouge-du-top-14-_54135-7044733_actu.Htm\" target=\"_self\" rel=\"noopener\">USA Perpignan. Laurent Labit pressenti pour prendre les r\u00eanes de la lanterne rouge du Top 14<\/a><\/p>\n<blockquote class=\"instagram-media\" data-instgrm-captioned=\"\" data-instgrm-permalink=\"https:\/\/www.instagram.com\/p\/DQexT2eDaGk\/?utm_source=ig_embed&amp;utm_campaign=loading\" data-instgrm-version=\"14\" style=\" background:#FFF; border:0; border-radius:3px; box-shadow:0 0 1px 0 rgba(0,0,0,0.5),0 1px 10px 0 rgba(0,0,0,0.15); margin: 1px; max-width:540px; min-width:326px; padding:0; width:99.375%; width:-webkit-calc(100% - 2px); width:calc(100% - 2px);\" wp_automatic_readability=\"-0.20388349514563\"\/>\n<p>Ces trois joueurs seront titulaires sur la pelouse du stade Mayol ce samedi (14\u00a0h\u00a030), ce qui ne sera pas le cas de l\u2019arri\u00e8re Melvyn Jaminet, victime d\u2019une entorse \u00e0 un coude face au Stade Toulousain. Aucune op\u00e9ration n\u2019est pr\u00e9vue pour le buteur varois au contraire de son co\u00e9quipier Marius Domon, touch\u00e9 \u00e0 une main et d\u00e9j\u00e0 op\u00e9r\u00e9 ce jeudi 30\u00a0octobre.<\/p>\n<p>L\u2019absence de Jaminet pourrait \u00eatre plus longue<\/p>\n<p><strong>\u00ab\u00a0L\u2019op\u00e9ration s\u2019est tr\u00e8s bien pass\u00e9e, Marius sera indisponible entre six et huit semaines. Melvyn est indisponible pour ce week-end, pour le moment\u00a0\u00bb<\/strong>, a indiqu\u00e9 le manager Pierre Mignoni en conf\u00e9rence de presse ce vendredi 31\u00a0octobre, sugg\u00e9rant que l\u2019absence du joueur de 26\u00a0ans pourrait \u00eatre plus longue.<\/p>\n<p>Gianmarco Lucchesi, Matthias Halagahu, Gabin Villi\u00e8re et Antoine Frisch sont toujours absents m\u00eame si le talonneur italien a repris la course ces derniers jours. Trois autres joueurs ont rejoint l\u2019infirmerie varoise cette semaine dont le troisi\u00e8me ligne anglais Zach Mercer qui <strong>\u00ab\u00a0a un petit truc au genou, ce n\u2019est pas tr\u00e8s grave<\/strong>\u00a0<strong>\u00bb<\/strong>, selon son coach.<\/p>\n<p><strong>Lire aussi\u00a0:<\/strong> <a href=\"https:\/\/vannes.maville.com\/sport\/detail_-rc-vannes-valence-romans.-nes-le-meme-jour-dans-le-meme-hopital-ils-s-affrontent-23-ans-plus-tard-_52710-7044863_actu.Htm\" target=\"_self\" rel=\"noopener\">RC Vannes-Valence-Romans. N\u00e9s le m\u00eame jour dans le m\u00eame h\u00f4pital, ils s\u2019affrontent 23\u00a0ans plus tard<\/a><\/p>\n<p>J\u00e9r\u00e9my Sinzelle (tendon d\u2019Achille) et Rayan Rebbadj (ischio-jambiers) ne seront pas non plus disponibles pour affronter le LOU alors que les internationaux Ben White (\u00c9cosse), Setariki Tuicuvu (Fidji), Paolo Garbisi et Juan Ignacio Brex (Italie) ont regagn\u00e9 la Rade en fin de semaine apr\u00e8s avoir \u00e9t\u00e9 en s\u00e9lection et sont titulaires avec le RCT (9e, 19\u00a0pts avec un match en retard) pour recevoir le Lou (12e, 18\u00a0pts).<\/p>\n<p>\u00a0<\/p>\n<p>\t\t<script async src=\"\/\/www.instagram.com\/embed.js\"><\/script><\/p>\n","protected":false},"excerpt":{"rendered":"Le RC Toulon pourra compter sur le retour de plusieurs cadres dont le demi de m\u00eal\u00e9e Baptiste Serin&hellip;\n","protected":false},"author":2,"featured_media":502864,"comment_status":"","ping_status":"","sticky":false,"template":"","format":"standard","meta":{"footnotes":""},"categories":[9619],"tags":[1111,11,3809,1465,1777,674,63,1011,27,1792,1922,2047,12,882,25,479,517,2310,1470],"class_list":{"0":"post-502863","1":"post","2":"type-post","3":"status-publish","4":"format-standard","5":"has-post-thumbnail","7":"category-toulon","8":"tag-actu","9":"tag-actualites","10":"tag-ball","11":"tag-basket","12":"tag-eu","13":"tag-europe","14":"tag-football","15":"tag-fr","16":"tag-france","17":"tag-handball","18":"tag-info","19":"tag-mans","20":"tag-news","21":"tag-provence-alpes-cote-dazur","22":"tag-republique-francaise","23":"tag-rugby","24":"tag-sport","25":"tag-toulon","26":"tag-volley"},"share_on_mastodon":{"url":"https:\/\/pubeurope.com\/@fr\/115470403104240051","error":""},"_links":{"self":[{"href":"https:\/\/www.europesays.com\/fr\/wp-json\/wp\/v2\/posts\/502863","targetHints":{"allow":["GET"]}}],"collection":[{"href":"https:\/\/www.europesays.com\/fr\/wp-json\/wp\/v2\/posts"}],"about":[{"href":"https:\/\/www.europesays.com\/fr\/wp-json\/wp\/v2\/types\/post"}],"author":[{"embeddable":true,"href":"https:\/\/www.europesays.com\/fr\/wp-json\/wp\/v2\/users\/2"}],"replies":[{"embeddable":true,"href":"https:\/\/www.europesays.com\/fr\/wp-json\/wp\/v2\/comments?post=502863"}],"version-history":[{"count":0,"href":"https:\/\/www.europesays.com\/fr\/wp-json\/wp\/v2\/posts\/502863\/revisions"}],"wp:featuredmedia":[{"embeddable":true,"href":"https:\/\/www.europesays.com\/fr\/wp-json\/wp\/v2\/media\/502864"}],"wp:attachment":[{"href":"https:\/\/www.europesays.com\/fr\/wp-json\/wp\/v2\/media?parent=502863"}],"wp:term":[{"taxonomy":"category","embeddable":true,"href":"https:\/\/www.europesays.com\/fr\/wp-json\/wp\/v2\/categories?post=502863"},{"taxonomy":"post_tag","embeddable":true,"href":"https:\/\/www.europesays.com\/fr\/wp-json\/wp\/v2\/tags?post=502863"}],"curies":[{"name":"wp","href":"https:\/\/api.w.org\/{rel}","templated":true}]}}