{"id":502868,"date":"2025-10-31T19:23:10","date_gmt":"2025-10-31T19:23:10","guid":{"rendered":"https:\/\/www.europesays.com\/fr\/502868\/"},"modified":"2025-10-31T19:23:10","modified_gmt":"2025-10-31T19:23:10","slug":"rencontre-avec-le-graffeur-cosmoh","status":"publish","type":"post","link":"https:\/\/www.europesays.com\/fr\/502868\/","title":{"rendered":"rencontre avec le graffeur Cosmoh"},"content":{"rendered":"<p>            Par<br \/>\n        <strong><br \/>\n            <a href=\"https:\/\/actu.fr\/auteur\/laredaction\" title=\"Consulter tous les articles de R\u00e9daction Normandie\" target=\"_blank\" rel=\"noopener\">R\u00e9daction Normandie<\/a><br \/>\n        <\/strong><\/p>\n<p>        Publi\u00e9 le<\/p>\n<p>            31 oct. 2025 \u00e0 20h20        <\/p>\n<p>Ses oeuvres color\u00e9es attirent l\u2019oeil. \u00c0 Rouen, le jeune graffeur Cosmoh fait son nid petit \u00e0 petit, et laisse son empreinte sur des murs parfois ternes, comme <a href=\"https:\/\/actu.fr\/normandie\/rouen_76540\/l-image-kylian-mbappe-mis-a-l-honneur-a-rouen-avec-ce-nouveau-graffiti_60988894.html\" target=\"_blank\" rel=\"noopener\">lorsqu\u2019il peint Mbapp\u00e9 au pied d\u2019un pont<\/a>. Rencontre avec un artiste passionn\u00e9.<\/p>\n<p>Du street-art pour \u00ab\u00a0interpeller et questionner\u00a0\u00bb<\/p>\n<p class=\" wall-content\">Passionn\u00e9 par le dessin depuis tout petit, Cosmoh s\u2019int\u00e9resse peu \u00e0 peu au monde des graffitis. Il va d\u2019abord se diriger <strong>vers les portraits<\/strong> dans le but d\u2019acqu\u00e9rir une certaine technique, pour la mettre \u00e0 profit dans son art, par la suite.<\/p>\n<p class=\" wall-content\">Et une id\u00e9e lui vient en t\u00eate : cr\u00e9er des graffs plus personnels, rendre l\u2019atmosph\u00e8re moins pesante et contrecarrer les normes.\u00a0\u00ab\u00a0\u00c0 travers mes r\u00e9alisations,<strong> je veux interpeller et questionner<\/strong> les passants\u00a0\u00bb, explique-t-il.\u00a0<\/p>\n<p>\u00ab\u00a0Un format gigantesque\u00a0\u00bb<\/p>\n<p class=\" wall-content\">Accompagn\u00e9 de ses pinceaux et rouleaux, il donne vie \u00e0 des personnages d\u00e9cal\u00e9s, aux textures vari\u00e9es. Son but : <strong>proposer quelque chose de diff\u00e9rent<\/strong> que le public n\u2019a pas l\u2019habitude de voir tous les jours.\u00a0<\/p>\n<blockquote class=\"ac-article-quote wall-content\">\n<p>Je propose seulement mes \u0153uvres. Apr\u00e8s, c\u2019est au public de se faire un avis.<\/p>\n<p>    <strong>Cosmoh<\/strong><br \/>\n        artiste \u00e0 Rouen    <\/p><\/blockquote>\n<p class=\" wall-content\">Pr\u00e8s du pont Jeanne-d\u2019Arc, sur les quais rive gauche, on peut voir l\u2019un de ses \u00ab\u00a0plus grands projets\u00a0\u00bb, selon ses dires. C\u2019est \u00e0 l\u2019occasion des 30 ans du collectif A31 qu\u2019il a \u00e9t\u00e9 invit\u00e9 \u00e0 r\u00e9aliser une fresque enti\u00e8re, \u00e0 sa mani\u00e8re.\u00a0<\/p>\n<p class=\" wall-content\">\u00ab\u00a0Cette fresque est <strong>un v\u00e9ritable honneur pour moi<\/strong>, un format gigantesque et visible par tous\u00a0\u00bb, nous confie-t-il avec gaiet\u00e9.\u00a0<\/p>\n<p>Votre r\u00e9gion, votre actu !<\/p>\n<p>Recevez chaque jour les infos qui comptent pour vous.<\/p>\n<p>\t<a href=\"https:\/\/actu.fr\/newsletter\" class=\"ac-btn ac-btn--corner ac-btn--medium ac-btn--blue800\" target=\"_blank\" rel=\"noopener\">S&rsquo;incrire<\/a><br \/>\nIl enseigne aussi sa passion<\/p>\n<p class=\" wall-content\">Depuis quelques ann\u00e9es, il propose \u00e9galement <strong>des ateliers aupr\u00e8s des centres de loisirs et associations.<\/strong> En g\u00e9n\u00e9ral, il initie les plus jeunes \u00e0 travers des temps d\u2019\u00e9change autour du monde des graffitis, avant de passer \u00e0 la pratique et de r\u00e9aliser la fresque sur les murs des locaux.\u00a0<\/p>\n<p class=\" wall-content\"><strong>Ivanna Razafindrazaka<\/strong><\/p>\n<p>Suivez son travail sur <a href=\"https:\/\/www.instagram.com\/cosmoh.graff?igsh=MWlpemxvYmthb3Bleg==\" target=\"_blank\" rel=\"noopener\">son compte Instagram<\/a> et sur <a href=\"https:\/\/cosmoh.e-monsite.com\/\" target=\"_blank\" rel=\"noopener\">son site internet<\/a>Suivez l\u2019actualit\u00e9 de Rouen <a href=\"https:\/\/www.whatsapp.com\/channel\/0029VaKfnf99hXF2ddApFB1D\" target=\"_blank\" rel=\"noopener\">sur notre cha\u00eene WhatsApp<\/a> et <a href=\"https:\/\/www.tiktok.com\/@76actu.fr?lang=fr\" target=\"_blank\" rel=\"noopener\">sur notre compte TikTok<\/a><\/p>\n<p class=\" wall-content\">Personnalisez votre actualit\u00e9 en ajoutant vos villes et m\u00e9dias en favori avec <a href=\"https:\/\/moncompte.actu.fr\" title=\"D\u00e9couvez Mon Actu\" rel=\"nofollow noopener\" data-trk=\"{&quot;cta&quot;:{&quot;action&quot;:&quot;https:\\\/\\\/moncompte.actu.fr&quot;,&quot;category&quot;:&quot;mon compte&quot;,&quot;from&quot;:&quot;article footer&quot;,&quot;name&quot;:&quot;Mon actu&quot;,&quot;type&quot;:&quot;cta&quot;}}\" target=\"_blank\">Mon Actu<\/a>.<\/p>\n<p>                    <script async src=\"\/\/www.instagram.com\/embed.js\"><\/script><script async src=\"\/\/www.tiktok.com\/embed.js\"><\/script><\/p>\n","protected":false},"excerpt":{"rendered":"Par R\u00e9daction Normandie Publi\u00e9 le 31 oct. 2025 \u00e0 20h20 Ses oeuvres color\u00e9es attirent l\u2019oeil. \u00c0 Rouen, le&hellip;\n","protected":false},"author":2,"featured_media":502869,"comment_status":"","ping_status":"","sticky":false,"template":"","format":"standard","meta":{"footnotes":""},"categories":[9587],"tags":[1111,11,1777,674,1011,27,1757,1652,12,5161,25,9590,7189],"class_list":{"0":"post-502868","1":"post","2":"type-post","3":"status-publish","4":"format-standard","5":"has-post-thumbnail","7":"category-rouen","8":"tag-actu","9":"tag-actualites","10":"tag-eu","11":"tag-europe","12":"tag-fr","13":"tag-france","14":"tag-insolite","15":"tag-loisirs-culture","16":"tag-news","17":"tag-normandie","18":"tag-republique-francaise","19":"tag-rouen","20":"tag-street-art"},"share_on_mastodon":{"url":"https:\/\/pubeurope.com\/@fr\/115470414882057261","error":""},"_links":{"self":[{"href":"https:\/\/www.europesays.com\/fr\/wp-json\/wp\/v2\/posts\/502868","targetHints":{"allow":["GET"]}}],"collection":[{"href":"https:\/\/www.europesays.com\/fr\/wp-json\/wp\/v2\/posts"}],"about":[{"href":"https:\/\/www.europesays.com\/fr\/wp-json\/wp\/v2\/types\/post"}],"author":[{"embeddable":true,"href":"https:\/\/www.europesays.com\/fr\/wp-json\/wp\/v2\/users\/2"}],"replies":[{"embeddable":true,"href":"https:\/\/www.europesays.com\/fr\/wp-json\/wp\/v2\/comments?post=502868"}],"version-history":[{"count":0,"href":"https:\/\/www.europesays.com\/fr\/wp-json\/wp\/v2\/posts\/502868\/revisions"}],"wp:featuredmedia":[{"embeddable":true,"href":"https:\/\/www.europesays.com\/fr\/wp-json\/wp\/v2\/media\/502869"}],"wp:attachment":[{"href":"https:\/\/www.europesays.com\/fr\/wp-json\/wp\/v2\/media?parent=502868"}],"wp:term":[{"taxonomy":"category","embeddable":true,"href":"https:\/\/www.europesays.com\/fr\/wp-json\/wp\/v2\/categories?post=502868"},{"taxonomy":"post_tag","embeddable":true,"href":"https:\/\/www.europesays.com\/fr\/wp-json\/wp\/v2\/tags?post=502868"}],"curies":[{"name":"wp","href":"https:\/\/api.w.org\/{rel}","templated":true}]}}