{"id":502872,"date":"2025-10-31T19:25:12","date_gmt":"2025-10-31T19:25:12","guid":{"rendered":"https:\/\/www.europesays.com\/fr\/502872\/"},"modified":"2025-10-31T19:25:12","modified_gmt":"2025-10-31T19:25:12","slug":"terrenoire-terrenoire-a-la-belle-electrique-le-7-novembre","status":"publish","type":"post","link":"https:\/\/www.europesays.com\/fr\/502872\/","title":{"rendered":"Terrenoire. Terrenoire \u00e0 la Belle \u00e9lectrique le 7\u00a0novembre"},"content":{"rendered":"<p>Apr\u00e8s avoir conquis le public grenoblois au Cabaret frapp\u00e9 2022, le duo st\u00e9phanois Terrenoire, Victoire de la musique la m\u00eame ann\u00e9e, viendra d\u00e9fendre Prot\u00e9g\u00e9.e , un nouvel album toujours ancr\u00e9 dans une chanson fran\u00e7aise \u00e0 la fois sombre et po\u00e9tique.<\/p>\n<p class=\"note\">Vendredi 7\u00a0novembre \u00e0 20\u00a0heures \u00e0 la Belle \u00e9lectrique, \u00e0 Grenoble. Tarifs\u00a0: \u00e0 partir de 24\u00a0\u20ac. Plus d\u2019infos et r\u00e9servation\u00a0: www.la-belle-electrique.com<\/p>\n","protected":false},"excerpt":{"rendered":"Apr\u00e8s avoir conquis le public grenoblois au Cabaret frapp\u00e9 2022, le duo st\u00e9phanois Terrenoire, Victoire de la musique&hellip;\n","protected":false},"author":2,"featured_media":502873,"comment_status":"","ping_status":"","sticky":false,"template":"","format":"standard","meta":{"footnotes":""},"categories":[9566],"tags":[1111,11,2430,1687,112,1777,674,1011,27,2731,2732,873,12,25],"class_list":{"0":"post-502872","1":"post","2":"type-post","3":"status-publish","4":"format-standard","5":"has-post-thumbnail","7":"category-grenoble","8":"tag-actu","9":"tag-actualites","10":"tag-auvergne-rhone-alpes","11":"tag-culture-loisirs","12":"tag-edition-grenoble-agglomeration","13":"tag-eu","14":"tag-europe","15":"tag-fr","16":"tag-france","17":"tag-grenoble","18":"tag-grenoble-bassin","19":"tag-musique","20":"tag-news","21":"tag-republique-francaise"},"share_on_mastodon":{"url":"https:\/\/pubeurope.com\/@fr\/115470422755109942","error":""},"_links":{"self":[{"href":"https:\/\/www.europesays.com\/fr\/wp-json\/wp\/v2\/posts\/502872","targetHints":{"allow":["GET"]}}],"collection":[{"href":"https:\/\/www.europesays.com\/fr\/wp-json\/wp\/v2\/posts"}],"about":[{"href":"https:\/\/www.europesays.com\/fr\/wp-json\/wp\/v2\/types\/post"}],"author":[{"embeddable":true,"href":"https:\/\/www.europesays.com\/fr\/wp-json\/wp\/v2\/users\/2"}],"replies":[{"embeddable":true,"href":"https:\/\/www.europesays.com\/fr\/wp-json\/wp\/v2\/comments?post=502872"}],"version-history":[{"count":0,"href":"https:\/\/www.europesays.com\/fr\/wp-json\/wp\/v2\/posts\/502872\/revisions"}],"wp:featuredmedia":[{"embeddable":true,"href":"https:\/\/www.europesays.com\/fr\/wp-json\/wp\/v2\/media\/502873"}],"wp:attachment":[{"href":"https:\/\/www.europesays.com\/fr\/wp-json\/wp\/v2\/media?parent=502872"}],"wp:term":[{"taxonomy":"category","embeddable":true,"href":"https:\/\/www.europesays.com\/fr\/wp-json\/wp\/v2\/categories?post=502872"},{"taxonomy":"post_tag","embeddable":true,"href":"https:\/\/www.europesays.com\/fr\/wp-json\/wp\/v2\/tags?post=502872"}],"curies":[{"name":"wp","href":"https:\/\/api.w.org\/{rel}","templated":true}]}}