{"id":502874,"date":"2025-10-31T19:26:19","date_gmt":"2025-10-31T19:26:19","guid":{"rendered":"https:\/\/www.europesays.com\/fr\/502874\/"},"modified":"2025-10-31T19:26:19","modified_gmt":"2025-10-31T19:26:19","slug":"la-foire-de-grenoble-debute-des-ce-week-end","status":"publish","type":"post","link":"https:\/\/www.europesays.com\/fr\/502874\/","title":{"rendered":"La Foire de Grenoble d\u00e9bute d\u00e8s ce week-end"},"content":{"rendered":"<p>Le samedi 1er novembre, ce sera l&rsquo;inauguration de la Foire de Grenoble \u00e0 Alpexpo. Cette ann\u00e9e, l&rsquo;\u00e9v\u00e9nement sera sur le th\u00e8me \u00ab\u00a0Vintage\u00a0\u00bb.<\/p>\n<p><b>Du 1er au 11 novembre 2025<\/b>, Alpexpo se transforme pour une \u00e9dition sp\u00e9ciale \u00ab\u00a0Vintage\u00a0\u00bb avec <b>la Foire de Grenoble<\/b> !<\/p>\n<p>Voici ce qu&rsquo;il ne faudra absolument pas manquer pour cette grande vitrine commerciale de l&rsquo;Is\u00e8re.<\/p>\n<p>Une Exposition \u00ab\u00a0Sixties, Pop et R\u00e9tro !\u00a0\u00bb<\/p>\n<p>L&rsquo;\u00e9dition 2025 de la Foire de Grenoble vous plonge dans l&rsquo;ambiance des ann\u00e9es 60 avec une exposition \u00e9v\u00e9nement in\u00e9dite de plus de 1000 m\u00b2.<\/p>\n<p>Au programme : sc\u00e8ne musicale y\u00e9-y\u00e9, design pop, culture et vie quotidienne de l&rsquo;\u00e9poque, avec des reconstitutions grandeur nature.<\/p>\n<p>Quatre Univers pour tous les Projets<\/p>\n<p>Avec 350 exposants r\u00e9partis sur 42.000 m\u00b2, la Foire est l&rsquo;endroit id\u00e9al pour d\u00e9couvrir, concr\u00e9tiser des projets et faire du shopping : Habitat &amp; D\u00e9co ;\u00a0Shopping ;\u00a0Gastronomie ;\u00a0Auto-Moto.<\/p>\n<p>Les Animations Pratiques et Familiales<\/p>\n<p><b>La Grande Roue :<\/b> acc\u00e8s gratuit pour tous les visiteurs pour admirer le site du haut de ses 40 m\u00e8tres.<br \/>\u00a0<\/p>\n<p><b>Jeux et D\u00e9tente :<\/b> un laser game de 150 m\u00b2, un espace de bornes d&rsquo;arcade et un coin enti\u00e8rement d\u00e9di\u00e9 au Scrabble.<br \/>\u00a0<\/p>\n<p><b>Market Vintage &amp; R\u00e9trogaming :<\/b> du 7 au 11 novembre, retrouvez plus de 50 exposants d&rsquo;objets d\u00e9co, mode, mobilier, jeux vid\u00e9o et articles musicaux des ann\u00e9es 40 aux ann\u00e9es 90.<br \/>\u00a0<\/p>\n<p><b>Pour les Petits :<\/b> des d\u00e9ambulations musicales et la pr\u00e9sence des mascottes pr\u00e9f\u00e9r\u00e9es des enfants (Pat Patrouille, Mickey, Pikachu&#8230;) plusieurs jours.<\/p>\n<p>Infos Pratiques<\/p>\n<p><b>Lieu :<\/b> Alpexpo, 2 Avenue d&rsquo;Innsbruck, 38100 Grenoble.<\/p>\n<p><b>Dates :<\/b> Du samedi 1er au mardi 11 novembre 2025.<br \/><b>Tarifs :<\/b> 7 euros sur place.<\/p>\n<p>Tout le programme sur la Foire de Grenoble 2025 <a class=\"url\" href=\"https:\/\/foiredegrenoble.com\/\" target=\"_blank\" rel=\"nofollow noopener\">\u00e0 retrouver en ligne<\/a>.<\/p>\n<p><img loading=\"lazy\" decoding=\"async\" src=\"https:\/\/www.europesays.com\/fr\/wp-content\/uploads\/2025\/10\/1761938779_179_img\" width=\"350\" height=\"200\" border=\"0\" title=\"La Maison S\u00c3\u0088VE \u00c3\u00a0 Lyon\"\/><\/p>\n<p>\u25baConso<\/p>\n<p style=\"font-size: 22px;\"><b>L&rsquo;un des meilleurs chocolatiers du monde se trouve en Auvergne-Rh\u00f4ne-Alpes<\/b><\/p>\n<p>Bas\u00e9e \u00e0 Lyon, la Maison S\u00e8ve a \u00e9t\u00e9 r\u00e9compens\u00e9e&#8230;<\/p>\n<p><\/p>\n","protected":false},"excerpt":{"rendered":"Le samedi 1er novembre, ce sera l&rsquo;inauguration de la Foire de Grenoble \u00e0 Alpexpo. Cette ann\u00e9e, l&rsquo;\u00e9v\u00e9nement sera&hellip;\n","protected":false},"author":2,"featured_media":502875,"comment_status":"","ping_status":"","sticky":false,"template":"","format":"standard","meta":{"footnotes":""},"categories":[9566],"tags":[6818,1111,11,11075,2430,1777,674,62486,1011,27,2731,15583,12,25],"class_list":{"0":"post-502874","1":"post","2":"type-post","3":"status-publish","4":"format-standard","5":"has-post-thumbnail","7":"category-grenoble","8":"tag-dition","9":"tag-actu","10":"tag-actualites","11":"tag-alpexpo","12":"tag-auvergne-rhone-alpes","13":"tag-eu","14":"tag-europe","15":"tag-foire-de-grenoble","16":"tag-fr","17":"tag-france","18":"tag-grenoble","19":"tag-isre","20":"tag-news","21":"tag-republique-francaise"},"share_on_mastodon":{"url":"https:\/\/pubeurope.com\/@fr\/115470427726465594","error":""},"_links":{"self":[{"href":"https:\/\/www.europesays.com\/fr\/wp-json\/wp\/v2\/posts\/502874","targetHints":{"allow":["GET"]}}],"collection":[{"href":"https:\/\/www.europesays.com\/fr\/wp-json\/wp\/v2\/posts"}],"about":[{"href":"https:\/\/www.europesays.com\/fr\/wp-json\/wp\/v2\/types\/post"}],"author":[{"embeddable":true,"href":"https:\/\/www.europesays.com\/fr\/wp-json\/wp\/v2\/users\/2"}],"replies":[{"embeddable":true,"href":"https:\/\/www.europesays.com\/fr\/wp-json\/wp\/v2\/comments?post=502874"}],"version-history":[{"count":0,"href":"https:\/\/www.europesays.com\/fr\/wp-json\/wp\/v2\/posts\/502874\/revisions"}],"wp:featuredmedia":[{"embeddable":true,"href":"https:\/\/www.europesays.com\/fr\/wp-json\/wp\/v2\/media\/502875"}],"wp:attachment":[{"href":"https:\/\/www.europesays.com\/fr\/wp-json\/wp\/v2\/media?parent=502874"}],"wp:term":[{"taxonomy":"category","embeddable":true,"href":"https:\/\/www.europesays.com\/fr\/wp-json\/wp\/v2\/categories?post=502874"},{"taxonomy":"post_tag","embeddable":true,"href":"https:\/\/www.europesays.com\/fr\/wp-json\/wp\/v2\/tags?post=502874"}],"curies":[{"name":"wp","href":"https:\/\/api.w.org\/{rel}","templated":true}]}}