{"id":502879,"date":"2025-10-31T19:29:12","date_gmt":"2025-10-31T19:29:12","guid":{"rendered":"https:\/\/www.europesays.com\/fr\/502879\/"},"modified":"2025-10-31T19:29:12","modified_gmt":"2025-10-31T19:29:12","slug":"alsace-allemagne-ou-france-qui-doit-indemniser-les-orphelins-dincorpores-de-force","status":"publish","type":"post","link":"https:\/\/www.europesays.com\/fr\/502879\/","title":{"rendered":"Alsace. Allemagne ou France, qui doit indemniser les orphelins d\u2019incorpor\u00e9s de force\u00a0?"},"content":{"rendered":"<p>Mercredi dernier, en commission de la D\u00e9fense, un amendement pr\u00e9sent\u00e9 par le d\u00e9put\u00e9 de la 2e circonscription du Bas-Rhin, Emmanuel Fernandes (LFI), a \u00e9t\u00e9 adopt\u00e9 pour avis et sera par la suite examin\u00e9 en commission des finances. Cette demande, <a href=\"https:\/\/www.dna.fr\/defense-guerre-conflit\/2024\/11\/02\/indemnisations-des-orphelins-de-guerre-le-depute-fernandes-maintient-la-pression\" target=\"_blank\" rel=\"noopener\">qui n\u2019est pas nouvelle<\/a> , vise \u00e0 octroyer une indemnisation aux orphelins d\u2019incorpor\u00e9s de force.<\/p>\n<p>Le parlementaire, qui parle \u00ab\u00a0d\u2019injustice m\u00e9morielle\u00a0\u00bb, souhaite ainsi \u00e9largir le champ d\u2019application de deux pr\u00e9c\u00e9dents d\u00e9crets,&#8230;<\/p>\n","protected":false},"excerpt":{"rendered":"Mercredi dernier, en commission de la D\u00e9fense, un amendement pr\u00e9sent\u00e9 par le d\u00e9put\u00e9 de la 2e circonscription du&hellip;\n","protected":false},"author":2,"featured_media":502880,"comment_status":"","ping_status":"","sticky":false,"template":"","format":"standard","meta":{"footnotes":""},"categories":[2820],"tags":[1111,11,672,2389,3206,1777,674,107,1011,27,329,775,12,25,640],"class_list":{"0":"post-502879","1":"post","2":"type-post","3":"status-publish","4":"format-standard","5":"has-post-thumbnail","7":"category-strasbourg","8":"tag-actu","9":"tag-actualites","10":"tag-allemagne","11":"tag-alsace","12":"tag-defense-guerre-conflit","13":"tag-eu","14":"tag-europe","15":"tag-fil-info","16":"tag-fr","17":"tag-france","18":"tag-france-monde","19":"tag-grand-est","20":"tag-news","21":"tag-republique-francaise","22":"tag-strasbourg"},"share_on_mastodon":{"url":"https:\/\/pubeurope.com\/@fr\/115470438550352776","error":""},"_links":{"self":[{"href":"https:\/\/www.europesays.com\/fr\/wp-json\/wp\/v2\/posts\/502879","targetHints":{"allow":["GET"]}}],"collection":[{"href":"https:\/\/www.europesays.com\/fr\/wp-json\/wp\/v2\/posts"}],"about":[{"href":"https:\/\/www.europesays.com\/fr\/wp-json\/wp\/v2\/types\/post"}],"author":[{"embeddable":true,"href":"https:\/\/www.europesays.com\/fr\/wp-json\/wp\/v2\/users\/2"}],"replies":[{"embeddable":true,"href":"https:\/\/www.europesays.com\/fr\/wp-json\/wp\/v2\/comments?post=502879"}],"version-history":[{"count":0,"href":"https:\/\/www.europesays.com\/fr\/wp-json\/wp\/v2\/posts\/502879\/revisions"}],"wp:featuredmedia":[{"embeddable":true,"href":"https:\/\/www.europesays.com\/fr\/wp-json\/wp\/v2\/media\/502880"}],"wp:attachment":[{"href":"https:\/\/www.europesays.com\/fr\/wp-json\/wp\/v2\/media?parent=502879"}],"wp:term":[{"taxonomy":"category","embeddable":true,"href":"https:\/\/www.europesays.com\/fr\/wp-json\/wp\/v2\/categories?post=502879"},{"taxonomy":"post_tag","embeddable":true,"href":"https:\/\/www.europesays.com\/fr\/wp-json\/wp\/v2\/tags?post=502879"}],"curies":[{"name":"wp","href":"https:\/\/api.w.org\/{rel}","templated":true}]}}