{"id":502881,"date":"2025-10-31T19:30:20","date_gmt":"2025-10-31T19:30:20","guid":{"rendered":"https:\/\/www.europesays.com\/fr\/502881\/"},"modified":"2025-10-31T19:30:20","modified_gmt":"2025-10-31T19:30:20","slug":"rennes-strasbourg-absents-a-toulouse-fofana-et-blas-vers-un-retour","status":"publish","type":"post","link":"https:\/\/www.europesays.com\/fr\/502881\/","title":{"rendered":"Rennes &#8211; Strasbourg\u00a0: absents \u00e0 Toulouse, Fofana et Blas vers un retour\u00a0?"},"content":{"rendered":"<p>L1 (10e journ\u00e9e). Stade Rennais &#8211; Strasbourg, dimanche (15 h)<\/p>\n<p>Si Nordan Muki\u00e9l\u00e9 est forfait, Habib Beye a indiqu\u00e9, ce vendredi en conf\u00e9rence de presse, conna\u00eetre \u00ab un peu de casse sur des contacts \u00bb dans son effectif. Mais, a priori, aucun joueur ne devrait manquer \u00e0 l\u2019appel dimanche. Reste \u00e0 savoir si Fofana et Blas, hors du groupe \u00e0 Toulouse seront r\u00e9int\u00e9gr\u00e9s.<\/p>\n<p>\u00ab D\u00e9j\u00e0, r\u00e9int\u00e9grer, non. Ils n\u2019ont jamais quitt\u00e9 l\u2019entra\u00eenement, ils n\u2019ont juste pas \u00e9t\u00e9 dans le groupe \u00e0 Toulouse. J\u2019ai expliqu\u00e9 pourquoi. L\u00e0, ils sont \u00e0 l\u2019entra\u00eenement, tout le monde s\u2019est bien entra\u00een\u00e9. Il en reste un demain, o\u00f9 il faudra \u00eatre comp\u00e9titifs et le plus investi possible et on prendra les d\u00e9cisions \u00e0 ce moment-l\u00e0 \u00bb, a-t-il not\u00e9, avant d\u2019appuyer : \u00ab Quand j\u2019estime que c\u2019est une logique d\u2019investissement, j\u2019attends un meilleur investissement. \u00bb Le coach pourrait avoir besoin de ces deux cadres pour mettre fin \u00e0 une s\u00e9rie de six matchs sans victoire (5 n, 1 d).<\/p>\n<p class=\"tech\"><strong class=\"tech\">L\u2019\u00e9quipe probable<\/strong> : Samba &#8211; <a href=\"https:\/\/www.letelegramme.fr\/sports\/football\/une-tribune-en-sursis-au-moustoir-les-brestois-interdits-de-deplacement-ait-boudlal-suspendu-la-commission-de-la-lfp-a-rendu-son-verdict-6919440.php\" target=\"_blank\" rel=\"nofollow noopener\">A\u00eft-Boudlal<\/a>, Jacquet, Brassier (ou Rouault) &#8211; Frankowski, M. Camara, Rongier (cap.), Dj. Ciss\u00e9, Merlin &#8211; Me\u00eft\u00e9, Lepaul. Entra\u00eeneur : Habib Beye.<\/p>\n","protected":false},"excerpt":{"rendered":"L1 (10e journ\u00e9e). Stade Rennais &#8211; Strasbourg, dimanche (15 h) Si Nordan Muki\u00e9l\u00e9 est forfait, Habib Beye a&hellip;\n","protected":false},"author":2,"featured_media":502882,"comment_status":"","ping_status":"","sticky":false,"template":"","format":"standard","meta":{"footnotes":""},"categories":[2820],"tags":[1111,11,3166,1777,674,1011,27,775,66,12,25,60,3087,640],"class_list":{"0":"post-502881","1":"post","2":"type-post","3":"status-publish","4":"format-standard","5":"has-post-thumbnail","7":"category-strasbourg","8":"tag-actu","9":"tag-actualites","10":"tag-en-continu-sports","11":"tag-eu","12":"tag-europe","13":"tag-fr","14":"tag-france","15":"tag-grand-est","16":"tag-ligue-1","17":"tag-news","18":"tag-republique-francaise","19":"tag-sports","20":"tag-stade-rennais","21":"tag-strasbourg"},"share_on_mastodon":{"url":"https:\/\/pubeurope.com\/@fr\/115470442391736963","error":""},"_links":{"self":[{"href":"https:\/\/www.europesays.com\/fr\/wp-json\/wp\/v2\/posts\/502881","targetHints":{"allow":["GET"]}}],"collection":[{"href":"https:\/\/www.europesays.com\/fr\/wp-json\/wp\/v2\/posts"}],"about":[{"href":"https:\/\/www.europesays.com\/fr\/wp-json\/wp\/v2\/types\/post"}],"author":[{"embeddable":true,"href":"https:\/\/www.europesays.com\/fr\/wp-json\/wp\/v2\/users\/2"}],"replies":[{"embeddable":true,"href":"https:\/\/www.europesays.com\/fr\/wp-json\/wp\/v2\/comments?post=502881"}],"version-history":[{"count":0,"href":"https:\/\/www.europesays.com\/fr\/wp-json\/wp\/v2\/posts\/502881\/revisions"}],"wp:featuredmedia":[{"embeddable":true,"href":"https:\/\/www.europesays.com\/fr\/wp-json\/wp\/v2\/media\/502882"}],"wp:attachment":[{"href":"https:\/\/www.europesays.com\/fr\/wp-json\/wp\/v2\/media?parent=502881"}],"wp:term":[{"taxonomy":"category","embeddable":true,"href":"https:\/\/www.europesays.com\/fr\/wp-json\/wp\/v2\/categories?post=502881"},{"taxonomy":"post_tag","embeddable":true,"href":"https:\/\/www.europesays.com\/fr\/wp-json\/wp\/v2\/tags?post=502881"}],"curies":[{"name":"wp","href":"https:\/\/api.w.org\/{rel}","templated":true}]}}