{"id":502899,"date":"2025-10-31T19:39:49","date_gmt":"2025-10-31T19:39:49","guid":{"rendered":"https:\/\/www.europesays.com\/fr\/502899\/"},"modified":"2025-10-31T19:39:49","modified_gmt":"2025-10-31T19:39:49","slug":"la-gerante-dun-salon-de-massage-pres-de-lille-devant-la-justice-pour-des-activites-de","status":"publish","type":"post","link":"https:\/\/www.europesays.com\/fr\/502899\/","title":{"rendered":"La g\u00e9rante d\u2019un salon de massage pr\u00e8s de Lille devant la justice pour des activit\u00e9s de"},"content":{"rendered":"<p>Suspect\u00e9e d\u2019avoir organis\u00e9 et particip\u00e9 \u00e0 des activit\u00e9s de prostitution, une femme de 51\u00a0ans a \u00e9t\u00e9 jug\u00e9e par le tribunal judiciaire de Lille, jeudi 23\u00a0octobre 2025. Les faits reproch\u00e9s avaient lieu dans le\u00a0salon de massage de la pr\u00e9venue, \u00e0 Marcq-en-Bar\u0153ul, rapporte  <a href=\"https:\/\/actu.fr\/hauts-de-france\/marcq-en-baroeul_59378\/la-gerante-dun-salon-de-massage-jugee-a-lille-pour-y-avoir-organise-et-exerce-des-activites-de-prostitution_63353467.html\" target=\"_blank\" rel=\"nofollow noopener\">Lille actu<\/a> .\u00a0<\/p>\n<p>L\u2019affaire a \u00e9clat\u00e9 apr\u00e8s l\u2019envoi de plusieurs lettres anonymes. Des femmes se plaignaient des d\u00e9penses inhabituelles de leur\u00a0\u00e9poux au salon de la quinquag\u00e9naire. Rapidement, les forces de l\u2019ordre, post\u00e9es devant le commerce, ont pu interpeller\u00a0plusieurs clients. Certains ont reconnu avoir pay\u00e9 pour\u00a0recevoir des prestations sexuelles.<\/p>\n<p>8\u00a0mois de prison avec sursis<\/p>\n<p>La g\u00e9rante laissait \u00e9galement des annonces sur des sites connus pour accueillir de la publicit\u00e9 pour de la prostitution. L\u2019une des employ\u00e9es a reconnu les faits avant d\u2019\u00eatre licenci\u00e9e par la patronne. Lors d\u2019une perquisition,\u00a06 665\u00a0\u20ac en liquide\u00a0ont \u00e9t\u00e9 retrouv\u00e9s au domicile de la pr\u00e9venue et dans le salon.<\/p>\n<p>Malgr\u00e9 les preuves existantes, parmi lesquelles des enregistrements t\u00e9l\u00e9phoniques, la quinquag\u00e9naire a ni\u00e9 les faits.\u00a0La procureure a requis la saisie de l\u2019argent retrouv\u00e9, en plus de 3\u00a0000\u00a0\u20ac d\u2019amende, ainsi que la relaxe pour les faits de blanchiment d\u2019argent. Elle demande \u00e9galement 8\u00a0mois de prison avec sursis et sugg\u00e8re une OQTF. De son c\u00f4t\u00e9, l\u2019avocate de la d\u00e9fense a demand\u00e9\u00a0la relaxe et l\u2019abandon de l\u2019OQTF. Le tribunal rendra sa d\u00e9cision\u00a0le 6\u00a0novembre 2025.\u00a0<\/p>\n<p>Pour en savoir plus\u00a0:\u00a0lire l\u2019article de\u00a0 <a href=\"https:\/\/actu.fr\/hauts-de-france\/marcq-en-baroeul_59378\/la-gerante-dun-salon-de-massage-jugee-a-lille-pour-y-avoir-organise-et-exerce-des-activites-de-prostitution_63353467.html\" target=\"_blank\" rel=\"nofollow noopener\">Lille actu<\/a>.\u00a0<\/p>\n<p>\u00a0<\/p>\n","protected":false},"excerpt":{"rendered":"Suspect\u00e9e d\u2019avoir organis\u00e9 et particip\u00e9 \u00e0 des activit\u00e9s de prostitution, une femme de 51\u00a0ans a \u00e9t\u00e9 jug\u00e9e par&hellip;\n","protected":false},"author":2,"featured_media":502900,"comment_status":"","ping_status":"","sticky":false,"template":"","format":"standard","meta":{"footnotes":""},"categories":[2815],"tags":[9835,1111,11,1777,674,1011,27,49563,811,303,1307,23889,12,3762,2899,25,6290],"class_list":{"0":"post-502899","1":"post","2":"type-post","3":"status-publish","4":"format-standard","5":"has-post-thumbnail","7":"category-lille","8":"tag-activites","9":"tag-actu","10":"tag-actualites","11":"tag-eu","12":"tag-europe","13":"tag-fr","14":"tag-france","15":"tag-gerante","16":"tag-hauts-de-france","17":"tag-justice","18":"tag-lille","19":"tag-massage","20":"tag-news","21":"tag-pres","22":"tag-prostitution","23":"tag-republique-francaise","24":"tag-salon"},"share_on_mastodon":{"url":"https:\/\/pubeurope.com\/@fr\/115470481823862064","error":""},"_links":{"self":[{"href":"https:\/\/www.europesays.com\/fr\/wp-json\/wp\/v2\/posts\/502899","targetHints":{"allow":["GET"]}}],"collection":[{"href":"https:\/\/www.europesays.com\/fr\/wp-json\/wp\/v2\/posts"}],"about":[{"href":"https:\/\/www.europesays.com\/fr\/wp-json\/wp\/v2\/types\/post"}],"author":[{"embeddable":true,"href":"https:\/\/www.europesays.com\/fr\/wp-json\/wp\/v2\/users\/2"}],"replies":[{"embeddable":true,"href":"https:\/\/www.europesays.com\/fr\/wp-json\/wp\/v2\/comments?post=502899"}],"version-history":[{"count":0,"href":"https:\/\/www.europesays.com\/fr\/wp-json\/wp\/v2\/posts\/502899\/revisions"}],"wp:featuredmedia":[{"embeddable":true,"href":"https:\/\/www.europesays.com\/fr\/wp-json\/wp\/v2\/media\/502900"}],"wp:attachment":[{"href":"https:\/\/www.europesays.com\/fr\/wp-json\/wp\/v2\/media?parent=502899"}],"wp:term":[{"taxonomy":"category","embeddable":true,"href":"https:\/\/www.europesays.com\/fr\/wp-json\/wp\/v2\/categories?post=502899"},{"taxonomy":"post_tag","embeddable":true,"href":"https:\/\/www.europesays.com\/fr\/wp-json\/wp\/v2\/tags?post=502899"}],"curies":[{"name":"wp","href":"https:\/\/api.w.org\/{rel}","templated":true}]}}