{"id":502903,"date":"2025-10-31T19:41:12","date_gmt":"2025-10-31T19:41:12","guid":{"rendered":"https:\/\/www.europesays.com\/fr\/502903\/"},"modified":"2025-10-31T19:41:12","modified_gmt":"2025-10-31T19:41:12","slug":"le-vent-possible-vecteur-de-pollution-pour-les-habitants","status":"publish","type":"post","link":"https:\/\/www.europesays.com\/fr\/502903\/","title":{"rendered":"le vent, possible vecteur de pollution pour les habitants ?"},"content":{"rendered":"<p>Des ouvriers habill\u00e9s comme des astronautes, des engins de chantier dernier cri, et des m\u00e9diateurs de <a href=\"https:\/\/www.laprovence.com\/article\/region\/2033598517838615\/taux-demoniaques-de-plomb-et-darsenic-dans-les-calanques-de-marseille-les-collectivites-devant-la-justice\" target=\"_blank\" rel=\"noopener\">l\u2019Agence de la transition \u00e9cologique<\/a> (Ademe) qui veulent rassurer. Quinze jours apr\u00e8s <a href=\"https:\/\/www.laprovence.com\/article\/region\/1383655755313414\/depollution-des-calanques-de-marseille-premiers-coups-de-pelle-dun-chantier-qui-peut-reserver-des-imprevus\" target=\"_blank\" rel=\"noopener\">le d\u00e9but du chantier de d\u00e9pollution des Calanques<\/a> \u00e0 Sam\u00e9na (8e), qui faisaient craindre aux habitants \u00ab\u00a0des nuages de poussi\u00e8res toxiques\u00a0\u00bb \u00e0 cause du mistral, l\u2019Ademe a pr\u00e9sent\u00e9 les derni\u00e8res \u00ab\u00a0actualit\u00e9s\u00a0\u00bb autour de ces travaux XXL.<\/p>\n<p>Chantier \u00e0 Sam\u00e9na, stockage \u00e0 l\u2019Escalette et confinement des mati\u00e8res toxiques aux Goudes<\/p>\n<p>Face au camion \u00ab\u00a0aspirateur\u00a0\u00bb qui doit pomper les 20 d\u00e9p\u00f4ts de scories responsables de la <a href=\"https:\/\/www.laprovence.com\/article\/region\/76461495983052\/une-enveloppe-de-14-millions-pour-la-depollution-du-littoral-sud-de-marseille\" target=\"_blank\" rel=\"noopener\">contamination aux m\u00e9taux lourds des Calanques <\/a>de Marseille, Lucie, une habitante, \u00ab\u00a0se marre gentiment\u00a0\u00bb.<\/p>\n<p>Et pour cause, le chantier est temporairement ferm\u00e9 pour cause de mistral. Le vent du nord, qui souffle parfois jusqu\u2019\u00e0 plus de 100 kilom\u00e8tres par heure \u00e0 Marseille, a forc\u00e9 les ouvriers \u00e0 cesser leurs activit\u00e9s, qui consistent \u00e0 excaver la roche contamin\u00e9e pour l\u2019aspirer avec cet immense camion \u00e9quip\u00e9 d\u2019une pompe avant qu\u2019elle ne se propage dans les airs.<\/p>\n<p>\u00ab\u00a0L\u2019Ademe nous a dit qu\u2019elle tablait sur 80 jours de mistral par an durant ce chantier. Mais les Goudois se font &lsquo;cartonner&rsquo; 120 jours par an p&#8230;<\/p>\n","protected":false},"excerpt":{"rendered":"Des ouvriers habill\u00e9s comme des astronautes, des engins de chantier dernier cri, et des m\u00e9diateurs de l\u2019Agence de&hellip;\n","protected":false},"author":2,"featured_media":502904,"comment_status":"","ping_status":"","sticky":false,"template":"","format":"standard","meta":{"footnotes":""},"categories":[2814],"tags":[17,1111,11,1102,1182,36778,154,436,1777,674,1011,27,884,12,2037,882,25,62488,7919],"class_list":{"0":"post-502903","1":"post","2":"type-post","3":"status-publish","4":"format-standard","5":"has-post-thumbnail","7":"category-marseille","8":"tag-17","9":"tag-actu","10":"tag-actualites","11":"tag-breakingnews","12":"tag-calanques","13":"tag-depollution","14":"tag-des","15":"tag-environnement","16":"tag-eu","17":"tag-europe","18":"tag-fr","19":"tag-france","20":"tag-marseille","21":"tag-news","22":"tag-possible","23":"tag-provence-alpes-cote-dazur","24":"tag-republique-francaise","25":"tag-vecteur","26":"tag-vent"},"share_on_mastodon":{"url":"https:\/\/pubeurope.com\/@fr\/115470485739539084","error":""},"_links":{"self":[{"href":"https:\/\/www.europesays.com\/fr\/wp-json\/wp\/v2\/posts\/502903","targetHints":{"allow":["GET"]}}],"collection":[{"href":"https:\/\/www.europesays.com\/fr\/wp-json\/wp\/v2\/posts"}],"about":[{"href":"https:\/\/www.europesays.com\/fr\/wp-json\/wp\/v2\/types\/post"}],"author":[{"embeddable":true,"href":"https:\/\/www.europesays.com\/fr\/wp-json\/wp\/v2\/users\/2"}],"replies":[{"embeddable":true,"href":"https:\/\/www.europesays.com\/fr\/wp-json\/wp\/v2\/comments?post=502903"}],"version-history":[{"count":0,"href":"https:\/\/www.europesays.com\/fr\/wp-json\/wp\/v2\/posts\/502903\/revisions"}],"wp:featuredmedia":[{"embeddable":true,"href":"https:\/\/www.europesays.com\/fr\/wp-json\/wp\/v2\/media\/502904"}],"wp:attachment":[{"href":"https:\/\/www.europesays.com\/fr\/wp-json\/wp\/v2\/media?parent=502903"}],"wp:term":[{"taxonomy":"category","embeddable":true,"href":"https:\/\/www.europesays.com\/fr\/wp-json\/wp\/v2\/categories?post=502903"},{"taxonomy":"post_tag","embeddable":true,"href":"https:\/\/www.europesays.com\/fr\/wp-json\/wp\/v2\/tags?post=502903"}],"curies":[{"name":"wp","href":"https:\/\/api.w.org\/{rel}","templated":true}]}}