{"id":502905,"date":"2025-10-31T19:42:18","date_gmt":"2025-10-31T19:42:18","guid":{"rendered":"https:\/\/www.europesays.com\/fr\/502905\/"},"modified":"2025-10-31T19:42:18","modified_gmt":"2025-10-31T19:42:18","slug":"les-supporters-de-lolympique-de-marseille-interdits-de-deplacement-a-auxerre","status":"publish","type":"post","link":"https:\/\/www.europesays.com\/fr\/502905\/","title":{"rendered":"les supporters de l&rsquo;Olympique de Marseille interdits de d\u00e9placement \u00e0 Auxerre"},"content":{"rendered":"<p>\n    La Pr\u00e9fecture de l\u2019Yonne et le minist\u00e8re de l\u2019Int\u00e9rieur ont fait deux arr\u00eat\u00e9s contre le d\u00e9placement des supporters marseillais \u00e0 Auxerre samedi.<\/p>\n<p class=\"fig-paragraph\">Les supporters de l&rsquo;Olympique de Marseille sont interdits de d\u00e9placement samedi \u00e0 Auxerre \u00e0 l&rsquo;occasion du match AJA-OM de\u00a0<a href=\"https:\/\/www.lefigaro.fr\/sports\/football\/ligue-1\/calendrier-resultats?journee=11\" target=\"_blank\" rel=\"sponsored noopener\" data-gtm-custom-categorie=\"navigation\" data-gtm-custom-action=\"crossclick\" data-gtm-custom-label=\"Contextuel\" data-gtm-event=\"customEventSPE\">la 11e journ\u00e9e de Ligue 1<\/a>\u00a0par deux arr\u00eat\u00e9s, de la Pr\u00e9fecture de l&rsquo;Yonne et du minist\u00e8re de l&rsquo;Int\u00e9rieur.<\/p>\n<p class=\"fig-paragraph\">Cette mesure d&rsquo;interdiction est motiv\u00e9e \u00abpar un contentieux important\u00bb entre les groupes de supporters ultras des deux \u00e9quipes depuis les deux derniers d\u00e9placements de supporters marseillais \u00e0 Auxerre, le 3 septembre 2022 et le 3 f\u00e9vrier 2025\u00ab, pr\u00e9cise la pr\u00e9fecture de l&rsquo;Yonne.<\/p>\n<p>                                    <a class=\"fig-a11y-skip a11y-hidden\" href=\"#fig-a11y-skip-main-inarticle\"><br \/>\n        Passer la publicit\u00e9<br \/>\n    <\/a><\/p>\n<p class=\"fig-paragraph\">Les effectifs de police ont \u00e9t\u00e9 renforc\u00e9s autour de l&rsquo;\u00e9v\u00e9nement qui est class\u00e9 4 sur 5 selon le bar\u00e8me de la Division nationale de lutte contre le hooliganisme (DNLH) \u00abcorrespondant \u00e0 des risques av\u00e9r\u00e9s de troubles \u00e0 l&rsquo;ordre public li\u00e9s \u00e0 un contentieux chronique entre supporters ou \u00e0 la pr\u00e9sence av\u00e9r\u00e9e de supporters \u00e0 risques\u00bb, selon cet arr\u00eat\u00e9.<\/p>\n<p class=\"fig-paragraph\">Les autorit\u00e9s craignaient aussi la pr\u00e9sence de hooligans parisiens pouvant se d\u00e9placer pour cette rencontre. Par ailleurs, toujours selon ce texte, la pr\u00e9sence de toute personne se pr\u00e9valant de la qualit\u00e9 de supporter de l&rsquo;OM est interdite sur le territoire de la commune d&rsquo;Auxerre plus particuli\u00e8rement en centre-ville et aux abords du stade Abb\u00e9-Deschamps du samedi 1er novembre (6H00) au dimanche 2 novembre (3H00).<\/p>\n","protected":false},"excerpt":{"rendered":"La Pr\u00e9fecture de l\u2019Yonne et le minist\u00e8re de l\u2019Int\u00e9rieur ont fait deux arr\u00eat\u00e9s contre le d\u00e9placement des supporters&hellip;\n","protected":false},"author":2,"featured_media":502906,"comment_status":"","ping_status":"","sticky":false,"template":"","format":"standard","meta":{"footnotes":""},"categories":[2814],"tags":[1111,11,4428,1777,674,1011,27,884,12,1176,882,25],"class_list":{"0":"post-502905","1":"post","2":"type-post","3":"status-publish","4":"format-standard","5":"has-post-thumbnail","7":"category-marseille","8":"tag-actu","9":"tag-actualites","10":"tag-aj-auxerre","11":"tag-eu","12":"tag-europe","13":"tag-fr","14":"tag-france","15":"tag-marseille","16":"tag-news","17":"tag-olympique-de-marseille","18":"tag-provence-alpes-cote-dazur","19":"tag-republique-francaise"},"share_on_mastodon":{"url":"https:\/\/pubeurope.com\/@fr\/115470489668145913","error":""},"_links":{"self":[{"href":"https:\/\/www.europesays.com\/fr\/wp-json\/wp\/v2\/posts\/502905","targetHints":{"allow":["GET"]}}],"collection":[{"href":"https:\/\/www.europesays.com\/fr\/wp-json\/wp\/v2\/posts"}],"about":[{"href":"https:\/\/www.europesays.com\/fr\/wp-json\/wp\/v2\/types\/post"}],"author":[{"embeddable":true,"href":"https:\/\/www.europesays.com\/fr\/wp-json\/wp\/v2\/users\/2"}],"replies":[{"embeddable":true,"href":"https:\/\/www.europesays.com\/fr\/wp-json\/wp\/v2\/comments?post=502905"}],"version-history":[{"count":0,"href":"https:\/\/www.europesays.com\/fr\/wp-json\/wp\/v2\/posts\/502905\/revisions"}],"wp:featuredmedia":[{"embeddable":true,"href":"https:\/\/www.europesays.com\/fr\/wp-json\/wp\/v2\/media\/502906"}],"wp:attachment":[{"href":"https:\/\/www.europesays.com\/fr\/wp-json\/wp\/v2\/media?parent=502905"}],"wp:term":[{"taxonomy":"category","embeddable":true,"href":"https:\/\/www.europesays.com\/fr\/wp-json\/wp\/v2\/categories?post=502905"},{"taxonomy":"post_tag","embeddable":true,"href":"https:\/\/www.europesays.com\/fr\/wp-json\/wp\/v2\/tags?post=502905"}],"curies":[{"name":"wp","href":"https:\/\/api.w.org\/{rel}","templated":true}]}}