{"id":502913,"date":"2025-10-31T19:47:13","date_gmt":"2025-10-31T19:47:13","guid":{"rendered":"https:\/\/www.europesays.com\/fr\/502913\/"},"modified":"2025-10-31T19:47:13","modified_gmt":"2025-10-31T19:47:13","slug":"de-deux-a-quatre-ans-de-prison-contre-quatre-bulgares","status":"publish","type":"post","link":"https:\/\/www.europesays.com\/fr\/502913\/","title":{"rendered":"de deux \u00e0 quatre ans de prison contre quatre Bulgares"},"content":{"rendered":"<p>            Par<br \/>\n        <strong><br \/>\n            <a href=\"https:\/\/actu.fr\/auteur\/thomas-martin\" title=\"Consulter tous les articles de Thomas Martin\" target=\"_blank\" rel=\"noopener\">Thomas Martin<\/a><br \/>\n        <\/strong><\/p>\n<p>        Publi\u00e9 le<\/p>\n<p>            31 oct. 2025 \u00e0 20h04        <\/p>\n<p><a href=\"https:\/\/actu.fr\/ile-de-france\/paris_75056\/mains-rouges-taguees-sur-le-memorial-de-la-shoah-quatre-bulgares-juges-a-paris-sur-fond-d-ingerence-etrangere_63364999.html\" target=\"_blank\" rel=\"noopener\">Quatre ressortissants bulgares<\/a> ont \u00e9t\u00e9 condamn\u00e9s ce vendredi 31 octobre \u00e0 des peines de deux \u00e0 quatre ans d\u2019emprisonnement, reconnus coupables d\u2019avoir tagu\u00e9 des <a href=\"https:\/\/actu.fr\/ile-de-france\/paris_75056\/mains-rouges-taguees-sur-le-memorial-de-la-shoah-a-paris-une-personne-incarceree_61708188.html\" target=\"_blank\" rel=\"noopener\">\u00ab\u00a0mains rouges\u00a0\u00bb<\/a> sur le M\u00e9morial de la Shoah en mai 2024, sur fond de soup\u00e7ons d\u2019ing\u00e9rence \u00e9trang\u00e8re. Le tribunal correctionnel de Paris, dont la d\u00e9cision est globalement conforme aux r\u00e9quisitions du parquet, a prononc\u00e9 une peine de deux ans contre Georgi Filipov et Kiril Milushev, pr\u00e9sent\u00e9s comme les ex\u00e9cutants, de quatre ans contre Nikolay Ivanov et trois ans contre Mircho Angelov, en fuite, ces deux derniers \u00e9tant consid\u00e9r\u00e9s comme les \u00ab\u00a0cerveaux\u00a0\u00bb de l\u2019op\u00e9ration. Tous se sont \u00e9galement vu infliger une interdiction d\u00e9finitive de para\u00eetre sur le territoire fran\u00e7ais.<\/p>\n<p>L\u2019ing\u00e9rence russe en toile de fond<\/p>\n<p class=\" wall-content\">Quelque 35 tags avaient \u00e9t\u00e9 d\u00e9couverts le 14 mai 2024 sur le Mur des Justes, devant le M\u00e9morial situ\u00e9 au c\u0153ur de Paris et qui se veut un lieu d\u2019archives, d\u2019\u00e9ducation et de recueillement, \u00ab\u00a0le seul monument d\u00e9di\u00e9 aux juifs de France\u00a0\u00bb, avait insist\u00e9 jeudi son directeur, Jacques Fredj.<\/p>\n<p class=\" wall-content\">L\u2019instruction avait mis en \u00e9vidence une entreprise \u00ab\u00a0susceptible de correspondre \u00e0 une action de d\u00e9stabilisation de la France orchestr\u00e9e par les services de renseignement\u00a0\u00bb russes, aiguill\u00e9e par le service Viginum, charg\u00e9 de la lutte contre les ing\u00e9rences num\u00e9riques \u00e9trang\u00e8res, qui avait relev\u00e9 \u00ab\u00a0une instrumentalisation\u00a0\u00bb de cette affaire sur le r\u00e9seau X \u00ab\u00a0par des acteurs li\u00e9s \u00e0 la Russie\u00a0\u00bb.<\/p>\n<p class=\" wall-content\">L\u2019affaire s\u2019inscrit en outre dans le cadre d\u2019autres ing\u00e9rences \u00e9trang\u00e8res pr\u00e9sum\u00e9es : <a href=\"https:\/\/actu.fr\/ile-de-france\/paris_75056\/etoiles-de-david-taguees-a-paris-insulter-le-peuple-juif-ou-en-revendiquer-l-appartenance_60280856.html\" target=\"_blank\" rel=\"noopener\">\u00e9toiles de David tagu\u00e9es<\/a> en r\u00e9gion parisienne, <a href=\"https:\/\/actu.fr\/ile-de-france\/paris_75056\/tetes-de-cochons-devant-les-mosquees-a-paris-les-suspects-sont-des-etrangers-ayant-quitte-le-territoire_63146256.html\" target=\"_blank\" rel=\"noopener\">t\u00eates de cochon<\/a> abandonn\u00e9es devant plusieurs mosqu\u00e9es ou <a href=\"https:\/\/actu.fr\/ile-de-france\/paris_75056\/affaire-des-cercueils-au-pied-de-la-tour-eiffel-les-suspects-places-sous-le-statut-de-temoin-assiste_61153994.html\" target=\"_blank\" rel=\"noopener\">cercueils<\/a> d\u00e9pos\u00e9s au pied de la tour Eiffel.<\/p>\n<p>\u00ab\u00a0Une action coordonn\u00e9e depuis l\u2019\u00e9tranger\u00a0\u00bb<\/p>\n<p class=\" wall-content\">Mais, si le dossier des \u00ab\u00a0mains rouges\u00a0\u00bb est le premier parmi ces tentatives de d\u00e9stabilisation \u00e0 avoir \u00e9t\u00e9 jug\u00e9, il ne l\u2019a pas \u00e9t\u00e9 pour des atteintes \u00ab\u00a0commises pour le compte d\u2019une puissance ou d\u2019une entit\u00e9 \u00e9trang\u00e8re ou sous contr\u00f4le \u00e9tranger\u00a0\u00bb, une circonstance aggravante qui n\u2019a fait son apparition dans le Code p\u00e9nal que post\u00e9rieurement aux faits.<\/p>\n<p class=\" wall-content\">Dans leur jugement, les magistrats ont cependant consid\u00e9r\u00e9 que l\u2019ing\u00e9rence \u00ab\u00a0n\u2019\u00e9tait pas contestable\u00a0\u00bb et \u00ab\u00a0ressortait clairement\u00a0\u00bb, en d\u00e9crivant une action coordonn\u00e9e depuis l\u2019\u00e9tranger\u00a0\u00bb, \u00ab\u00a0dans un but hostile\u00a0\u00bb, pour \u00ab\u00a0agiter l\u2019opinion publique, appuyer sur des clivages existants et fragmenter un peu plus la soci\u00e9t\u00e9 fran\u00e7aise\u00a0\u00bb.<\/p>\n<p class=\" wall-content\"><strong>AFP<\/strong><\/p>\n<p class=\" wall-content\">Personnalisez votre actualit\u00e9 en ajoutant vos villes et m\u00e9dias en favori avec <a href=\"https:\/\/moncompte.actu.fr\" title=\"D\u00e9couvez Mon Actu\" rel=\"nofollow noopener\" data-trk=\"{&quot;cta&quot;:{&quot;action&quot;:&quot;https:\\\/\\\/moncompte.actu.fr&quot;,&quot;category&quot;:&quot;mon compte&quot;,&quot;from&quot;:&quot;article footer&quot;,&quot;name&quot;:&quot;Mon actu&quot;,&quot;type&quot;:&quot;cta&quot;}}\" target=\"_blank\">Mon Actu<\/a>.<\/p>\n","protected":false},"excerpt":{"rendered":"Par Thomas Martin Publi\u00e9 le 31 oct. 2025 \u00e0 20h04 Quatre ressortissants bulgares ont \u00e9t\u00e9 condamn\u00e9s ce vendredi&hellip;\n","protected":false},"author":2,"featured_media":275289,"comment_status":"","ping_status":"","sticky":false,"template":"","format":"standard","meta":{"footnotes":""},"categories":[1888],"tags":[1111,1928,11,1927,1777,674,118,1011,27,303,17056,12,1926,626,1925,25,4595],"class_list":{"0":"post-502913","1":"post","2":"type-post","3":"status-publish","4":"format-standard","5":"has-post-thumbnail","7":"category-paris","8":"tag-actu","9":"tag-actu-paris","10":"tag-actualites","11":"tag-actualites-paris","12":"tag-eu","13":"tag-europe","14":"tag-faits-divers","15":"tag-fr","16":"tag-france","17":"tag-justice","18":"tag-memorial-de-la-shoah","19":"tag-news","20":"tag-news-paris","21":"tag-paris","22":"tag-paris-news","23":"tag-republique-francaise","24":"tag-tribunal-de-paris"},"share_on_mastodon":{"url":"https:\/\/pubeurope.com\/@fr\/115470509368437576","error":""},"_links":{"self":[{"href":"https:\/\/www.europesays.com\/fr\/wp-json\/wp\/v2\/posts\/502913","targetHints":{"allow":["GET"]}}],"collection":[{"href":"https:\/\/www.europesays.com\/fr\/wp-json\/wp\/v2\/posts"}],"about":[{"href":"https:\/\/www.europesays.com\/fr\/wp-json\/wp\/v2\/types\/post"}],"author":[{"embeddable":true,"href":"https:\/\/www.europesays.com\/fr\/wp-json\/wp\/v2\/users\/2"}],"replies":[{"embeddable":true,"href":"https:\/\/www.europesays.com\/fr\/wp-json\/wp\/v2\/comments?post=502913"}],"version-history":[{"count":0,"href":"https:\/\/www.europesays.com\/fr\/wp-json\/wp\/v2\/posts\/502913\/revisions"}],"wp:featuredmedia":[{"embeddable":true,"href":"https:\/\/www.europesays.com\/fr\/wp-json\/wp\/v2\/media\/275289"}],"wp:attachment":[{"href":"https:\/\/www.europesays.com\/fr\/wp-json\/wp\/v2\/media?parent=502913"}],"wp:term":[{"taxonomy":"category","embeddable":true,"href":"https:\/\/www.europesays.com\/fr\/wp-json\/wp\/v2\/categories?post=502913"},{"taxonomy":"post_tag","embeddable":true,"href":"https:\/\/www.europesays.com\/fr\/wp-json\/wp\/v2\/tags?post=502913"}],"curies":[{"name":"wp","href":"https:\/\/api.w.org\/{rel}","templated":true}]}}