{"id":502914,"date":"2025-10-31T19:48:15","date_gmt":"2025-10-31T19:48:15","guid":{"rendered":"https:\/\/www.europesays.com\/fr\/502914\/"},"modified":"2025-10-31T19:48:15","modified_gmt":"2025-10-31T19:48:15","slug":"deux-a-quatre-ans-de-prison-pour-les-auteurs-bulgares","status":"publish","type":"post","link":"https:\/\/www.europesays.com\/fr\/502914\/","title":{"rendered":"deux \u00e0 quatre ans de prison pour les auteurs bulgares"},"content":{"rendered":"<p class=\"mb-4 text-lg md:leading-8 break-words\">Le tribunal correctionnel de Paris a condamn\u00e9 vendredi quatre ressortissants bulgares \u00e0 des peines allant de deux \u00e0 quatre ans d&#8217;emprisonnement pour avoir tagu\u00e9 des \u00ab\u00a0mains rouges\u00a0\u00bb sur le M\u00e9morial de la Shoah \u00e0 Paris en mai 2024.<\/p>\n<p class=\"mb-4 text-lg md:leading-8 break-words\">Quatre ressortissants bulgares ont \u00e9t\u00e9 condamn\u00e9s, vendredi 31 octobre, \u00e0 des peines allant de deux \u00e0 quatre ans d&#8217;emprisonnement, reconnus coupables d&rsquo;avoir tagu\u00e9 des \u00ab\u00a0mains rouges\u00a0\u00bb sur le M\u00e9morial de la Shoah \u00e0 Paris en mai 2024, sur fond de soup\u00e7ons d&rsquo;ing\u00e9rence \u00e9trang\u00e8re.<\/p>\n<p class=\"mb-4 text-lg md:leading-8 break-words\">Le tribunal correctionnel de <a class=\"link \" href=\"https:\/\/www.france24.com\/fr\/tag\/paris\/\" rel=\"nofollow noopener\" target=\"_blank\" data-ylk=\"slk:Paris;elm:context_link;itc:0;sec:content-canvas\">Paris<\/a>, dont la d\u00e9cision est globalement conforme aux r\u00e9quisitions du parquet, a prononc\u00e9 une peine de deux ans contre Georgi Filipov et Kiril Milushev, <a href=\"https:\/\/fr.news.yahoo.com\/quatre-bulgares-jug%C3%A9s-%C3%A0-paris-103032819.html\" data-ylk=\"slk:pr\u00e9sent\u00e9s comme les ex\u00e9cutants;elm:context_link;itc:0;sec:content-canvas;outcm:mb_qualified_link;_E:mb_qualified_link;ct:story;\" class=\"link  yahoo-link\" target=\"_blank\" rel=\"noopener\">pr\u00e9sent\u00e9s comme les ex\u00e9cutants<\/a>, de quatre ans contre Nikolay Ivanov et trois ans contre Mircho Angelov, en fuite, ces deux derniers \u00e9tant consid\u00e9r\u00e9s comme les \u00ab\u00a0cerveaux\u00a0\u00bb de l&rsquo;op\u00e9ration.<\/p>\n<p class=\"mb-4 text-lg md:leading-8 break-words\">Tous se sont \u00e9galement vu infliger une interdiction d\u00e9finitive de para\u00eetre sur le territoire fran\u00e7ais.<\/p>\n<p class=\"mb-4 text-lg md:leading-8 break-words\">Quelque 35\u00a0tags <a href=\"https:\/\/www.france24.com\/fr\/info-en-continu\/20240514-des-mains-rouges-tagu\u00e9es-sur-le-m\u00e9morial-de-la-shoah-et-des-fa\u00e7ades-\u00e0-paris\" rel=\"nofollow noopener\" target=\"_blank\" data-ylk=\"slk:avaient \u00e9t\u00e9 d\u00e9couverts le 14 mai 2024 sur le Mur des Justes;elm:context_link;itc:0;sec:content-canvas\" class=\"link \">avaient \u00e9t\u00e9 d\u00e9couverts le 14 mai 2024 sur le Mur des Justes<\/a>, devant le M\u00e9morial situ\u00e9 au c\u0153ur de Paris et qui se veut un lieu d&rsquo;archives, d&rsquo;\u00e9ducation et de recueillement, \u00ab\u00a0le seul monument d\u00e9di\u00e9 aux juifs de <a class=\"link \" href=\"https:\/\/www.france24.com\/fr\/tag\/france\/\" rel=\"nofollow noopener\" target=\"_blank\" data-ylk=\"slk:France;elm:context_link;itc:0;sec:content-canvas\">France<\/a>\u00ab\u00a0, avait insist\u00e9 jeudi son directeur, Jacques Fredj.<\/p>\n<p>\u00ab\u00a0Fragmenter un peu plus la soci\u00e9t\u00e9 fran\u00e7aise\u00a0\u00bb<\/p>\n<p class=\"mb-4 text-lg md:leading-8 break-words\">L&rsquo;instruction avait mis en \u00e9vidence une entreprise \u00ab\u00a0susceptible de correspondre \u00e0 une action de d\u00e9stabilisation de la France orchestr\u00e9e par les services de renseignement\u00a0\u00bb russes. Elle \u00e9tait aiguill\u00e9e par le service Viginum \u2013 charg\u00e9 de la lutte contre les ing\u00e9rences num\u00e9riques \u00e9trang\u00e8res \u2013 qui avait relev\u00e9 une \u00ab\u00a0instrumentalisation\u00a0\u00bb de cette affaire sur le r\u00e9seau X \u00ab\u00a0par des acteurs li\u00e9s \u00e0 la <a class=\"link \" href=\"https:\/\/www.france24.com\/fr\/tag\/russie\/\" rel=\"nofollow noopener\" target=\"_blank\" data-ylk=\"slk:Russie;elm:context_link;itc:0;sec:content-canvas\">Russie<\/a>\u00ab\u00a0.<\/p>\n<p class=\"mb-4 text-lg md:leading-8 break-words\">L&rsquo;affaire s&rsquo;inscrit en outre dans le cadre d&rsquo;autres ing\u00e9rences \u00e9trang\u00e8res pr\u00e9sum\u00e9es\u00a0: <a href=\"https:\/\/www.france24.com\/fr\/europe\/20231107-enqu\u00eate-sur-des-tags-d-\u00e9toiles-de-david-\u00e0-paris-la-piste-\u00e9trang\u00e8re-explor\u00e9e\" rel=\"nofollow noopener\" target=\"_blank\" data-ylk=\"slk:\u00e9toiles de David tagu\u00e9es;elm:context_link;itc:0;sec:content-canvas\" class=\"link \">\u00e9toiles de David tagu\u00e9es<\/a> en r\u00e9gion parisienne, <a href=\"https:\/\/fr.news.yahoo.com\/t%C3%AAtes-cochons-devant-mosqu%C3%A9es-fran%C3%A7aises-154321485.html\" data-ylk=\"slk:t\u00eates de cochon abandonn\u00e9es devant plusieurs mosqu\u00e9es;elm:context_link;itc:0;sec:content-canvas;outcm:mb_qualified_link;_E:mb_qualified_link;ct:story;\" class=\"link  yahoo-link\" target=\"_blank\" rel=\"noopener\">t\u00eates de cochon abandonn\u00e9es devant plusieurs mosqu\u00e9es<\/a> ou <a href=\"https:\/\/www.france24.com\/fr\/info-en-continu\/20240603-cercueils-au-pied-de-la-tour-eiffel-les-suspects-pr\u00e9sent\u00e9s-\u00e0-un-juge-d-instruction\" rel=\"nofollow noopener\" target=\"_blank\" data-ylk=\"slk:cercueils d\u00e9pos\u00e9s au pied de la tour Eiffel;elm:context_link;itc:0;sec:content-canvas\" class=\"link \">cercueils d\u00e9pos\u00e9s au pied de la tour Eiffel<\/a>.<\/p>\n<p class=\"mb-4 text-lg md:leading-8 break-words\">Mais, si le dossier des \u00ab\u00a0mains rouges\u00a0\u00bb est le premier parmi ces tentatives de d\u00e9stabilisation \u00e0 avoir \u00e9t\u00e9 jug\u00e9, il ne l&rsquo;a pas \u00e9t\u00e9 pour des atteintes \u00ab\u00a0commises pour le compte d&rsquo;une puissance ou d&rsquo;une entit\u00e9 \u00e9trang\u00e8re ou sous contr\u00f4le \u00e9tranger\u00a0\u00bb, une circonstance aggravante qui n&rsquo;a fait son apparition dans le Code p\u00e9nal que post\u00e9rieurement aux faits.<\/p>\n<p class=\"mb-4 text-lg md:leading-8 break-words\">Dans leur jugement, les magistrats ont cependant consid\u00e9r\u00e9 que l&rsquo;ing\u00e9rence \u00ab\u00a0n&rsquo;\u00e9tait pas contestable\u00a0\u00bb et \u00ab\u00a0ressortait clairement\u00a0\u00bb, d\u00e9crivant une action \u00ab\u00a0coordonn\u00e9e depuis l&rsquo;\u00e9tranger\u00a0\u00bb, \u00ab\u00a0dans un but hostile\u00a0\u00bb, pour \u00ab\u00a0agiter l&rsquo;opinion publique, appuyer sur des clivages existants et fragmenter un peu plus la soci\u00e9t\u00e9 fran\u00e7aise\u00a0\u00bb.<\/p>\n<p class=\"mb-4 text-lg md:leading-8 break-words\">Avec AFP<\/p>\n","protected":false},"excerpt":{"rendered":"Le tribunal correctionnel de Paris a condamn\u00e9 vendredi quatre ressortissants bulgares \u00e0 des peines allant de deux \u00e0&hellip;\n","protected":false},"author":2,"featured_media":502915,"comment_status":"","ping_status":"","sticky":false,"template":"","format":"standard","meta":{"footnotes":""},"categories":[1888],"tags":[1111,1928,11,1927,1764,1777,674,1011,27,17056,12,1926,62489,626,1925,25,36500,34787],"class_list":{"0":"post-502914","1":"post","2":"type-post","3":"status-publish","4":"format-standard","5":"has-post-thumbnail","7":"category-paris","8":"tag-actu","9":"tag-actu-paris","10":"tag-actualites","11":"tag-actualites-paris","12":"tag-ans","13":"tag-eu","14":"tag-europe","15":"tag-fr","16":"tag-france","17":"tag-memorial-de-la-shoah","18":"tag-news","19":"tag-news-paris","20":"tag-nikolay-ivanov","21":"tag-paris","22":"tag-paris-news","23":"tag-republique-francaise","24":"tag-services-de-renseignement","25":"tag-tribunal-correctionnel-de-paris"},"share_on_mastodon":{"url":"https:\/\/pubeurope.com\/@fr\/115470513282432889","error":""},"_links":{"self":[{"href":"https:\/\/www.europesays.com\/fr\/wp-json\/wp\/v2\/posts\/502914","targetHints":{"allow":["GET"]}}],"collection":[{"href":"https:\/\/www.europesays.com\/fr\/wp-json\/wp\/v2\/posts"}],"about":[{"href":"https:\/\/www.europesays.com\/fr\/wp-json\/wp\/v2\/types\/post"}],"author":[{"embeddable":true,"href":"https:\/\/www.europesays.com\/fr\/wp-json\/wp\/v2\/users\/2"}],"replies":[{"embeddable":true,"href":"https:\/\/www.europesays.com\/fr\/wp-json\/wp\/v2\/comments?post=502914"}],"version-history":[{"count":0,"href":"https:\/\/www.europesays.com\/fr\/wp-json\/wp\/v2\/posts\/502914\/revisions"}],"wp:featuredmedia":[{"embeddable":true,"href":"https:\/\/www.europesays.com\/fr\/wp-json\/wp\/v2\/media\/502915"}],"wp:attachment":[{"href":"https:\/\/www.europesays.com\/fr\/wp-json\/wp\/v2\/media?parent=502914"}],"wp:term":[{"taxonomy":"category","embeddable":true,"href":"https:\/\/www.europesays.com\/fr\/wp-json\/wp\/v2\/categories?post=502914"},{"taxonomy":"post_tag","embeddable":true,"href":"https:\/\/www.europesays.com\/fr\/wp-json\/wp\/v2\/tags?post=502914"}],"curies":[{"name":"wp","href":"https:\/\/api.w.org\/{rel}","templated":true}]}}