{"id":502920,"date":"2025-10-31T19:51:13","date_gmt":"2025-10-31T19:51:13","guid":{"rendered":"https:\/\/www.europesays.com\/fr\/502920\/"},"modified":"2025-10-31T19:51:13","modified_gmt":"2025-10-31T19:51:13","slug":"le-petrole-russe-lourdement-bombarde-la-belgique-menace-de-raser-moscou","status":"publish","type":"post","link":"https:\/\/www.europesays.com\/fr\/502920\/","title":{"rendered":"Le p\u00e9trole russe lourdement bombard\u00e9, la Belgique menace de raser Moscou"},"content":{"rendered":"<p>Vous avez rat\u00e9 les derniers \u00e9v\u00e9nements sur la <a href=\"https:\/\/www.20minutes.fr\/monde\/ukraine\/\" class=\"c-link c-link--is-underlined\" rel=\"nofollow noopener\" target=\"_blank\">guerre en Ukraine<\/a>\u00a0? 20 Minutes fait le point pour vous tous les soirs. Voici l\u2019essentiel de ce vendredi 31\u00a0octobre, 1.346e jour du conflit.<\/p>\n<p>Le fait du jour<\/p>\n<p>Le p\u00e9trole russe pris pour cible. L\u2019Ukraine a effectu\u00e9 presque 160 frappes r\u00e9ussies contre des sites p\u00e9troliers en Russie depuis le d\u00e9but de l\u2019ann\u00e9e, a indiqu\u00e9 vendredi le chef du service de s\u00e9curit\u00e9 ukrainien (SBU). \u00ab\u00a0Depuis le d\u00e9but de l\u2019ann\u00e9e, il y a eu presque 160 attaques r\u00e9ussies contre des installations d\u2019extraction et de raffinage du p\u00e9trole\u00a0\u00bb russes, a d\u00e9clar\u00e9 le g\u00e9n\u00e9ral Vassyl Maliouk \u00e0 des journalistes dont l\u2019AFP.<\/p>\n<p>Ces derniers mois, Kiev a effetivement men\u00e9 de multiples frappes de drones sur des raffineries de p\u00e9trole en Russie, entra\u00eenant une <a href=\"https:\/\/www.20minutes.fr\/monde\/ukraine\/4172926-20250913-guerre-ukraine-petrole-enjeu-majeur-russie-trump-agace\" class=\"c-link c-link--is-underlined\" rel=\"nofollow noopener\" target=\"_blank\">hausse du prix de l\u2019essence dans le pays<\/a>. Le pr\u00e9sident ukrainien Volodymyr Zelensky avait estim\u00e9 lundi que la Russie avait perdu plus de 20\u00a0% de ses capacit\u00e9s de raffinage de p\u00e9trole \u00e0 cause de ces attaques.<\/p>\n<p>Par ailleurs, le chef du SBU, Vassyl Maliouk, a \u00e9galement affirm\u00e9 que les services de renseignement ukrainiens, durant une op\u00e9ration conjointe avec d\u2019autres forces ukrainiennes, avaient d\u00e9truit il y a plus d\u2019un an un missile balistique hypersonique russe Orechnik, lors d\u2019une frappe sur le site de lancement de Kapoustine Iar, dans la r\u00e9gion russe d\u2019Astrakhan (sud-ouest). L\u2019AFP n\u2019est pas en mesure de confirmer cette affirmation de source ind\u00e9pendante.<\/p>\n<p>En novembre\u00a02024, la Russie avait utilis\u00e9 pour la premi\u00e8re fois cet engin, sans charge nucl\u00e9aire, pour frapper une usine militaire dans la ville de Dnipro, dans le centre de l\u2019Ukraine.<\/p>\n<p><img decoding=\"async\" alt=\"Le prix de l'essence a significativement augment\u00e9 ces derniers mois dans les stations service de Russie (ici \u00e0 Moscou)\" class=\"c-img\" loading=\"lazy\" fetchpriority=\"auto\" width=\"718\"  src=\"https:\/\/img.20mn.fr\/9c2iHzUvTNG37ea_dak2lSk\/718x0-0.1000243823146944x1.8905062694102526-99.8999756176853\" \/>Le prix de l&rsquo;essence a significativement augment\u00e9 ces derniers mois dans les stations service de Russie (ici \u00e0 Moscou)\u2002-\u00a0Anadolu via AFPLa d\u00e9claration du jour<\/p>\n<blockquote class=\"mx-m@xs mx-xxl@md color-ultramarine c-citation\">\n<p class=\"font-weight-regular@xs text-italic font-source-serif-pro text-l@xs c-citation__content\">\u00ab\u00a0Si Poutine envoie un missile sur Burxelles, il frappera alors le c\u0153ur de l\u2019OTAN, et nous raserons Moscou\u00a0\u00bb<\/p>\n<\/blockquote>\n<p>Les paroles sont sign\u00e9es Th\u00e9o Francken, ministre de la D\u00e9fense de la Belgique. Dans une interview accord\u00e9e au magazine Humo jeudi, le Belge n\u2019a pas m\u00e2ch\u00e9 ses mots envers la Russie. Il a ainsi d\u00e9clar\u00e9 que si Moscou venait \u00e0 frapper Bruxelles, ce qui reviendrait \u00e0 toucher \u00ab\u00a0le c\u0153ur de l\u2019OTAN\u00a0\u00bb alors, \u00ab\u00a0nous raserions Moscou\u00a0\u00bb.<\/p>\n<p>Une d\u00e9claration virulente \u00e0 laquelle Dmitri Medvedev n\u2019a pas tard\u00e9 \u00e0 r\u00e9pondre. Traitant le ministre belge d&rsquo;\u00ab\u00a0imb\u00e9cile\u00a0\u00bb, l\u2019ancien pr\u00e9sident russe et actuel vice-pr\u00e9sident du Conseil de s\u00e9curit\u00e9 lui a rappel\u00e9 que l\u2019arme nucl\u00e9aire Pos\u00e9idon venait d\u2019\u00eatre test\u00e9e par la Russie et qu\u2019elle pourrait faire dispara\u00eetre la Belgique.<\/p>\n<\/p>\n<p>Le chiffre du jour<\/p>\n<p>107. C\u2019est le nombre de drones que l\u2019arm\u00e9e de l\u2019air ukrainienne a indiqu\u00e9 avoir neutralis\u00e9 dans la nuit de jeudi \u00e0 vendredi 107 drones russes. Un missile balistique aurait \u00e9galement \u00e9t\u00e9 d\u00e9truit.<\/p>\n<p>\u00ab\u00a0Dix drones en seulement une heure ont \u00e9t\u00e9 lanc\u00e9s par la Russie sur Soumy\u00a0\u00bb, au nord-est de l\u2019Ukraine, a par ailleurs indiqu\u00e9 le chef de l\u2019administration militaire r\u00e9gionale Oleh Hryhorov. Plusieurs bless\u00e9s sont \u00e0 d\u00e9plorer.<\/p>\n<p>La tendance<\/p>\n<p>Kiev a appel\u00e9 vendredi l\u2019Union europ\u00e9enne \u00e0 augmenter ses droits de douane sur les importations de produits russes n\u2019\u00e9tant pas encore soumis \u00e0 des sanctions prises par <a href=\"https:\/\/www.20minutes.fr\/dossier\/bruxelles\" class=\"c-link c-link--is-underlined\" rel=\"nofollow noopener\" target=\"_blank\">Bruxelles<\/a> depuis le d\u00e9but de l\u2019invasion russe de l\u2019Ukraine. \u00ab\u00a0Si des produits ne sont pas vis\u00e9s par des sanctions (europ\u00e9ennes), nous allons soulever la question de l\u2019imposition de droits de douane\u00a0\u00bb, a d\u00e9clar\u00e9 Andri\u00ef Sybiga, chef de la diplomatie ukrainienne.<\/p>\n<p>Selon lui, une telle man\u0153uvre pourrait permettre \u00e0 l\u2019UE de contourner l\u2019opposition de la <a href=\"https:\/\/www.20minutes.fr\/dossier\/hongrie\" class=\"c-link c-link--is-underlined\" rel=\"nofollow noopener\" target=\"_blank\">Hongrie<\/a> et de la <a href=\"https:\/\/www.20minutes.fr\/dossier\/slovaquie\" class=\"c-link c-link--is-underlined\" rel=\"nofollow noopener\" target=\"_blank\">Slovaquie<\/a> qui menacent de bloquer l\u2019extension de sanctions contre Moscou. \u00ab\u00a0Nous allons y travailler avec nos partenaires europ\u00e9ens\u00a0\u00bb, a indiqu\u00e9 Andri\u00ef Sybiga.<\/p>\n<p>L\u2019UE a d\u00e9j\u00e0 augment\u00e9 les droits de douane sur certaines marchandises russes, notamment les produits agricoles et les engrais, dans le cadre de ses paquets de sanctions contre Moscou apr\u00e8s le d\u00e9but de l\u2019invasion en\u00a02022. Mais les sanctions n\u00e9cessitent l\u2019accord de tous les membres de l\u2019UE, y compris Budapest et Bratislava.<\/p>\n<p>En revanche, l\u2019imposition de droits de douane ne n\u00e9cessite que \u00ab\u00a0la majorit\u00e9 qualifi\u00e9e\u00a0\u00bb de l\u2019UE (au moins 15 membres de l\u2019UE repr\u00e9sentant ensemble au moins 65\u00a0% de la population totale du Bloc, NDLR), a soulign\u00e9 Andri\u00ef Sybiga.<\/p>\n","protected":false},"excerpt":{"rendered":"Vous avez rat\u00e9 les derniers \u00e9v\u00e9nements sur la guerre en Ukraine\u00a0? 20 Minutes fait le point pour vous&hellip;\n","protected":false},"author":2,"featured_media":502921,"comment_status":"","ping_status":"","sticky":false,"template":"","format":"standard","meta":{"footnotes":""},"categories":[1591],"tags":[47,11,828,22519,39407,1887,131,74,12,844,1885,1886,132,135,134],"class_list":{"0":"post-502920","1":"post","2":"type-post","3":"status-publish","4":"format-standard","5":"has-post-thumbnail","7":"category-russie","8":"tag-actualite","9":"tag-actualites","10":"tag-belgique","11":"tag-budapest","12":"tag-dmitri-medvedev","13":"tag-federation-de-russie","14":"tag-guerre-en-ukraine","15":"tag-monde","16":"tag-news","17":"tag-petrole","18":"tag-russia","19":"tag-russian-federation","20":"tag-russie","21":"tag-vladimir-poutine","22":"tag-volodymyr-zelensky"},"share_on_mastodon":{"url":"https:\/\/pubeurope.com\/@fr\/115470525509008369","error":""},"_links":{"self":[{"href":"https:\/\/www.europesays.com\/fr\/wp-json\/wp\/v2\/posts\/502920","targetHints":{"allow":["GET"]}}],"collection":[{"href":"https:\/\/www.europesays.com\/fr\/wp-json\/wp\/v2\/posts"}],"about":[{"href":"https:\/\/www.europesays.com\/fr\/wp-json\/wp\/v2\/types\/post"}],"author":[{"embeddable":true,"href":"https:\/\/www.europesays.com\/fr\/wp-json\/wp\/v2\/users\/2"}],"replies":[{"embeddable":true,"href":"https:\/\/www.europesays.com\/fr\/wp-json\/wp\/v2\/comments?post=502920"}],"version-history":[{"count":0,"href":"https:\/\/www.europesays.com\/fr\/wp-json\/wp\/v2\/posts\/502920\/revisions"}],"wp:featuredmedia":[{"embeddable":true,"href":"https:\/\/www.europesays.com\/fr\/wp-json\/wp\/v2\/media\/502921"}],"wp:attachment":[{"href":"https:\/\/www.europesays.com\/fr\/wp-json\/wp\/v2\/media?parent=502920"}],"wp:term":[{"taxonomy":"category","embeddable":true,"href":"https:\/\/www.europesays.com\/fr\/wp-json\/wp\/v2\/categories?post=502920"},{"taxonomy":"post_tag","embeddable":true,"href":"https:\/\/www.europesays.com\/fr\/wp-json\/wp\/v2\/tags?post=502920"}],"curies":[{"name":"wp","href":"https:\/\/api.w.org\/{rel}","templated":true}]}}