{"id":502922,"date":"2025-10-31T19:52:13","date_gmt":"2025-10-31T19:52:13","guid":{"rendered":"https:\/\/www.europesays.com\/fr\/502922\/"},"modified":"2025-10-31T19:52:13","modified_gmt":"2025-10-31T19:52:13","slug":"le-pentagone-aurait-autorise-la-livraison-de-missiles-tomahawk-a-lukraine-laissant-a-donald-trump-la-decision-finale","status":"publish","type":"post","link":"https:\/\/www.europesays.com\/fr\/502922\/","title":{"rendered":"Le Pentagone aurait autoris\u00e9 la livraison de missiles Tomahawk \u00e0 l&rsquo;Ukraine, laissant \u00e0 Donald Trump la d\u00e9cision finale"},"content":{"rendered":"<p class=\"ap-StoryElement ap-StoryElement--mb ap-StoryText\"><a href=\"https:\/\/edition.cnn.com\/2025\/10\/31\/politics\/pentagon-tomahawks-trump-ukraine\" target=\"_self\" rel=\"nofollow noopener\">Selon des informations de CNN,<\/a> le Pentagone aurait envoy\u00e9 son feu vert \u00e0 la Maison Blanche, permettant aux \u00c9tats-Unis de livrer des missiles de croisi\u00e8re \u00e0 longue port\u00e9e Tomahawk \u00e0 l&rsquo;Ukraine. Selon le d\u00e9partement de la D\u00e9fense, cela ne nuirait pas aux stocks am\u00e9ricains.<\/p>\n<p class=\"ap-StoryElement ap-StoryElement--mb ap-StoryText\">Donald Trump doit d\u00e9sormais prendre la d\u00e9cision finale, ont affirm\u00e9 trois responsables am\u00e9ricains et europ\u00e9ens proches du dossier \u00e0 CNN.<\/p>\n<p class=\"ap-StoryElement ap-StoryElement--mb ap-StoryText\">Plus t\u00f4t ce mois-ci, le pr\u00e9sident am\u00e9ricain avait expliqu\u00e9 \u00e0 Volodymyr Zelensky, durant sa visite \u00e0 Washington, qu&rsquo;il ne fournirait pas cet armement \u00e0 l&rsquo;Ukraine. \u00ab\u00a0Nous ne voulons pas donner des choses dont nous avons besoin pour prot\u00e9ger notre pays\u00a0\u00bb, avait-il dit.<\/p>\n","protected":false},"excerpt":{"rendered":"Selon des informations de CNN, le Pentagone aurait envoy\u00e9 son feu vert \u00e0 la Maison Blanche, permettant aux&hellip;\n","protected":false},"author":2,"featured_media":502923,"comment_status":"","ping_status":"","sticky":false,"template":"","format":"standard","meta":{"footnotes":""},"categories":[1590],"tags":[11,21332,1777,674,1227,12,9024,220],"class_list":{"0":"post-502922","1":"post","2":"type-post","3":"status-publish","4":"format-standard","5":"has-post-thumbnail","7":"category-ukraine","8":"tag-actualites","9":"tag-diplomacy","10":"tag-eu","11":"tag-europe","12":"tag-horizontal","13":"tag-news","14":"tag-politics","15":"tag-ukraine"},"share_on_mastodon":{"url":"https:\/\/pubeurope.com\/@fr\/115470528936583691","error":""},"_links":{"self":[{"href":"https:\/\/www.europesays.com\/fr\/wp-json\/wp\/v2\/posts\/502922","targetHints":{"allow":["GET"]}}],"collection":[{"href":"https:\/\/www.europesays.com\/fr\/wp-json\/wp\/v2\/posts"}],"about":[{"href":"https:\/\/www.europesays.com\/fr\/wp-json\/wp\/v2\/types\/post"}],"author":[{"embeddable":true,"href":"https:\/\/www.europesays.com\/fr\/wp-json\/wp\/v2\/users\/2"}],"replies":[{"embeddable":true,"href":"https:\/\/www.europesays.com\/fr\/wp-json\/wp\/v2\/comments?post=502922"}],"version-history":[{"count":0,"href":"https:\/\/www.europesays.com\/fr\/wp-json\/wp\/v2\/posts\/502922\/revisions"}],"wp:featuredmedia":[{"embeddable":true,"href":"https:\/\/www.europesays.com\/fr\/wp-json\/wp\/v2\/media\/502923"}],"wp:attachment":[{"href":"https:\/\/www.europesays.com\/fr\/wp-json\/wp\/v2\/media?parent=502922"}],"wp:term":[{"taxonomy":"category","embeddable":true,"href":"https:\/\/www.europesays.com\/fr\/wp-json\/wp\/v2\/categories?post=502922"},{"taxonomy":"post_tag","embeddable":true,"href":"https:\/\/www.europesays.com\/fr\/wp-json\/wp\/v2\/tags?post=502922"}],"curies":[{"name":"wp","href":"https:\/\/api.w.org\/{rel}","templated":true}]}}