{"id":502928,"date":"2025-10-31T19:55:11","date_gmt":"2025-10-31T19:55:11","guid":{"rendered":"https:\/\/www.europesays.com\/fr\/502928\/"},"modified":"2025-10-31T19:55:11","modified_gmt":"2025-10-31T19:55:11","slug":"lafrique-un-partenaire-cle-pour-frank-walter-steinmeier-dw-31-10-2025","status":"publish","type":"post","link":"https:\/\/www.europesays.com\/fr\/502928\/","title":{"rendered":"L\u2019Afrique, un partenaire cl\u00e9 pour Frank-Walter Steinmeier \u2013 DW \u2013 31\/10\/2025"},"content":{"rendered":"<p>Lorsque le pr\u00e9sident f\u00e9d\u00e9ral <a class=\"internal-link\" href=\"https:\/\/www.dw.com\/fr\/frank-walter-steinmeier-pr\u00e9sident-reelection\/a-60762605\" rel=\"nofollow noopener\" target=\"_blank\">Frank-Walter Steinmeier<\/a> se rendra <a class=\"internal-link\" href=\"https:\/\/www.dw.com\/fr\/gaza-israel-plan-paix-trump-fragile-contours-incertains\/a-74356137\" rel=\"nofollow noopener\" target=\"_blank\">en \u00c9gypte<\/a> ce 1er novembre, il entamera sa tourn\u00e9e africaine d\u2019une semaine par la c\u00e9r\u00e9monie d\u2019ouverture du Grand Mus\u00e9e \u00e9gyptien. Ce mus\u00e9e arch\u00e9ologique majeur, qui abrite plus de 100 000 artefacts, pr\u00e9sentera pour la premi\u00e8re fois l\u2019int\u00e9gralit\u00e9 du tr\u00e9sor fun\u00e9raire de Toutankhamon.<\/p>\n<p>Mais au-del\u00e0 de la culture, l\u2019objectif principal de cette visite qui le conduira \u00e9galement <a class=\"internal-link\" href=\"https:\/\/www.dw.com\/fr\/president-ghana-exige-administration-irreprochable\/a-72520799\" rel=\"nofollow noopener\" target=\"_blank\">au Ghana<\/a> et en Angola, est de renforcer la coop\u00e9ration \u00e9conomique entre l\u2019Allemagne et le continent africain. Et pour l\u2019occasion, le pr\u00e9sident est accompagn\u00e9 d\u2019une d\u00e9l\u00e9gation d\u2019entrepreneurs allemands.<\/p>\n<p>L\u2019\u00c9gypte, un march\u00e9 attractif<\/p>\n<p>Selon Khadi Camara, directrice adjointe du d\u00e9partement \u00ab\u00a0Pays et march\u00e9s\u00a0\u00bb l\u2019Association \u00e9conomique germano-africaine, l\u2019\u00c9gypte repr\u00e9sente un march\u00e9 cl\u00e9 pour les entreprises allemandes.<\/p>\n<p>\u00ab\u00a0C\u2019est l\u2019un des rares pays o\u00f9 l\u2019Allemagne r\u00e9alise de grands projets dans plusieurs secteurs &#8211; infrastructures, transport ferroviaire, num\u00e9risation et industrie\u00a0\u00bb, souligne-t-elle.<\/p>\n<p>De plus en plus d\u2019entreprises choisissent l\u2019\u00c9gypte comme base r\u00e9gionale. Sur le plan politique, Steinmeier abordera \u00e9galement la situation s\u00e9curitaire r\u00e9gionale et rencontrera le pr\u00e9sident Abdel Fattah al-Sissi, acteur diplomatique de premier plan dans les efforts de m\u00e9diation \u00e0 Gaza.<\/p>\n<p>En septembre 2024, Steinmeier avait d\u00e9j\u00e0 salu\u00e9 le r\u00f4le de m\u00e9diateur du Caire dans le conflit au Proche-Orient.<\/p>\n<p><img data-format=\"MASTER_LANDSCAPE\" data-id=\"59445223\" data-url=\"https:\/\/static.dw.com\/image\/59445223_${formatId}.jpg\" data-aspect-ratio=\"16\/9\" alt=\"Le vaccin contre la malaria\" style=\"padding-bottom: 56.25%; height: 0; max-height: 0;\"\/>L\u2019un des volets les plus prometteurs de la coop\u00e9ration germano-ghan\u00e9enne est le d\u00e9veloppement de la production locale de vaccins.Image : Joseph Oduor\/AP Photo\/picture alliance<\/p>\n<p>Ghana : partenaire cl\u00e9 du \u00ab\u00a0Compact with Africa\u00a0\u00bb<\/p>\n<p>L\u2019\u00c9gypte et le Ghana sont tous deux membres de l\u2019initiative G20 Compact with Africa (CwA), lanc\u00e9e par l\u2019Allemagne en 2017 pour favoriser les investissements et la croissance durable dans des pays africains r\u00e9formateurs. Treize pays africains en font partie.<\/p>\n<p>Selon Khadi Camara, ce programme a permis d\u2019am\u00e9liorer la notation des risques pour les garanties \u00e0 l\u2019exportation allemandes. Mais des obstacles au commerce persistent, souligne-t-elle : \u00ab\u00a0Les conditions-cadres ne sont pas encore optimales, il faut poursuivre la lev\u00e9e des barri\u00e8res.\u00a0\u00bb<\/p>\n<p>Le 3 novembre, Steinmeier rencontrera \u00e0 Accra le pr\u00e9sident John Dramani Mahama, \u00e9lu en d\u00e9cembre dernier sur la promesse d\u2019une \u00e9conomie \u00ab\u00a0moderne, active jour et nuit\u00a0\u00bb. Le pays mise sur le secteur minier (or) et le b\u00e2timent pour relancer sa croissance.<\/p>\n<p>Avec pr\u00e8s de 35 millions d\u2019habitants, le Ghana est une \u00e9conomie de taille moyenne, exportant principalement le cacao, mais aussi des fruits, du caoutchouc et des minerais vers l\u2019Allemagne.<\/p>\n<p>Innovation et production de vaccins<\/p>\n<p>L\u2019un des volets les plus prometteurs de la coop\u00e9ration germano-ghan\u00e9enne est le d\u00e9veloppement de la production locale de vaccins. L\u2019Allemagne et l\u2019Union europ\u00e9enne soutiennent le Ghana dans sa volont\u00e9 de devenir un centre pharmaceutique ouest-africain, cr\u00e9ant ainsi emplois et meilleure couverture sanitaire.<\/p>\n<p>Steinmeier rencontrera \u00e9galement des jeunes entrepreneurs pour discuter de l\u2019innovation. Selon Anna Lena Wasserfall, directrice du bureau ghan\u00e9en de la Fondation Konrad-Adenauer (KAS), le Ghana est un pays prioritaire pour la coop\u00e9ration allemande au d\u00e9veloppement, notamment dans les \u00e9nergies renouvelables, la bonne gouvernance et la lutte contre la corruption.<\/p>\n<p>Elle rappelle le contexte r\u00e9gional marqu\u00e9 par une s\u00e9rie de coups d\u2019\u00c9tat en Afrique de l\u2019Ouest, qui a fragilis\u00e9 la confiance avec certains partenaires occidentaux. Anna Lena Wasserfall note que les r\u00e9formes bancaires et les nouvelles lois favorisant la cr\u00e9ation d\u2019entreprises ont renforc\u00e9 structurellement le Ghana, mais n\u2019ont pas encore d\u00e9clench\u00e9 une dynamique d\u2019investissement significative.<\/p>\n<p><img data-format=\"MASTER_LANDSCAPE\" data-id=\"70924196\" data-url=\"https:\/\/static.dw.com\/image\/70924196_${formatId}.jpg\" data-aspect-ratio=\"16\/9\" alt=\"Angola Luanda 2024\" style=\"padding-bottom: 56.25%; height: 0; max-height: 0;\"\/>L\u2019\u00c9gypte est int\u00e9ressante pour les entreprises allemandes dans de nombreux secteurs industriels et technologiques.Image : Jos\u00e9 Adalberto\/DW<\/p>\n<p>Angola : nouvel acteur en vue<\/p>\n<p>Derni\u00e8re \u00e9tape de la tourn\u00e9e : l\u2019Angola, du 5 au 7 novembre. Steinmeier y sera le premier pr\u00e9sident f\u00e9d\u00e9ral allemand \u00e0 s\u2019y rendre. Le pays, riche en p\u00e9trole et c\u00e9l\u00e9brant son 50\u1d49 anniversaire d\u2019ind\u00e9pendance, souhaite int\u00e9grer le Compact with Africa.<\/p>\n<p>Selon Khadi Camara, le gouvernement angolais a fait de la diversification \u00e9conomique une priorit\u00e9. Les entreprises allemandes sont d\u00e9j\u00e0 actives dans l\u2019hydrog\u00e8ne, l\u2019hydro\u00e9lectricit\u00e9, les infrastructures, la sant\u00e9 et l\u2019agriculture.<\/p>\n<p>\u00c0 Luanda, Steinmeier rencontrera le pr\u00e9sident Jo\u00e3o Louren\u00e7o, \u00e9galement pr\u00e9sident en exercice de l\u2019Union africaine, m\u00e9diateur reconnu dans le conflit entre la RDC et le Rwanda.<\/p>\n<p>\u00c0 Huambo, il visitera le corridor de Lobito, un axe commercial strat\u00e9gique reliant la c\u00f4te atlantique de l\u2019Angola aux mines de cuivre du sud de la RDC et de Zambie. Ce projet, soutenu par l\u2019initiative europ\u00e9enne Global Gateway, est consid\u00e9r\u00e9 par Bruxelles comme un pilier du commerce futur Afrique-Europe, en r\u00e9ponse \u00e0 la Nouvelle Route de la Soie chinoise.<\/p>\n<p>Pour Anna Lena Wasserfall, cette tourn\u00e9e pr\u00e9sidentielle envoie un signal important : \u00ab\u00a0Les relations avec les pays africains ont \u00e9t\u00e9 rel\u00e9gu\u00e9es au second plan, alors qu\u2019elles sont essentielles pour diversifier nos partenariats et r\u00e9duire nos d\u00e9pendances.\u00a0\u00bb<\/p>\n<p>Ainsi, la visite de Steinmeier marque une volont\u00e9 renouvel\u00e9e de rapprochement \u00e9conomique et politique entre l\u2019Allemagne et ses partenaires africains.<\/p>\n","protected":false},"excerpt":{"rendered":"Lorsque le pr\u00e9sident f\u00e9d\u00e9ral Frank-Walter Steinmeier se rendra en \u00c9gypte ce 1er novembre, il entamera sa tourn\u00e9e africaine&hellip;\n","protected":false},"author":2,"featured_media":502929,"comment_status":"","ping_status":"","sticky":false,"template":"","format":"standard","meta":{"footnotes":""},"categories":[1587],"tags":[11,672,1804,1805,1803,1777,674,1801,12,1802],"class_list":{"0":"post-502928","1":"post","2":"type-post","3":"status-publish","4":"format-standard","5":"has-post-thumbnail","7":"category-allemagne","8":"tag-actualites","9":"tag-allemagne","10":"tag-bundesrepublik-deutschland","11":"tag-de","12":"tag-deutschland","13":"tag-eu","14":"tag-europe","15":"tag-germany","16":"tag-news","17":"tag-republique-federale-dallemagne"},"share_on_mastodon":{"url":"https:\/\/pubeurope.com\/@fr\/115470540863342088","error":""},"_links":{"self":[{"href":"https:\/\/www.europesays.com\/fr\/wp-json\/wp\/v2\/posts\/502928","targetHints":{"allow":["GET"]}}],"collection":[{"href":"https:\/\/www.europesays.com\/fr\/wp-json\/wp\/v2\/posts"}],"about":[{"href":"https:\/\/www.europesays.com\/fr\/wp-json\/wp\/v2\/types\/post"}],"author":[{"embeddable":true,"href":"https:\/\/www.europesays.com\/fr\/wp-json\/wp\/v2\/users\/2"}],"replies":[{"embeddable":true,"href":"https:\/\/www.europesays.com\/fr\/wp-json\/wp\/v2\/comments?post=502928"}],"version-history":[{"count":0,"href":"https:\/\/www.europesays.com\/fr\/wp-json\/wp\/v2\/posts\/502928\/revisions"}],"wp:featuredmedia":[{"embeddable":true,"href":"https:\/\/www.europesays.com\/fr\/wp-json\/wp\/v2\/media\/502929"}],"wp:attachment":[{"href":"https:\/\/www.europesays.com\/fr\/wp-json\/wp\/v2\/media?parent=502928"}],"wp:term":[{"taxonomy":"category","embeddable":true,"href":"https:\/\/www.europesays.com\/fr\/wp-json\/wp\/v2\/categories?post=502928"},{"taxonomy":"post_tag","embeddable":true,"href":"https:\/\/www.europesays.com\/fr\/wp-json\/wp\/v2\/tags?post=502928"}],"curies":[{"name":"wp","href":"https:\/\/api.w.org\/{rel}","templated":true}]}}