{"id":50293,"date":"2025-04-24T22:51:13","date_gmt":"2025-04-24T22:51:13","guid":{"rendered":"https:\/\/www.europesays.com\/fr\/50293\/"},"modified":"2025-04-24T22:51:13","modified_gmt":"2025-04-24T22:51:13","slug":"om-frank-mccourt-de-retour-a-marseille-ce-dimanche-pour-la-reception-de-brest","status":"publish","type":"post","link":"https:\/\/www.europesays.com\/fr\/50293\/","title":{"rendered":"OM. Frank McCourt de retour \u00e0 Marseille ce dimanche pour la r\u00e9ception de Brest"},"content":{"rendered":"<p>D\u00e9j\u00e0 <a href=\"https:\/\/www.laprovence.com\/article\/om\/1574169337273415\/info-la-provence-om-frank-mccourt-sera-present-a-marseille-dimanche-et-assistera-a-la-reception-de-toulouse\" target=\"_blank\" rel=\"nofollow noopener\">pr\u00e9sent \u00e0 Marseille dimanche\u00a06 et lundi 7\u00a0avril<\/a>, l\u2019actionnaire majoritaire de l\u2019OM, Frank McCourt, va, selon nos informations, revenir d\u00e8s ce dimanche dans la cit\u00e9 phoc\u00e9enne pour assister \u00e0 la r\u00e9ception de Brest au V\u00e9lodrome (20h45), mais \u00e9galement au match des f\u00e9minines contre Le\u00a0Mans (\u00e0 15h, \u00e0 l\u2019OM Campus). Deux visites en trois semaines\u00a0: rarement l\u2019Am\u00e9ricain n\u2019avait \u00e9t\u00e9 aussi pr\u00e9sent aupr\u00e8s de son club, <a href=\"https:\/\/www.laprovence.com\/article\/om\/6281198\/retrouvez-linterview-exclusive-de-frank-mccourt-lom-na-jamais-ete-a-vendre-il-ne-lest-pas-aujourdhui-et-ne-le\" target=\"_blank\" rel=\"nofollow noopener\">lui qui a parfois pass\u00e9 plusieurs mois loin de l\u2019enceinte du boulevard Michelet depuis le rachat en\u00a02016<\/a>.<\/p>\n<p>Lors de son dernier voyage, au d\u00e9but du mois, <a href=\"https:\/\/www.laprovence.com\/article\/om\/128102451054515\/om-passage-dans-le-vestiaire-reunion-avec-pablo-longoria-le-recit-de-la-visite-de-frank-mccourt-a-marseille\" target=\"_blank\" rel=\"nofollow noopener\">le Bostonien en avait surtout profit\u00e9 pour \u00e9changer longuement avec le pr\u00e9sident Pablo Longoria au sujet du conflit entre la LFP et DAZN<\/a>, et de la situation du football fran\u00e7ais, tout en allant f\u00e9liciter Roberto De Zerbi et ses hommes \u00e0 l\u2019issue de <a href=\"https:\/\/www.laprovence.com\/article\/om\/2178766086185915\/om-toulouse-kondogbia-en-grande-souffrance-rabiot-en-patron-decouvrez-les-notes-des-olympiens\" target=\"_blank\" rel=\"nofollow noopener\">leur succ\u00e8s contre Toulouse (3-2)<\/a>. Cette fois, il a surtout d\u00e9cid\u00e9 d\u2019\u00eatre pr\u00e9sent en raison de son tr\u00e8s vif int\u00e9r\u00eat pour la fin de saison sportive des Olympiens, en course pour la qualification en Ligue des champions, et de la section f\u00e9minine, qui peut monter en Division 1.<\/p>\n","protected":false},"excerpt":{"rendered":"D\u00e9j\u00e0 pr\u00e9sent \u00e0 Marseille dimanche\u00a06 et lundi 7\u00a0avril, l\u2019actionnaire majoritaire de l\u2019OM, Frank McCourt, va, selon nos informations,&hellip;\n","protected":false},"author":2,"featured_media":50294,"comment_status":"","ping_status":"","sticky":false,"template":"","format":"standard","meta":{"footnotes":""},"categories":[2814],"tags":[17,1111,11,6664,1777,674,1011,27,10637,884,14298,12,149,471,882,25,8133],"class_list":{"0":"post-50293","1":"post","2":"type-post","3":"status-publish","4":"format-standard","5":"has-post-thumbnail","7":"category-marseille","8":"tag-17","9":"tag-actu","10":"tag-actualites","11":"tag-dimanche","12":"tag-eu","13":"tag-europe","14":"tag-fr","15":"tag-france","16":"tag-frank","17":"tag-marseille","18":"tag-mccourt","19":"tag-news","20":"tag-om","21":"tag-pour","22":"tag-provence-alpes-cote-dazur","23":"tag-republique-francaise","24":"tag-retour"},"share_on_mastodon":{"url":"https:\/\/pubeurope.com\/@fr\/114395393817207093","error":""},"_links":{"self":[{"href":"https:\/\/www.europesays.com\/fr\/wp-json\/wp\/v2\/posts\/50293","targetHints":{"allow":["GET"]}}],"collection":[{"href":"https:\/\/www.europesays.com\/fr\/wp-json\/wp\/v2\/posts"}],"about":[{"href":"https:\/\/www.europesays.com\/fr\/wp-json\/wp\/v2\/types\/post"}],"author":[{"embeddable":true,"href":"https:\/\/www.europesays.com\/fr\/wp-json\/wp\/v2\/users\/2"}],"replies":[{"embeddable":true,"href":"https:\/\/www.europesays.com\/fr\/wp-json\/wp\/v2\/comments?post=50293"}],"version-history":[{"count":0,"href":"https:\/\/www.europesays.com\/fr\/wp-json\/wp\/v2\/posts\/50293\/revisions"}],"wp:featuredmedia":[{"embeddable":true,"href":"https:\/\/www.europesays.com\/fr\/wp-json\/wp\/v2\/media\/50294"}],"wp:attachment":[{"href":"https:\/\/www.europesays.com\/fr\/wp-json\/wp\/v2\/media?parent=50293"}],"wp:term":[{"taxonomy":"category","embeddable":true,"href":"https:\/\/www.europesays.com\/fr\/wp-json\/wp\/v2\/categories?post=50293"},{"taxonomy":"post_tag","embeddable":true,"href":"https:\/\/www.europesays.com\/fr\/wp-json\/wp\/v2\/tags?post=50293"}],"curies":[{"name":"wp","href":"https:\/\/api.w.org\/{rel}","templated":true}]}}