{"id":502930,"date":"2025-10-31T19:56:12","date_gmt":"2025-10-31T19:56:12","guid":{"rendered":"https:\/\/www.europesays.com\/fr\/502930\/"},"modified":"2025-10-31T19:56:12","modified_gmt":"2025-10-31T19:56:12","slug":"kaja-kallas-nous-ne-pouvons-pas-combler-le-vide-daide-humanitaire-laisse-par-les-americains","status":"publish","type":"post","link":"https:\/\/www.europesays.com\/fr\/502930\/","title":{"rendered":"Kaja Kallas : \u00abNous ne pouvons pas combler le vide d\u2019aide humanitaire laiss\u00e9 par les Am\u00e9ricains\u00bb"},"content":{"rendered":"<p>\n                                                Cette semaine, nous recevons Kaja Kallas en marge du Forum de Paris sur la Paix. La cheffe de la Diplomatie europ\u00e9enne revient sur les relations de l&rsquo;UE avec les \u00c9tats-Unis de Donald Trump et la position de l&rsquo;Europe sur diff\u00e9rentes crises \u00e0 travers le monde comme \u00e0 Gaza, au Soudan et en Ukraine.                    <\/p>\n<p>Face \u00e0 la multiplication des conflits, Kaja Kallas, Haute repr\u00e9sentante de l&rsquo;UE pour les Affaires \u00e9trang\u00e8res et la politique de s\u00e9curit\u00e9, appelle de toute urgence \u00e0 prot\u00e9ger l&rsquo;\u00e9tat de droit. \u00abSi l&rsquo;on regarde ce qui se passe dans le monde, le droit international fait l&rsquo;objet d&rsquo;assauts r\u00e9p\u00e9t\u00e9s, alors qu&rsquo;il constitue vraiment une protection pour les petits pays et emp\u00eache les grandes puissances voisines de dicter leur loi.\u00bb Une conception du monde qui s&rsquo;oppose \u00e0 celle de certaines puissances \u00e9trang\u00e8res qui tentent de s&rsquo;ing\u00e9rer dans les affaires europ\u00e9ennes pour affaiblir la position des Vingt-Sept : \u00abElles cherchent les petits feux qui consument nos soci\u00e9t\u00e9s et jettent de l&rsquo;huile dessus de toutes parts. Car si nous nous entretuons, nous sommes plus faibles\u00bb, met-elle en garde.\u00a0<\/p>\n<p>Face \u00e0 la menace <strong><a target=\"_self\" href=\"https:\/\/www.rfi.fr\/fr\/tag\/russie\/\" rel=\"noopener\">russe<\/a><\/strong>, la vice-pr\u00e9sidente de la Commission europ\u00e9enne appelle \u00e0 renforcer la <strong><a target=\"_self\" href=\"https:\/\/www.rfi.fr\/fr\/tag\/d\u00e9fense\/\" rel=\"noopener\">d\u00e9fense<\/a><\/strong> europ\u00e9enne, tout en niant que l&rsquo;ex\u00e9cutif outrepasse ses comp\u00e9tences. \u00abLes \u00c9tats nationaux ont la primaut\u00e9 en mati\u00e8re de d\u00e9fense, mais on peut essayer de les coordonner, de les organiser par groupes de pays, car certains projets sont trop gros pour un seul \u00c9tat, mais r\u00e9alisables \u00e0 plusieurs.\u00bb Elle souhaite s&rsquo;inspirer du mod\u00e8le ukrainien de production de drones pour d\u00e9velopper des projets europ\u00e9ens.<\/p>\n<p>La cheffe de la Diplomatie europ\u00e9enne se f\u00e9licite du \u00abcessez-le-feu tr\u00e8s attendu, tout comme la lib\u00e9ration des otages\u00bb, mais rappelle qu&rsquo;il reste pr\u00e9caire et qu&rsquo;il ne s&rsquo;agit que d&rsquo;une premi\u00e8re \u00e9tape. \u00abIl faut que la communaut\u00e9 internationale soit pr\u00e9sente \u00e0 chaque \u00e9tape\u00bb, mart\u00e8le Kaja Kallas, qui estime que l\u2019UE doit moins s\u2019int\u00e9resser aux sanctions \u00e0 appliquer et concentrer ses efforts sur sa participation \u00e0 un processus de paix durable.<\/p>\n<p>Elle d\u00e9nonce par ailleurs la situation \u00abinsoutenable\u00bb au Soudan, qui ne \u00abcapte pas assez l&rsquo;attention des m\u00e9dias par rapport aux autres conflits\u00bb. \u00abCeux qui soutiennent les parties en guerre en leur fournissant des armes doivent cesser de le faire\u00bb, a-t-elle insist\u00e9.<\/p>\n<p>Kaja Kallas revient \u00e9galement sur la relation entre l&rsquo;Union europ\u00e9enne et les <strong><a target=\"_self\" href=\"https:\/\/www.rfi.fr\/fr\/tag\/\u00e9tats-unis\/\" rel=\"noopener\">\u00c9tats-Unis<\/a><\/strong> de <strong><a target=\"_self\" href=\"https:\/\/www.rfi.fr\/fr\/tag\/donald-trump\/\" rel=\"noopener\">Donald Trump<\/a><\/strong>. Le pr\u00e9sident am\u00e9ricain \u00abveut certainement une Am\u00e9rique forte\u00bb, ironise la Haute repr\u00e9sentante de l&rsquo;UE pour les Affaires \u00e9trang\u00e8res, \u00abs\u2019il s\u2019agit pour cela d\u2019affaiblir le monde, nous devons r\u00e9fl\u00e9chir \u00e0 ce que nous devons faire, nous, Europ\u00e9ens\u00bb.\u00a0<\/p>\n<p>En marge du Forum de Paris sur la paix, o\u00f9 une <strong><a target=\"_self\" href=\"https:\/\/www.rfi.fr\/fr\/tag\/humanitaire\/\" rel=\"noopener\">aide internationale<\/a><\/strong> de 1,5 milliard d&rsquo;euros a \u00e9t\u00e9 annonc\u00e9e pour r\u00e9pondre aux crises dans la r\u00e9gion des Grands Lacs en <strong><a target=\"_self\" href=\"https:\/\/www.rfi.fr\/fr\/tag\/afrique\/\" rel=\"noopener\">Afrique<\/a><\/strong>, la cheffe de la Diplomatie europ\u00e9enne a rappel\u00e9 l&rsquo;urgence d&rsquo;apporter une aide humanitaire l\u00e0 o\u00f9 elle est n\u00e9cessaire, tout en d\u00e9non\u00e7ant la d\u00e9cision am\u00e9ricaine de retirer son aide. \u00abTous les pays du monde attendent devant notre porte en nous demandant de combler le manque \u00e0 gagner. Nos contribuables europ\u00e9ens ne le peuvent pas. Nous essayons de faire notre devoir, mais nous ne pouvons pas combler le vide laiss\u00e9 par les Am\u00e9ricains.\u00bb<\/p>\n","protected":false},"excerpt":{"rendered":"Cette semaine, nous recevons Kaja Kallas en marge du Forum de Paris sur la Paix. La cheffe de&hellip;\n","protected":false},"author":2,"featured_media":502931,"comment_status":"","ping_status":"","sticky":false,"template":"","format":"standard","meta":{"footnotes":""},"categories":[1586],"tags":[11,3259,312,1777,674,1011,27,7248,12,626,25,4535,220,364],"class_list":{"0":"post-502930","1":"post","2":"type-post","3":"status-publish","4":"format-standard","5":"has-post-thumbnail","7":"category-europe","8":"tag-actualites","9":"tag-conflit-israelo-palestinien","10":"tag-diplomatie","11":"tag-eu","12":"tag-europe","13":"tag-fr","14":"tag-france","15":"tag-ici-leurope","16":"tag-news","17":"tag-paris","18":"tag-republique-francaise","19":"tag-soudan","20":"tag-ukraine","21":"tag-union-europeenne"},"share_on_mastodon":{"url":"https:\/\/pubeurope.com\/@fr\/115470544822713943","error":""},"_links":{"self":[{"href":"https:\/\/www.europesays.com\/fr\/wp-json\/wp\/v2\/posts\/502930","targetHints":{"allow":["GET"]}}],"collection":[{"href":"https:\/\/www.europesays.com\/fr\/wp-json\/wp\/v2\/posts"}],"about":[{"href":"https:\/\/www.europesays.com\/fr\/wp-json\/wp\/v2\/types\/post"}],"author":[{"embeddable":true,"href":"https:\/\/www.europesays.com\/fr\/wp-json\/wp\/v2\/users\/2"}],"replies":[{"embeddable":true,"href":"https:\/\/www.europesays.com\/fr\/wp-json\/wp\/v2\/comments?post=502930"}],"version-history":[{"count":0,"href":"https:\/\/www.europesays.com\/fr\/wp-json\/wp\/v2\/posts\/502930\/revisions"}],"wp:featuredmedia":[{"embeddable":true,"href":"https:\/\/www.europesays.com\/fr\/wp-json\/wp\/v2\/media\/502931"}],"wp:attachment":[{"href":"https:\/\/www.europesays.com\/fr\/wp-json\/wp\/v2\/media?parent=502930"}],"wp:term":[{"taxonomy":"category","embeddable":true,"href":"https:\/\/www.europesays.com\/fr\/wp-json\/wp\/v2\/categories?post=502930"},{"taxonomy":"post_tag","embeddable":true,"href":"https:\/\/www.europesays.com\/fr\/wp-json\/wp\/v2\/tags?post=502930"}],"curies":[{"name":"wp","href":"https:\/\/api.w.org\/{rel}","templated":true}]}}