{"id":502932,"date":"2025-10-31T19:57:17","date_gmt":"2025-10-31T19:57:17","guid":{"rendered":"https:\/\/www.europesays.com\/fr\/502932\/"},"modified":"2025-10-31T19:57:17","modified_gmt":"2025-10-31T19:57:17","slug":"rejet-de-la-taxe-zucman-il-ny-a-pas-eu-le-moindre-compromis","status":"publish","type":"post","link":"https:\/\/www.europesays.com\/fr\/502932\/","title":{"rendered":"Rejet de la Taxe Zucman\u00a0: \u00ab\u00a0Il n\u2019y a pas eu le moindre compromis\u00a0\u00bb"},"content":{"rendered":"<p>La journ\u00e9e promettait d\u2019\u00eatre cl\u00e9 dans les d\u00e9bats budg\u00e9taires mais pour la gauche et les socialistes en particulier il n\u2019y a pas eu de miracle, <a href=\"https:\/\/www.humanite.fr\/social-et-economie\/gabriel-zucman\/face-au-chantage-des-ultra-riches-nous-ne-sommes-pas-impuissants-entretien-avec-leconomiste-gabriel-zucman\" target=\"_blank\" rel=\"noopener\">la taxe Zucman<\/a> a bien \u00e9t\u00e9 rejet\u00e9e. Seuls la gauche et quelques d\u00e9put\u00e9s Liot l\u2019ont soutenue (autour de 170 voix suivant les amendements). Le bloc central, la droite et l\u2019extr\u00eame droite s\u2019y sont, comme attendu, oppos\u00e9s (autour de 230 voix). <a href=\"https:\/\/www.humanite.fr\/politique\/assemblee-nationale\/taxer-les-riches-comment-la-gauche-a-emporte-la-bataille-culturelle-en-imposant-la-taxe-zucman-dans-le-debat-public\" target=\"_blank\" rel=\"noopener\">Pour rappel, la taxe Zucman propose la cr\u00e9ation d\u2019un imp\u00f4t plancher de 2\u00a0%<\/a> sur les tr\u00e8s hauts patrimoines, sup\u00e9rieurs \u00e0 100\u00a0millions d\u2019euros, en incluant les biens professionnels, pour \u00e9liminer la d\u00e9gressivit\u00e9 de l\u2019imp\u00f4t chez les ultra-riches.<\/p>\n<p>Les d\u00e9put\u00e9s des quatre groupes de gauche n\u2019ont pourtant pas m\u00e9nag\u00e9 leur peine\u00a0: ils ont d\u00e9fendu le principe m\u00eame de la justice fiscale\u00a0; appuy\u00e9s sur les sondages\u00a0; sur l<a href=\"https:\/\/www.humanite.fr\/politique\/assemblee-nationale\/cest-defendre-le-droit-des-milliardaires-a-payer-zero-la-macronie-et-le-rn-bloquent-de-nouveau-la-taxe-zucman-en-commission-des-finances\" target=\"_blank\" rel=\"noopener\">a n\u00e9cessit\u00e9 de faire rentrer de nouvelles recettes fiscales<\/a>\u00a0; ont rassur\u00e9 sur la constitutionnalit\u00e9 de la mesure\u00a0; ont rappel\u00e9 qu\u2019il ne s\u2019agit que d\u2019une contribution diff\u00e9rentielle\u00a0; aussi la n\u00e9cessit\u00e9 de rendre impossible <a href=\"https:\/\/www.humanite.fr\/social-et-economie\/impots\/pourquoi-les-378-contribuables-francais-les-plus-fortunes-ne-paient-que-2-dimpots-797832\" target=\"_blank\" rel=\"noopener\">les m\u00e9canismes d\u2019optimisation fiscale<\/a> qui mitent l\u2019imp\u00f4t\u2026 Rien n\u2019y a fait.<\/p>\n<p>Am\u00e9lie de Montchalin, la ministre charg\u00e9e des Comptes publics, a notamment ni\u00e9 l\u2019accroissement des in\u00e9galit\u00e9s depuis l\u2019\u00e9lection d\u2019Emmanuel Macron. \u00ab\u00a0Oui, il y a une accumulation d\u2019une richesse in\u00e9gal\u00e9e dans l\u2019histoire de notre pays depuis la noblesse de l\u2019Ancien r\u00e9gime\u00a0\u00bb, lui a r\u00e9pondu le pr\u00e9sident insoumis de la commission des finances, Eric Coquerel.<\/p>\n<p>\u00ab\u00a0Tout aura \u00e9t\u00e9 essay\u00e9 et rien n\u2019aura \u00e9t\u00e9 accept\u00e9\u00a0\u00bb<\/p>\n<p>Dans aucune des prises de paroles des groupes cens\u00e9s soutenir le gouvernement n\u2019a \u00e9voqu\u00e9 le d\u00e9but d\u2019un pas vers un compromis. <a href=\"https:\/\/www.humanite.fr\/politique\/budget\/vincent-bollore-ne-serait-pas-taxe-pourquoi-la-taxe-zucman-light-du-ps-ne-convainc-pas\" target=\"_blank\" rel=\"noopener\">Outre la \u00ab\u00a0taxe Zucman light\u00a0\u00bb du Parti socialiste<\/a>, qui proposait de retirer certains biens professionnels, les \u00e9cologistes ont notamment essay\u00e9 de sous-amender la taxe Zucman en modulant par exemple le taux en d\u00e9sespoir de cause\u2026 \u00ab\u00a0On peut dire que sur les bancs de la gauche tout aura \u00e9t\u00e9 essay\u00e9 et rien n\u2019aura \u00e9t\u00e9 accept\u00e9\u00a0\u00bb, a d\u00e9plor\u00e9 \u00e0 la sortie la d\u00e9put\u00e9e du groupe Ecologiste et social Cl\u00e9mentine Autain.<\/p>\n<p>La matin\u00e9e avait d\u00e9j\u00e0 vol\u00e9 le suspense, quand, \u00e0 l\u2019issue d\u2019une longue suspension de s\u00e9ance et de conciliabules au sein du \u00ab\u00a0socle commun\u00a0\u00bb, une coalition allant de Renaissance au RN a encore r\u00e9duit la port\u00e9e de la taxe sur les holdings familiales voulue par le gouvernement.<\/p>\n<p>D\u2019apr\u00e8s les informations de \u00ab\u00a0l\u2019Humanit\u00e9\u00a0\u00bb c\u2019est d\u2019ailleurs ce vote qui a suscit\u00e9 l\u2019invitation de derni\u00e8re minute \u00e0 d\u00e9jeuner \u00e0 Matignon d\u2019Olivier Faure, premier secr\u00e9taire du PS, et Boris Vallaud, le pr\u00e9sident du groupe. Cela ne semble pas avoir particuli\u00e8rement rassur\u00e9 les socialistes qui, apr\u00e8s les diff\u00e9rents, rejets, ont fait monter leurs deux t\u00eates pour en appeler au premier ministre\u00a0: \u00ab\u00a0Il n\u2019y a pas eu le moindre compromis\u00a0\u00bb, a constat\u00e9 Boris Vallaud\u00a0; \u00ab\u00a0Les 15\u00a0milliards (que les socialistes demandaient, N.D.L.R.), nous le les avons pas. \u00c0 en croire la ministre nous sommes m\u00eame \u00e0 -2\u00a0milliards\u00a0\u00bb, a remarqu\u00e9 Olivier Faure.<\/p>\n<p>Car le premier ministre, il est l\u00e0. Depuis 11\u00a0h\u00a030 au banc, sans jamais prendre la parole. Il est rest\u00e9 cinq heures de s\u00e9ance silencieux avant d\u2019enfin se lever pour renvoyer les socialistes \u00e0 leurs d\u00e9faites lors des votes pr\u00e9c\u00e9dents\u00a0: \u00ab\u00a0On ne peut pas dire que le 49.3 est un coup de force d\u00e9mocratique et quand l\u2019Assembl\u00e9e nationale s\u2019est exprim\u00e9e parler de coup de force d\u00e9mocratique quand on n\u2019a pas eu ce qu\u2019on voulait\u00a0\u00bb.<\/p>\n<p>S\u00e9bastien Lecornu s\u2019est bien montr\u00e9 ouvert au d\u00e9gel des pensions de retraite, au d\u00e9gel des minimums sociaux ou m\u00eame \u00e0 faire \u00e9voluer l\u2019objectif national des d\u00e9penses d\u2019assurance maladie. Mais en les finan\u00e7ant via des \u00e9conomies ou des pr\u00e9l\u00e8vements suppl\u00e9mentaires qui auraient une majorit\u00e9 dans l\u2019h\u00e9micycle. \u201cLe probl\u00e8me majeur est d\u2019abord un probl\u00e8me de recettes avant d\u2019\u00eatre un probl\u00e8me de d\u00e9pense\u201d, lui a n\u00e9anmoins rappel\u00e9 le communiste St\u00e9phane Peu. <\/p>\n<p>La Macronie va tranquillement d\u00e9rouler<\/p>\n<p>Comme seule r\u00e9ponse, Boris Vallaud s\u2019est dit une nouvelle fois \u00ab\u00a0ouvert au d\u00e9bat\u00a0\u00bb, d\u00e9sesp\u00e9rant derri\u00e8re lui quelques d\u00e9put\u00e9s des autres groupes de gauche. Car, au fond, en se r\u00e9fugiant en toutes choses derri\u00e8re le renoncement au 49.3, qui ne donne aucun superpouvoir \u00e0 l\u2019Assembl\u00e9e nationale en mati\u00e8re budg\u00e9taire, le Premier ministre semble demander aux socialistes de voter in fine un budget qui, entre-temps, aura \u00e9t\u00e9 fa\u00e7onn\u00e9 par les votes conjoints du \u00ab\u00a0socle commun\u00a0\u00bb et de l\u2019extr\u00eame droite.<\/p>\n<p>Le sort m\u00eame de la l\u00e9gislature, comme l\u2019a dit un d\u00e9put\u00e9 socialiste pendant le d\u00e9bat, \u00e9tait-il bien en jeu ce vendredi \u00e0 l\u2019Assembl\u00e9e nationale\u00a0? Si les socialistes jouent bien le rapport de force jusqu\u2019au bout, en d\u00e9posant tr\u00e8s prochainement une motion de censure, peut-\u00eatre. Sans \u00e7a, le gouvernement et les d\u00e9put\u00e9s macronistes peuvent tranquillement d\u00e9rouler.<\/p>\n<p>Face \u00e0 l\u2019extr\u00eame droite, ne rien l\u00e2cher\u00a0!<\/p>\n<p>C\u2019est pied \u00e0 pied, argument contre argument qu\u2019il faut combattre l\u2019extr\u00eame droite. Et c\u2019est ce que nous faisons chaque jour dans l\u2019Humanit\u00e9.<\/p>\n<p>Face aux attaques incessantes des racistes et des porteurs de haine\u00a0: soutenez-nous\u00a0! Ensemble, faisons entendre une autre voix dans ce d\u00e9bat public toujours plus naus\u00e9abond.<br \/><a href=\"https:\/\/www.humanite.fr\/lhumanite-cest-vous\" target=\"_blank\" rel=\"noopener\">Je veux en savoir plus.<\/a><\/p>\n","protected":false},"excerpt":{"rendered":"La journ\u00e9e promettait d\u2019\u00eatre cl\u00e9 dans les d\u00e9bats budg\u00e9taires mais pour la gauche et les socialistes en particulier&hellip;\n","protected":false},"author":2,"featured_media":502933,"comment_status":"","ping_status":"","sticky":false,"template":"","format":"standard","meta":{"footnotes":""},"categories":[1586],"tags":[11,6428,1003,1777,674,1779,1011,27,12,25,52897,1778,364],"class_list":{"0":"post-502932","1":"post","2":"type-post","3":"status-publish","4":"format-standard","5":"has-post-thumbnail","7":"category-europe","8":"tag-actualites","9":"tag-assemblu00e9e-nationale","10":"tag-budget","11":"tag-eu","12":"tag-europe","13":"tag-european-union","14":"tag-fr","15":"tag-france","16":"tag-news","17":"tag-republique-francaise","18":"tag-taxe-zucman","19":"tag-ue","20":"tag-union-europeenne"},"share_on_mastodon":{"url":"https:\/\/pubeurope.com\/@fr\/115470548625616759","error":""},"_links":{"self":[{"href":"https:\/\/www.europesays.com\/fr\/wp-json\/wp\/v2\/posts\/502932","targetHints":{"allow":["GET"]}}],"collection":[{"href":"https:\/\/www.europesays.com\/fr\/wp-json\/wp\/v2\/posts"}],"about":[{"href":"https:\/\/www.europesays.com\/fr\/wp-json\/wp\/v2\/types\/post"}],"author":[{"embeddable":true,"href":"https:\/\/www.europesays.com\/fr\/wp-json\/wp\/v2\/users\/2"}],"replies":[{"embeddable":true,"href":"https:\/\/www.europesays.com\/fr\/wp-json\/wp\/v2\/comments?post=502932"}],"version-history":[{"count":0,"href":"https:\/\/www.europesays.com\/fr\/wp-json\/wp\/v2\/posts\/502932\/revisions"}],"wp:featuredmedia":[{"embeddable":true,"href":"https:\/\/www.europesays.com\/fr\/wp-json\/wp\/v2\/media\/502933"}],"wp:attachment":[{"href":"https:\/\/www.europesays.com\/fr\/wp-json\/wp\/v2\/media?parent=502932"}],"wp:term":[{"taxonomy":"category","embeddable":true,"href":"https:\/\/www.europesays.com\/fr\/wp-json\/wp\/v2\/categories?post=502932"},{"taxonomy":"post_tag","embeddable":true,"href":"https:\/\/www.europesays.com\/fr\/wp-json\/wp\/v2\/tags?post=502932"}],"curies":[{"name":"wp","href":"https:\/\/api.w.org\/{rel}","templated":true}]}}