{"id":502934,"date":"2025-10-31T19:58:12","date_gmt":"2025-10-31T19:58:12","guid":{"rendered":"https:\/\/www.europesays.com\/fr\/502934\/"},"modified":"2025-10-31T19:58:12","modified_gmt":"2025-10-31T19:58:12","slug":"a-lassemblee-nationale-le-grand-nimporte-quoi-fiscal","status":"publish","type":"post","link":"https:\/\/www.europesays.com\/fr\/502934\/","title":{"rendered":"\u00e0 l\u2019Assembl\u00e9e nationale, le grand n\u2019importe quoi fiscal"},"content":{"rendered":"<p>\n    <strong>D\u00c9CRYPTAGE<\/strong> &#8211; Taxe Zucman ou pas, de nouveaux imp\u00f4ts s\u2019abattent sur les grandes entreprises, les contribuables ais\u00e9s et le capital. Ce ne sera pas sans cons\u00e9quences.<\/p>\n<p class=\"fig-paragraph\">Le Palais Bourbon, en commissions et dans l\u2019H\u00e9micycle, se serait-il transform\u00e9 en \u00ab\u00a0rage room\u00a0\u00bb, ces nouvelles salles de loisirs o\u00f9 on peut tout casser pour \u00e9vacuer col\u00e8re et frustration\u00a0? Il y r\u00e8gne en tout cas une atmosph\u00e8re de d\u00e9fouloir depuis qu\u2019a commenc\u00e9 l\u2019examen des projets de\u00a0<a href=\"http:\/\/www.lefigaro.fr\/conjoncture\/multinationales-gafam-hauts-revenus-taxe-par-taxe-decouvrez-quel-parti-et-quel-depute-ont-vote-quoi-sur-le-budget-2026-20251030\" data-fig-type=\"Article\" data-gtm-custom-categorie=\"navigation\" data-gtm-custom-action=\"crossclick\" data-gtm-custom-label=\"Contextuel\" data-gtm-event=\"customEventSPE\" data-fig-domain=\"LEFIGARO\" target=\"_blank\" rel=\"noopener\">loi de finances (PLF)<\/a>\u00a0et de\u00a0<a href=\"http:\/\/www.lefigaro.fr\/social\/tickets-restaurant-csg-apprentis-quels-amendements-au-projet-de-budget-de-la-secu-ont-ete-adoptes-en-commission-20251028\" data-fig-type=\"Article\" data-gtm-custom-categorie=\"navigation\" data-gtm-custom-action=\"crossclick\" data-gtm-custom-label=\"Contextuel\" data-gtm-event=\"customEventSPE\" data-fig-domain=\"LEFIGARO\" target=\"_blank\" rel=\"noopener\">financement de la S\u00e9curit\u00e9 sociale (PLFSS)<\/a>\u00a0il y a deux semaines.<\/p>\n<p class=\"fig-paragraph\">Ceci se traduit par un d\u00e9luge fiscal, au-del\u00e0 des 14\u00a0milliards d\u2019euros de hausse d\u00e9j\u00e0 pr\u00e9vus par le projet du gouvernement Lecornu. Il concerne essentiellement\u00a0<a href=\"http:\/\/www.lefigaro.fr\/politique\/l-assemblee-rejette-la-taxe-zucman-la-gauche-vent-debout-contre-le-gouvernement-20251031\" data-fig-type=\"Article\" data-gtm-custom-categorie=\"navigation\" data-gtm-custom-action=\"crossclick\" data-gtm-custom-label=\"Contextuel\" data-gtm-event=\"customEventSPE\" data-fig-domain=\"LEFIGARO\" target=\"_blank\" rel=\"noopener\">les contribuables les plus ais\u00e9s<\/a>, les entreprises et le capital, vis\u00e9s tour \u00e0 tour par des id\u00e9es venues de la gauche, du Rassemblement national ou du bloc central.<\/p>\n<p>Les nouveaut\u00e9s du budget 2026<\/p>\n<p class=\"fig-paragraph\">Petit inventaire. La surtaxe exceptionnelle d\u2019imp\u00f4t sur les soci\u00e9t\u00e9s (IS) pour les plus grands groupes a \u00e9t\u00e9 relev\u00e9e et devra rapporter 6\u00a0milliards d\u2019euros au lieu de 4\u00a0milliards.\u00a0<a href=\"http:\/\/www.lefigaro.fr\/politique\/taxe-zucman-superdividendes-baisse-de-l-effort-budgetaire-ces-deputes-du-bloc-central-prets-a-ceder-au-ps-20250910\" data-fig-type=\"Article\" data-gtm-custom-categorie=\"navigation\" data-gtm-custom-action=\"crossclick\" data-gtm-custom-label=\"Contextuel\" data-gtm-event=\"customEventSPE\" data-fig-domain=\"LEFIGARO\" target=\"_blank\" rel=\"noopener\">Une taxe sur les \u00ab\u00a0superdividendes\u00a0\u00bb<\/a>, progressive, visera les entreprises de plus de 750\u00a0millions d\u2019euros\u2026<\/p>\n<p class=\"fig-premium-paywall__infos\">\n        Cet article est r\u00e9serv\u00e9 aux abonn\u00e9s.        Il vous reste 85% \u00e0 d\u00e9couvrir.\n    <\/p>\n<p>                <img  data- alt=\"Le Figaro\" class=\"fig-img--complete fig-img\"\/><\/p>\n<p class=\"fig-premium-paywall__title\">Vous avez envie de lire la suite ?<\/p>\n<p class=\"fig-premium-paywall__subtitle\">D\u00e9bloquez tous les articles imm\u00e9diatement.<\/p>\n<p class=\"fig-premium-paywall__connect\">\n                D\u00e9j\u00e0 abonn\u00e9\u00a0?                <a class=\"fig-premium-paywall__connect-link\" href=\"https:\/\/connect.lefigaro.fr\/login?client=horizon_web&amp;type=main&amp;redirect_uri=https%3A%2F%2Fwww.lefigaro.fr%2Feconomie%2Fa-l-assemblee-nationale-le-grand-n-importe-quoi-fiscal-20251031\" data-js-gtm=\"{&quot;customCategorie&quot;: &quot;conversion&quot;, &quot;customAction&quot;: &quot;before_Landing_Connexion_paywall_auto&quot;, &quot;customLabel&quot;: &quot;bGVmaWdhcm8uZnJfXzFmMGI1OWYzLTFkNDYtNmFmMi05Zjg1LWY1MGEyYjQwMTA0M19fQXJ0aWNsZQ==_D\u00e9luge de nouveaux imp\u00f4ts: \u00e0 l\u2019Assembl\u00e9e nationale, le grand n\u2019importe quoi fiscal_290&quot;, &quot;customIDSPE&quot;: &quot;bGVmaWdhcm8uZnJfXzFmMGI1OWYzLTFkNDYtNmFmMi05Zjg1LWY1MGEyYjQwMTA0M19fQXJ0aWNsZQ==&quot;, &quot;event&quot;: &quot;customEventSPE&quot;}\" target=\"_blank\" rel=\"noopener\"><br \/>\n                    Connectez-vous<br \/>\n                <\/a>\n            <\/p>\n","protected":false},"excerpt":{"rendered":"D\u00c9CRYPTAGE &#8211; Taxe Zucman ou pas, de nouveaux imp\u00f4ts s\u2019abattent sur les grandes entreprises, les contribuables ais\u00e9s et&hellip;\n","protected":false},"author":2,"featured_media":502935,"comment_status":"","ping_status":"","sticky":false,"template":"","format":"standard","meta":{"footnotes":""},"categories":[2],"tags":[11,1003,1011,27,342,12,25,11067],"class_list":{"0":"post-502934","1":"post","2":"type-post","3":"status-publish","4":"format-standard","5":"has-post-thumbnail","7":"category-actualites","8":"tag-actualites","9":"tag-budget","10":"tag-fr","11":"tag-france","12":"tag-impots","13":"tag-news","14":"tag-republique-francaise","15":"tag-sebastien-lecornu"},"share_on_mastodon":{"url":"https:\/\/pubeurope.com\/@fr\/115470552465264210","error":""},"_links":{"self":[{"href":"https:\/\/www.europesays.com\/fr\/wp-json\/wp\/v2\/posts\/502934","targetHints":{"allow":["GET"]}}],"collection":[{"href":"https:\/\/www.europesays.com\/fr\/wp-json\/wp\/v2\/posts"}],"about":[{"href":"https:\/\/www.europesays.com\/fr\/wp-json\/wp\/v2\/types\/post"}],"author":[{"embeddable":true,"href":"https:\/\/www.europesays.com\/fr\/wp-json\/wp\/v2\/users\/2"}],"replies":[{"embeddable":true,"href":"https:\/\/www.europesays.com\/fr\/wp-json\/wp\/v2\/comments?post=502934"}],"version-history":[{"count":0,"href":"https:\/\/www.europesays.com\/fr\/wp-json\/wp\/v2\/posts\/502934\/revisions"}],"wp:featuredmedia":[{"embeddable":true,"href":"https:\/\/www.europesays.com\/fr\/wp-json\/wp\/v2\/media\/502935"}],"wp:attachment":[{"href":"https:\/\/www.europesays.com\/fr\/wp-json\/wp\/v2\/media?parent=502934"}],"wp:term":[{"taxonomy":"category","embeddable":true,"href":"https:\/\/www.europesays.com\/fr\/wp-json\/wp\/v2\/categories?post=502934"},{"taxonomy":"post_tag","embeddable":true,"href":"https:\/\/www.europesays.com\/fr\/wp-json\/wp\/v2\/tags?post=502934"}],"curies":[{"name":"wp","href":"https:\/\/api.w.org\/{rel}","templated":true}]}}