{"id":502940,"date":"2025-10-31T20:01:16","date_gmt":"2025-10-31T20:01:16","guid":{"rendered":"https:\/\/www.europesays.com\/fr\/502940\/"},"modified":"2025-10-31T20:01:16","modified_gmt":"2025-10-31T20:01:16","slug":"mais-pourquoi-sepp-straka-va-t-il-finalement-manquer-les-playoffs-du-dp-world-tour","status":"publish","type":"post","link":"https:\/\/www.europesays.com\/fr\/502940\/","title":{"rendered":"Mais pourquoi Sepp Straka va-t-il finalement manquer les Playoffs du DP World Tour ?"},"content":{"rendered":"<p>\t\t\t\t\t\t<img width=\"770\" height=\"557\" src=\"https:\/\/www.europesays.com\/fr\/wp-content\/uploads\/2025\/10\/seppstrakaryder-770x557.jpg\" class=\"img-responsive wp-post-image\" alt=\"\" decoding=\"async\" fetchpriority=\"high\"  \/>\t\t\t\t\t<\/p>\n<p>\t\t\t\t\t\t Partager cet article <\/p>\n<p class=\"screen-reader-text juiz_sps_maybe_hidden_text\">Partager la publication \u00ab\u00a0Mais pourquoi Sepp Straka va-t-il finalement manquer les Playoffs du DP World Tour ?\u00a0\u00bb<\/p>\n<p><strong>L\u2019Autrichien Sepp Straka a inform\u00e9 le DP World Tour de son retrait pour raisons personnelles des deux tournois des Playoffs du DP World Tour programm\u00e9s \u00e0 Abu Dhabi et \u00e0 Duba\u00ef entre le 6 et le 16 novembre. Ils ne seront donc plus que 72 (et non plus 73) au d\u00e9part de l\u2019Abu Dhabi HSBC Championship dans quelques jours maintenant.<\/strong><\/p>\n<p>\t\t\t\t\t<a id=\"187708\" href=\"https:\/\/www.swing.fr\/projet.php?id=36\" target=\"_blank\" rel=\"sponsorised nofollow noopener\"><img decoding=\"async\" src=\"data:image\/svg+xml,%3Csvg%20xmlns=\" http:=\"\" class=\"img-responsive\" alt=\"\" data-lazy-src=\"https:\/\/www.europesays.com\/fr\/wp-content\/uploads\/2025\/09\/swing-e05-golf-gourmet-trophy-1170x275-1.gif\"\/><\/a><\/p>\n<p>Dans le champ de l\u2019<strong>Abu Dhabi HSBC Championship<\/strong>, premier des deux tournois des <strong>Playoffs du DP World Tour<\/strong> pr\u00e9vu sur le <strong>Yas Links<\/strong> entre le 6 et le 9 novembre, <strong>Sepp Straka<\/strong>, 32 ans, <a href=\"https:\/\/www.golfplanete.com\/actualites\/une-victoire-historique-fruit-dun-collectif-exemplaire\/\" target=\"_blank\" rel=\"noopener nofollow\">l\u2019un des douze h\u00e9ros de la derni\u00e8re Ryder Cup<\/a> remport\u00e9e par les Europ\u00e9ens le 28 septembre \u00e0 <strong>Bethpage Black<\/strong> (New York), a d\u00e9clar\u00e9 forfait.\u00a0<\/p>\n<p>Dans un communiqu\u00e9 de presse publi\u00e9 ce vendredi 31 octobre, l\u2019Autrichien du <strong>PGA Tour<\/strong> a expliqu\u00e9 ce retrait. \u00ab Paige et moi sommes heureux d\u2019annoncer que nous pr\u00e9parons le retour \u00e0 la maison de notre fils, Thomas, dans les semaines \u00e0 venir, apr\u00e8s avoir pass\u00e9 ses deux premiers mois de vie en soins intensifs, souligne l\u2019actuel 15e joueur mondial. Nous sommes extr\u00eamement reconnaissants aux \u00e9quipes m\u00e9dicales d\u00e9vou\u00e9es qui ont pris soin de lui et l\u2019ont aid\u00e9 \u00e0 devenir plus fort apr\u00e8s sa naissance pr\u00e9matur\u00e9e en ao\u00fbt. \u00bb<\/p>\n<p>Straka reste malgr\u00e9 tout membre du Tour europ\u00e9en<\/p>\n<p>\u00ab Par cons\u00e9quent, je vais me retirer \u00e0 la fois de l\u2019Abu Dhabi HSBC Championship et du <strong>DP World Tour Championship<\/strong> afin de me concentrer sur ma famille pendant cette p\u00e9riode importante, ajoute-t-il. Je dois \u00eatre en Alabama pour soutenir Paige, afin de nous assurer que nous offrons \u00e0 Thomas le meilleur d\u00e9part possible. Merci pour les messages attentionn\u00e9s et le soutien continu que nous avons re\u00e7us au cours des derniers mois. Je tiens \u00e0 adresser mes meilleurs v\u0153ux \u00e0 tous les participants aux prochains \u00e9v\u00e9nements des Playoffs du DP World Tour et j\u2019ai h\u00e2te de revenir sur le terrain bient\u00f4t. \u00bb<\/p>\n<p>Le retrait de Sepp Straka sur ces deux derniers gros tournois de la saison sur le Tour europ\u00e9en (9 et 10 millions de dollars de dotation) signifie qu\u2019il ne peut pas remplir son obligation minimale de tournois sur le DP World Tour pour la saison 2025, comme il l\u2019avait pr\u00e9vu.<\/p>\n<p>Cependant, en reconnaissance de ses circonstances personnelles graves depuis le mois d\u2019ao\u00fbt, qui ont naturellement affect\u00e9 sa capacit\u00e9 \u00e0 voyager et \u00e0 participer \u00e0 des comp\u00e9titions mondiales sur le <strong>Back 9<\/strong> et les Playoffs, comme le permet le manuel de r\u00e9gulation des membres, le directeur g\u00e9n\u00e9ral du DP World Tour, <strong>Guy Kinnings<\/strong>, a modifi\u00e9 l\u2019obligation de Sepp Straka de participer \u00e0 un minimum de tournois comptant, passant de quatre \u00e9v\u00e9nements \u00e0 deux. L\u2019Autrichien, quadruple vainqueur sur le PGA Tour entre f\u00e9vrier 2022 et mai 2025, restera donc \u00e9ligible pour l\u2019adh\u00e9sion pour la saison 2026.<\/p>\n<p>Le champ de l\u2019Abu Dhabi HSBC Championship, 4e <strong>Rolex Series<\/strong> de la saison, ne concerne d\u00e9sormais plus que 72 joueurs, les 70 joueurs de la Race (<a href=\"https:\/\/www.golfplanete.com\/actualites\/jeong-weon-ko-dans-le-champ-a-abu-dhabi-comme-9-des-12-heros-de-bethpage\/\" target=\"_blank\" rel=\"noopener nofollow\">apr\u00e8s les forfaits de quatre d\u2019entre eux<\/a>), et deux invit\u00e9s : <strong>Ludvig \u00c5berg<\/strong> et <strong>Shane Lowry<\/strong>.\u00a0<\/p>\n<p>\t\t\t\t\t<a id=\"188677\" href=\"https:\/\/www.mazaganbeachresort.com\/fr\/golfer-getaway\" target=\"_blank\" rel=\"sponsorised nofollow noopener\"><img decoding=\"async\" src=\"data:image\/svg+xml,%3Csvg%20xmlns=\" http:=\"\" class=\"img-responsive\" alt=\"\" data-lazy-src=\"https:\/\/www.europesays.com\/fr\/wp-content\/uploads\/2025\/10\/mazagan-e01-evasion-golfique-1170x275-1.jpeg\"\/><\/a><\/p>\n<p>Photo : Richard HEATHCOTE \/ GETTY IMAGES NORTH AMERICA \/ Getty Images via AFP<\/p>\n","protected":false},"excerpt":{"rendered":"Partager cet article Partager la publication \u00ab\u00a0Mais pourquoi Sepp Straka va-t-il finalement manquer les Playoffs du DP World&hellip;\n","protected":false},"author":2,"featured_media":502941,"comment_status":"","ping_status":"","sticky":false,"template":"","format":"standard","meta":{"footnotes":""},"categories":[1418],"tags":[1011,27,1472,60],"class_list":{"0":"post-502940","1":"post","2":"type-post","3":"status-publish","4":"format-standard","5":"has-post-thumbnail","7":"category-golf","8":"tag-fr","9":"tag-france","10":"tag-golf","11":"tag-sports"},"share_on_mastodon":{"url":"https:\/\/pubeurope.com\/@fr\/115470564695652554","error":""},"_links":{"self":[{"href":"https:\/\/www.europesays.com\/fr\/wp-json\/wp\/v2\/posts\/502940","targetHints":{"allow":["GET"]}}],"collection":[{"href":"https:\/\/www.europesays.com\/fr\/wp-json\/wp\/v2\/posts"}],"about":[{"href":"https:\/\/www.europesays.com\/fr\/wp-json\/wp\/v2\/types\/post"}],"author":[{"embeddable":true,"href":"https:\/\/www.europesays.com\/fr\/wp-json\/wp\/v2\/users\/2"}],"replies":[{"embeddable":true,"href":"https:\/\/www.europesays.com\/fr\/wp-json\/wp\/v2\/comments?post=502940"}],"version-history":[{"count":0,"href":"https:\/\/www.europesays.com\/fr\/wp-json\/wp\/v2\/posts\/502940\/revisions"}],"wp:featuredmedia":[{"embeddable":true,"href":"https:\/\/www.europesays.com\/fr\/wp-json\/wp\/v2\/media\/502941"}],"wp:attachment":[{"href":"https:\/\/www.europesays.com\/fr\/wp-json\/wp\/v2\/media?parent=502940"}],"wp:term":[{"taxonomy":"category","embeddable":true,"href":"https:\/\/www.europesays.com\/fr\/wp-json\/wp\/v2\/categories?post=502940"},{"taxonomy":"post_tag","embeddable":true,"href":"https:\/\/www.europesays.com\/fr\/wp-json\/wp\/v2\/tags?post=502940"}],"curies":[{"name":"wp","href":"https:\/\/api.w.org\/{rel}","templated":true}]}}