{"id":502944,"date":"2025-10-31T20:04:13","date_gmt":"2025-10-31T20:04:13","guid":{"rendered":"https:\/\/www.europesays.com\/fr\/502944\/"},"modified":"2025-10-31T20:04:13","modified_gmt":"2025-10-31T20:04:13","slug":"valentin-vacherot-va-garder-ce-niveau-lhistoire-va-continuer-assure-sa-mere","status":"publish","type":"post","link":"https:\/\/www.europesays.com\/fr\/502944\/","title":{"rendered":"Valentin Vacherot \u00ab\u00a0va garder ce niveau, l&rsquo;histoire va continuer\u00a0\u00bb, assure sa m\u00e8re"},"content":{"rendered":"\n<p class=\"c-chapo \">\n  Le Mon\u00e9gasque s&rsquo;est inclin\u00e9 en quarts de finale des Masters 1000 de Paris, en deux sets, face au Canadien F\u00e9lix Auger-Aliassime.\n<\/p>\n<p>      lire plus tard<\/p>\n<p id=\"dialog__title\" class=\"dialog__title\">Pour sauvegarder cet article, connectez-vous ou cr\u00e9ez un compte franceinfo<\/p>\n<p class=\"dialog__description\">Sans paiement. Sans abonnement.<\/p>\n<p>        Fermer la fen\u00eatre d\u2019activation des notifications France Info<\/p>\n<p>      cr\u00e9er votre compte<\/p>\n<p>      se connecter<\/p>\n<p>        Fermer la fen\u00eatre de pr\u00e9sentation<\/p>\n<p>    <img loading=\"lazy\" decoding=\"async\" class=\"signature__image lazyload\" width=\"100\" height=\"100\" data- alt=\"\" src=\"https:\/\/www.europesays.com\/fr\/wp-content\/uploads\/2025\/05\/64a7df4c5fe71_placeholder-36b69ec8.png\"\/><\/p>\n<p>    Publi\u00e9 le 31\/10\/2025 19:18<\/p>\n<p>        Temps de lecture : 1min<\/p>\n<p>    <img decoding=\"async\"  alt=\"Le tennisman mon\u00e9gasque, Valentin Vacherot, quitte le court de la D\u00e9fense Arena, \u00e0 Nanterre, apr\u00e8s sa d\u00e9faite en quarts de finale des Masters 1000 de Paris, le 31 octobre 2025. (JULIEN DE ROSA \/ AFP)\" width=\"432\" height=\"243\" src=\"https:\/\/www.europesays.com\/fr\/wp-content\/uploads\/2025\/10\/vacherot-6904fc840a144385388995.jpg\" fetchpriority=\"high\"\/><\/p>\n<p>      Le tennisman mon\u00e9gasque, Valentin Vacherot, quitte le court de la D\u00e9fense Arena, \u00e0 Nanterre, apr\u00e8s sa d\u00e9faite en quarts de finale des Masters 1000 de Paris, le 31 octobre 2025. (JULIEN DE ROSA \/ AFP)<\/p>\n<p>\u00ab\u00a0Je pense qu&rsquo;il va garder ce niveau, l&rsquo;histoire va continuer\u00a0\u00bb, assure, vendredi\u00a031 octobre sur France Inter, Nadine Vacherot, la m\u00e8re du joueur de tennis <a href=\"https:\/\/www.franceinfo.fr\/sports\/tennis\/masters-1000\/masters-1000-de-paris-valentin-vacherot-stoppe-net-par-felix-auger-aliassime-en-quarts-de-finale_7587137.html\" rel=\"nofollow noopener\" target=\"_blank\">Valentin Vacherot \u00e9limin\u00e9<\/a>, plus t\u00f4t dans la journ\u00e9e, en quarts de finale en deux sets face \u00e0 F\u00e9lix Auger-Aliassime aux Masters 1000 de Paris \u00e0 La D\u00e9fense Arena.<\/p>\n<p>\u00ab\u00a0Lors de cette rencontre, \u00ab\u00a0Il ne lui a pas manqu\u00e9 grand-chose\u00a0\u00bb, r\u00e9agit-elle. Il y a \u00ab\u00a0surtout un F\u00e9lix Auger-Aliassime qui a jou\u00e9 magnifiquement bien. Valentin s&rsquo;est un peu accroch\u00e9. Il lui a peut-\u00eatre manqu\u00e9 sa premi\u00e8re balle de service, surtout que F\u00e9lix retourne tr\u00e8s bien. Mentalement, \u00e7a a \u00e9t\u00e9 dur parce qu&rsquo;il voyait que le match lui \u00e9chappait. La fatigue a \u00e9t\u00e9 mentale\u00a0\u00bb, explique Nadine Vacherot.<\/p>\n<blockquote class=\"ftvi_content_quote\">\n<p class=\"ftvi_citation_quote\">\u00ab\u00a0Il est assez frais sur le circuit malgr\u00e9 son \u00e2ge.\u00a0\u00bb<\/p>\n<p> Nadine Vacherot, la m\u00e8re de Valentin Vacherot<\/p>\n<p class=\"ftvi_citation_source\">sur France Inter<\/p>\n<\/blockquote>\n<p>Valentin Vacherot s&rsquo;est fait remarquer \u00e0 l&rsquo;\u00e2ge de 26\u00a0ans apr\u00e8s avoir remport\u00e9 le Masters 1000 de Shangha\u00ef, face \u00e0 son cousin Arhtur Rinderknech. Ce n&rsquo;est pas vraiment \u00ab\u00a0tard\u00a0\u00bb, \u00e0 26\u00a0ans, selon la m\u00e8re du joueur parce qu&rsquo;il \u00ab\u00a0a fait ses \u00e9tudes dans une universit\u00e9 am\u00e9ricaine o\u00f9 il s&rsquo;entra\u00eenait. Il est revenu, il avait 22\u00a0ans, et \u00e7a fait quatre ans qu&rsquo;il est sur le circuit. Ce n&rsquo;est pas beaucoup\u00a0\u00bb, d\u00e9fend-elle. Il est d\u00e9sormais 40e\u00a0mondial, c&rsquo;est \u00ab\u00a0une nouvelle vie\u00a0\u00bb qui commence \u00ab\u00a0avec la t\u00eate sur les \u00e9paules\u00a0\u00bb, ajoute Nadine Vacherot.<\/p>\n","protected":false},"excerpt":{"rendered":"Le Mon\u00e9gasque s&rsquo;est inclin\u00e9 en quarts de finale des Masters 1000 de Paris, en deux sets, face au&hellip;\n","protected":false},"author":2,"featured_media":502945,"comment_status":"","ping_status":"","sticky":false,"template":"","format":"standard","meta":{"footnotes":""},"categories":[1415],"tags":[1011,27,60,1467],"class_list":{"0":"post-502944","1":"post","2":"type-post","3":"status-publish","4":"format-standard","5":"has-post-thumbnail","7":"category-tennis","8":"tag-fr","9":"tag-france","10":"tag-sports","11":"tag-tennis"},"share_on_mastodon":{"url":"https:\/\/pubeurope.com\/@fr\/115470576674140341","error":""},"_links":{"self":[{"href":"https:\/\/www.europesays.com\/fr\/wp-json\/wp\/v2\/posts\/502944","targetHints":{"allow":["GET"]}}],"collection":[{"href":"https:\/\/www.europesays.com\/fr\/wp-json\/wp\/v2\/posts"}],"about":[{"href":"https:\/\/www.europesays.com\/fr\/wp-json\/wp\/v2\/types\/post"}],"author":[{"embeddable":true,"href":"https:\/\/www.europesays.com\/fr\/wp-json\/wp\/v2\/users\/2"}],"replies":[{"embeddable":true,"href":"https:\/\/www.europesays.com\/fr\/wp-json\/wp\/v2\/comments?post=502944"}],"version-history":[{"count":0,"href":"https:\/\/www.europesays.com\/fr\/wp-json\/wp\/v2\/posts\/502944\/revisions"}],"wp:featuredmedia":[{"embeddable":true,"href":"https:\/\/www.europesays.com\/fr\/wp-json\/wp\/v2\/media\/502945"}],"wp:attachment":[{"href":"https:\/\/www.europesays.com\/fr\/wp-json\/wp\/v2\/media?parent=502944"}],"wp:term":[{"taxonomy":"category","embeddable":true,"href":"https:\/\/www.europesays.com\/fr\/wp-json\/wp\/v2\/categories?post=502944"},{"taxonomy":"post_tag","embeddable":true,"href":"https:\/\/www.europesays.com\/fr\/wp-json\/wp\/v2\/tags?post=502944"}],"curies":[{"name":"wp","href":"https:\/\/api.w.org\/{rel}","templated":true}]}}