{"id":50295,"date":"2025-04-24T22:52:15","date_gmt":"2025-04-24T22:52:15","guid":{"rendered":"https:\/\/www.europesays.com\/fr\/50295\/"},"modified":"2025-04-24T22:52:15","modified_gmt":"2025-04-24T22:52:15","slug":"lyon-ce-buffet-a-volonte-xxl-se-fait-desirer-voici-pourquoi-il-decale-son-ouverture","status":"publish","type":"post","link":"https:\/\/www.europesays.com\/fr\/50295\/","title":{"rendered":"Lyon. Ce buffet \u00e0 volont\u00e9 XXL se fait d\u00e9sirer, voici pourquoi il d\u00e9cale son ouverture"},"content":{"rendered":"<p>            Par<br \/>\n        <strong><br \/>\n            <a href=\"https:\/\/actu.fr\/auteur\/julien-damboise\" title=\"Consulter tous les articles de Julien Damboise\" target=\"_blank\" rel=\"noopener\">Julien Damboise<\/a><br \/>\n        <\/strong><\/p>\n<p>        Publi\u00e9 le<\/p>\n<p>            24 avr. 2025 \u00e0 17h45        <\/p>\n<p><strong>INFO ACTU LYON<\/strong>. Le <a href=\"https:\/\/actu.fr\/auvergne-rhone-alpes\/lyon_69123\/lyon-un-enorme-buffet-a-volonte-a-la-place-de-food-traboule-voici-les-prix-attendus_62403043.html\" target=\"_blank\" rel=\"noopener\">nouveau buffet \u00e0 volont\u00e9<\/a> attendu \u00e0 la place de <strong>Food Traboule<\/strong>, qui a ferm\u00e9 en d\u00e9cembre 2024 dans la Tour Rose du <a href=\"https:\/\/actu.fr\/tag\/vieux-lyon\" target=\"_blank\" rel=\"noopener\">Vieux-Lyon<\/a>, a pris du retard. L\u2019ouverture pr\u00e9vue a \u00e9t\u00e9 <strong>d\u00e9cal\u00e9e<\/strong>, voici les derni\u00e8res informations \u00e0 conna\u00eetre.<\/p>\n<p>    <a href=\"https:\/\/www.google.com\/maps\/embed?pb=!1m18!1m12!1m3!1d2942.8903558980473!2d4.824242412028453!3d45.76270287095989!2m3!1f0!2f0!3f0!3m2!1i1024!2i768!4f13.1!3m3!1m2!1s0x47f4eb8d0b3a823f%3A0x8aada84872e12b4!2sFood%20Traboule!5e1!3m2!1sfr!2sfr!4v1745505238060!5m2!1sfr!2sfr\" title=\"Ouvrie le lien\" target=\"_blank\" rel=\"noopener\">Cliquez ici pour visualiser le contenu<\/a><\/p>\n<p>Une nouvelle date d\u2019ouverture \u00e9voqu\u00e9e<\/p>\n<p class=\" wall-content\">Le nouveau concept in\u00e9dit \u00e0 <a href=\"https:\/\/actu.fr\/auvergne-rhone-alpes\/lyon_69123\" target=\"_blank\" rel=\"noopener\">Lyon<\/a>, qui va ouvrir \u00e0 la place de Food Traboule, dans la Tour Rose du Vieux-Lyon, devait \u00eatre inaugur\u00e9 aux alentours de mi-avril 2025.<\/p>\n<p class=\" wall-content\">Mais selon nos informations, les travaux de l\u2019immense espace disponible depuis la liquidation judiciaire, et qui va se transformer en un grand restaurant avec un buffet \u00e0 volont\u00e9, a pris du retard. D\u00e9sormais, une ouverture \u00ab\u00a0au <strong>maximum pour le 15 mai<\/strong>\u00a0\u00bb est \u00e9voqu\u00e9e par l\u2019un des nouveaux patrons.<\/p>\n<p class=\" wall-content\">\u00ab\u00a0On esp\u00e8re avant\u00a0\u00bb, ajoute ce dernier qui avance des retards \u00ab\u00a0sur la livraison du mat\u00e9riel\u00a0\u00bb.<\/p>\n<p>      <img   decoding=\"async\" loading=\"lazy\" src=\"https:\/\/www.europesays.com\/fr\/wp-content\/uploads\/2025\/04\/les-grands-buffets-lyonnais-restaurant-vieux-lyon-food-traboule-2-960x640.png\" alt=\"Jusqu'\u00e0 350 places seront disponibles dans le buffet \u00e0 volont\u00e9 \u00e0 la lyonnaise qui va ouvrir dans le Vieux-Lyon.\" width=\"960\" height=\"640\"\/><br \/>\n    Jusqu\u2019\u00e0 350 places seront disponibles dans le buffet \u00e0 volont\u00e9 \u00e0 la lyonnaise qui va ouvrir dans le Vieux-Lyon. (\u00a9JD \/ actu Lyon)Une vraie attente<\/p>\n<p class=\" wall-content\">Comme annonc\u00e9 par actu Lyon il y a quelques semaines, le projet qui va voir le jour rue du B\u0153uf va proposer un buffet \u00e0 volont\u00e9 avec un <strong>large choix de sp\u00e9cialit\u00e9s fran\u00e7aises<\/strong> et plus particuli\u00e8rement lyonnaises.<\/p>\n<p class=\" wall-content\">Au premier \u00e9tage, il y aura toutes les sp\u00e9cialit\u00e9s que l\u2019on retrouve dans les bouchons lyonnais, et au rez-de-chauss\u00e9e une r\u00f4tisserie ouverte. On retrouvera donc forc\u00e9ment des quenelles, des andouillettes, du poulet ou encore du jambon brais\u00e9.<\/p>\n<p class=\" wall-content\">Environ <strong>350 couverts<\/strong> seront disponibles aux \u00ab Grands Buffets lyonnais \u00bb, avec une offre \u00e0 29 \u20ac \u00e0 midi et 39 \u20ac le soir les week-ends et les jours f\u00e9ri\u00e9s.<\/p>\n<p class=\" wall-content\">Le service sera\u00a0en continu, \u00e0 partir de 11 h ou 11 h 30 le matin et jusqu\u2019\u00e0 23 h le soir.<\/p>\n<p class=\" wall-content\">Suivez toute l\u2019actualit\u00e9 de vos villes et m\u00e9dias favoris en vous inscrivant \u00e0 <a href=\"https:\/\/moncompte.actu.fr\" title=\"D\u00e9couvez Mon Actu\" rel=\"nofollow noopener\" data-trk=\"{&quot;cta&quot;:{&quot;action&quot;:&quot;https:\\\/\\\/moncompte.actu.fr&quot;,&quot;category&quot;:&quot;mon compte&quot;,&quot;from&quot;:&quot;article footer&quot;,&quot;name&quot;:&quot;Mon actu&quot;,&quot;type&quot;:&quot;cta&quot;}}\" target=\"_blank\">Mon Actu<\/a>.<\/p>\n","protected":false},"excerpt":{"rendered":"Par Julien Damboise Publi\u00e9 le 24 avr. 2025 \u00e0 17h45 INFO ACTU LYON. Le nouveau buffet \u00e0 volont\u00e9&hellip;\n","protected":false},"author":2,"featured_media":50296,"comment_status":"","ping_status":"","sticky":false,"template":"","format":"standard","meta":{"footnotes":""},"categories":[1889],"tags":[1111,11,2430,1777,674,1011,27,1661,2428,12,25,1340,104,5287],"class_list":{"0":"post-50295","1":"post","2":"type-post","3":"status-publish","4":"format-standard","5":"has-post-thumbnail","7":"category-lyon","8":"tag-actu","9":"tag-actualites","10":"tag-auvergne-rhone-alpes","11":"tag-eu","12":"tag-europe","13":"tag-fr","14":"tag-france","15":"tag-gastronomie","16":"tag-lyon","17":"tag-news","18":"tag-republique-francaise","19":"tag-restaurant","20":"tag-societe","21":"tag-vieux-lyon"},"share_on_mastodon":{"url":"https:\/\/pubeurope.com\/@fr\/114395397750008818","error":""},"_links":{"self":[{"href":"https:\/\/www.europesays.com\/fr\/wp-json\/wp\/v2\/posts\/50295","targetHints":{"allow":["GET"]}}],"collection":[{"href":"https:\/\/www.europesays.com\/fr\/wp-json\/wp\/v2\/posts"}],"about":[{"href":"https:\/\/www.europesays.com\/fr\/wp-json\/wp\/v2\/types\/post"}],"author":[{"embeddable":true,"href":"https:\/\/www.europesays.com\/fr\/wp-json\/wp\/v2\/users\/2"}],"replies":[{"embeddable":true,"href":"https:\/\/www.europesays.com\/fr\/wp-json\/wp\/v2\/comments?post=50295"}],"version-history":[{"count":0,"href":"https:\/\/www.europesays.com\/fr\/wp-json\/wp\/v2\/posts\/50295\/revisions"}],"wp:featuredmedia":[{"embeddable":true,"href":"https:\/\/www.europesays.com\/fr\/wp-json\/wp\/v2\/media\/50296"}],"wp:attachment":[{"href":"https:\/\/www.europesays.com\/fr\/wp-json\/wp\/v2\/media?parent=50295"}],"wp:term":[{"taxonomy":"category","embeddable":true,"href":"https:\/\/www.europesays.com\/fr\/wp-json\/wp\/v2\/categories?post=50295"},{"taxonomy":"post_tag","embeddable":true,"href":"https:\/\/www.europesays.com\/fr\/wp-json\/wp\/v2\/tags?post=50295"}],"curies":[{"name":"wp","href":"https:\/\/api.w.org\/{rel}","templated":true}]}}