{"id":502956,"date":"2025-10-31T20:15:21","date_gmt":"2025-10-31T20:15:21","guid":{"rendered":"https:\/\/www.europesays.com\/fr\/502956\/"},"modified":"2025-10-31T20:15:21","modified_gmt":"2025-10-31T20:15:21","slug":"des-avis-plutot-tranches-parmi-les-internautes","status":"publish","type":"post","link":"https:\/\/www.europesays.com\/fr\/502956\/","title":{"rendered":"des avis plut\u00f4t tranch\u00e9s parmi les internautes"},"content":{"rendered":"<p>Il faut de tout pour faire un monde. Alors m\u00eame l\u2019annonce de l\u2019artiste 2026 de Chambord Live ne peut pas plaire \u00e0 tous les amateurs du rendez-vous qui, depuis 2022, propose une soir\u00e9e avec, sur sc\u00e8ne, une affiche d\u2019envergure\u2026 internationale.<\/p>\n<p>Depuis l\u2019annonce sur les r\u00e9seaux de la venue d\u2019Orelsan le 26\u00a0juin prochain, les internautes, fans ou pas du rappeur aux douze Victoires de la musique, ont r\u00e9agi. D\u00e9\u00e7us, contents, moqueurs ou d\u00e9j\u00e0 en qu\u00eate de places, les commentaires se d\u00e9multiplient&#8230;. <\/p>\n<p>    Cet article a \u00e9t\u00e9 tronqu\u00e9. Abonnez-vous pour lire l&rsquo;article complet sur notre site.<\/p>\n<p style=\"margin: 0 !important; padding: 0 !important; font-size: 12px !important;\">Cet article a \u00e9t\u00e9 tronqu\u00e9. Abonnez-vous pour lire l&rsquo;article complet.<\/p>\n<p>    <a href=\"https:\/\/www.lanouvellerepublique.fr\/abonnements\" style=\"display: inline-block; margin-top: 5px !important; padding: 6px 12px !important; background: #cb1c27; color: white; text-decoration: none; border-radius: 4px; font-size: 12px !important;\" target=\"_blank\" rel=\"noopener\"><br \/>\n      S&rsquo;abonner<br \/>\n    <\/a><\/p>\n","protected":false},"excerpt":{"rendered":"Il faut de tout pour faire un monde. Alors m\u00eame l\u2019annonce de l\u2019artiste 2026 de Chambord Live ne&hellip;\n","protected":false},"author":2,"featured_media":502957,"comment_status":"","ping_status":"","sticky":false,"template":"","format":"standard","meta":{"footnotes":""},"categories":[1355],"tags":[1392,23958,23960,4156,58,33,59,1011,27,4368,1393,1361,873],"class_list":{"0":"post-502956","1":"post","2":"type-post","3":"status-publish","4":"format-standard","5":"has-post-thumbnail","7":"category-musique","8":"tag-a-la-une-local","9":"tag-chambord","10":"tag-chateau-de-chambord","11":"tag-concerts","12":"tag-divertissement","13":"tag-economie","14":"tag-entertainment","15":"tag-fr","16":"tag-france","17":"tag-loir-et-cher","18":"tag-loisirs","19":"tag-music","20":"tag-musique"},"share_on_mastodon":{"url":"https:\/\/pubeurope.com\/@fr\/115470619560794167","error":""},"_links":{"self":[{"href":"https:\/\/www.europesays.com\/fr\/wp-json\/wp\/v2\/posts\/502956","targetHints":{"allow":["GET"]}}],"collection":[{"href":"https:\/\/www.europesays.com\/fr\/wp-json\/wp\/v2\/posts"}],"about":[{"href":"https:\/\/www.europesays.com\/fr\/wp-json\/wp\/v2\/types\/post"}],"author":[{"embeddable":true,"href":"https:\/\/www.europesays.com\/fr\/wp-json\/wp\/v2\/users\/2"}],"replies":[{"embeddable":true,"href":"https:\/\/www.europesays.com\/fr\/wp-json\/wp\/v2\/comments?post=502956"}],"version-history":[{"count":0,"href":"https:\/\/www.europesays.com\/fr\/wp-json\/wp\/v2\/posts\/502956\/revisions"}],"wp:featuredmedia":[{"embeddable":true,"href":"https:\/\/www.europesays.com\/fr\/wp-json\/wp\/v2\/media\/502957"}],"wp:attachment":[{"href":"https:\/\/www.europesays.com\/fr\/wp-json\/wp\/v2\/media?parent=502956"}],"wp:term":[{"taxonomy":"category","embeddable":true,"href":"https:\/\/www.europesays.com\/fr\/wp-json\/wp\/v2\/categories?post=502956"},{"taxonomy":"post_tag","embeddable":true,"href":"https:\/\/www.europesays.com\/fr\/wp-json\/wp\/v2\/tags?post=502956"}],"curies":[{"name":"wp","href":"https:\/\/api.w.org\/{rel}","templated":true}]}}