{"id":502965,"date":"2025-10-31T20:20:17","date_gmt":"2025-10-31T20:20:17","guid":{"rendered":"https:\/\/www.europesays.com\/fr\/502965\/"},"modified":"2025-10-31T20:20:17","modified_gmt":"2025-10-31T20:20:17","slug":"le-nouvel-iphone-17-deja-tres-critique-apres-seulement-un-mois-sur-le-marche","status":"publish","type":"post","link":"https:\/\/www.europesays.com\/fr\/502965\/","title":{"rendered":"Le nouvel iPhone 17 d\u00e9j\u00e0 tr\u00e8s critiqu\u00e9 apr\u00e8s seulement un mois sur le march\u00e9"},"content":{"rendered":"<p>                                        <img width=\"658\" height=\"329\" src=\"https:\/\/www.europesays.com\/fr\/wp-content\/uploads\/2025\/10\/Le-nouvel-iPhone-17-deja-tres-critique-apres-seulement-un-mois-sur-le-marche-658x329.jpg\" class=\"attachment-single-desktop size-single-desktop wp-post-image\" alt=\"Le nouvel iPhone 17 d\u00e9j\u00e0 tr\u00e8s critiqu\u00e9 apr\u00e8s seulement un mois sur le march\u00e9\" fetchpriority=\"high\" loading=\"eager\" decoding=\"sync\"  \/>                                    <\/p>\n<p>                            Les utilisateurs de l&rsquo;iPhone 17 sont dubitatifs quant \u00e0 ce mod\u00e8le. Ils constatent des d\u00e9fauts, comme un changement de couleur rose. <\/p>\n<p><strong>L\u2019iPhone<\/strong> 17 d\u2019Apple, lanc\u00e9 en grande pompe le mois dernier, fait d\u00e9j\u00e0 face \u00e0 une temp\u00eate de m\u00e9contentements. Nombreux sont ceux qui r\u00e9v\u00e8lent des d\u00e9fauts qui assombrissent l\u2019exp\u00e9rience de nombreux <a href=\"https:\/\/www.tuxboard.com\/un-iphone-pourrait-sortir-debut-2026-voici-tout-ce-quil-faut-savoir-sur-ce-nouveau-modele-10102025\/\" target=\"_blank\" rel=\"noopener\">utilisateurs<\/a>.<\/p>\n<p><strong>L\u2019iPhone plus critiqu\u00e9 que jamais<\/strong><\/p>\n<p>Le 19 septembre 2025 a une fois de plus enflamm\u00e9 la plan\u00e8te tech avec la sortie des nouveaux <strong>iPhone<\/strong> 17. Des millions <a href=\"https:\/\/www.tuxboard.com\/iphone-18-apple-fait-un-choix-radical-pour-ses-prochains-smartphones-et-il-y-a-une-raison-evidente-a-cela-19102025\/\" target=\"_blank\" rel=\"noopener\">d\u2019utilisateurs<\/a> \u00e0 travers le monde attendaient ces nouveaut\u00e9s avec grande impatience.<\/p>\n<p>Et pour cause ! Cette fois encore, <a href=\"https:\/\/www.tuxboard.com\/iphone-18-apple-fait-un-choix-radical-pour-ses-prochains-smartphones-et-il-y-a-une-raison-evidente-a-cela-19102025\/\" target=\"_blank\" rel=\"noopener\">Apple<\/a> a mis\u00e9 sur une innovation majeure avec ses mod\u00e8les Pro et Pro Max. Ces derniers devaient repousser les limites de la photographie et de la performance.<\/p>\n<p>Les premiers retours en <a href=\"https:\/\/www.tuxboard.com\/iphone-18-apple-fait-un-choix-radical-pour-ses-prochains-smartphones-et-il-y-a-une-raison-evidente-a-cela-19102025\/\" target=\"_blank\" rel=\"noopener\">magasin<\/a> semblaient d\u2019ailleurs confirmer cette belle dynamique. Les clients se sont ru\u00e9s dans les Apple Store pour se procurer ce nouvel iPhone. Les files d\u2019attente interminables t\u00e9moignaient de cet engouement.<\/p>\n<p>Oui mais voil\u00e0\u2026 Le r\u00eave a commenc\u00e9 \u00e0 se fissurer juste quelques jours apr\u00e8s les premi\u00e8res livraisons. Les critiques sont de plus en plus nombreuses. La magie Apple semble donc montrer des signes de faiblesse.<\/p>\n<p>Les r\u00e9seaux sociaux sont vite devenus la caisse de r\u00e9sonance de cette d\u00e9ception. Les utilisateurs d\u00e9noncent des d\u00e9fauts, comme la la fragilit\u00e9 de la c\u00e9ramique brevet\u00e9e. Plein de propri\u00e9taires ont constat\u00e9 avec stupeur l\u2019apparition de micro-rayures.<\/p>\n<p>Ces marques surviennent malgr\u00e9 un bon traitement du t\u00e9l\u00e9phone. Ce souci touche surtout les mod\u00e8les Pro Max. Des utilisateurs affirment m\u00eame que ces rayures sont visibles \u00e0 l\u2019\u0153il nu apr\u00e8s un usage quotidien normal.<\/p>\n<p>La finition perd ainsi de son \u00e9clat bien trop vite. Ni une ni deux, Apple a donc r\u00e9pondu au m\u00e9contentement des clients. Selon l\u2019enseigne, il ne s\u2019agissait pas d\u2019un probl\u00e8me avec le t\u00e9l\u00e9phone, mais plut\u00f4t des chargeurs.<\/p>\n<p>En effet, le support MagSafe de d\u00e9monstration pose probl\u00e8me. Il aurait laiss\u00e9 des traces sur les mod\u00e8les utilis\u00e9s en boutique. Surtout sur leurs coques en aluminium anodis\u00e9. C\u2019est une mati\u00e8re diff\u00e9rente des mod\u00e8les pr\u00e9c\u00e9dents.<\/p>\n<p>Pour rappel, ils \u00e9taient en titane. La firme Apple a donc annonc\u00e9 qu\u2019elle ajouterait des anneaux de silicone aux chargeurs.<\/p>\n<p>Des clients pas contents !<\/p>\n<p>Autre sujet d\u2019exasp\u00e9ration, une teinte ros\u00e9e qui envahit l\u2019\u00e9cran de <strong>l\u2019iPhone<\/strong> 17. Ce ph\u00e9nom\u00e8ne esth\u00e9tique, bien que ne nuisant pas \u00e0 la fonctionnalit\u00e9, est tr\u00e8s g\u00eanant. Les forums comme Reddit ou X regorgent de t\u00e9moignages et de photos \u00e0 l\u2019appui qui mentionnent ces d\u00e9fauts.<\/p>\n<p>\u00ab\u00a0J\u2019ai pens\u00e9 \u00e0 peut-\u00eatre aller \u00e0 l\u2019Apple Store et voir si je peux l\u2019\u00e9changer puisque je voulais un <strong>iPhone<\/strong> orange, pas rose\u00a0\u00bb, \u00e9crit un client sur Reddit Nombreux sont ceux qui s\u2019interrogent alors sur le contr\u00f4le qualit\u00e9 en amont de la vente.<\/p>\n<p>La d\u00e9ception est d\u2019autant plus grande que les prix restent tr\u00e8s \u00e9lev\u00e9s. Pour rappel, les deux mod\u00e8les \u00e9taient \u00e0 1 329 euros et 1 479 euros. Face \u00e0 cette d\u00e9ception, Apple a dans un premier temps maintenu un silence radio assez surprenant.<\/p>\n<p>Cette absence de r\u00e9action officielle a donc aliment\u00e9 la frustration des clients. Alors la presse en profite pour faire l\u2019\u00e9cho de ces probl\u00e8mes de conception. Des comparatifs pointent du doigt un recul dans le choix des mat\u00e9riaux utilis\u00e9s.<\/p>\n<p>Selon nos confr\u00e8res de TF1, \u00ab\u00a0une des pistes de r\u00e9flexion est li\u00e9e \u00e0 l\u2019aluminium anodis\u00e9. Il compose la coque du t\u00e9l\u00e9phone. C\u2019est un proc\u00e9d\u00e9 qui teinte le m\u00e9tal sans passer par l\u2019\u00e9tape peinture. Les t\u00e9l\u00e9phones seraient sensibles \u00e0 la lumi\u00e8re du soleil selon les uns, ou au peroxyde d\u2019hydrog\u00e8ne, selon les autres.\u00a0\u00bb<\/p>\n<p>C\u2019est donc un coup dur pour les utilisateurs du nouvel <strong>iPhone<\/strong>. Ils attendent une r\u00e9ponse d\u2019Apple avec grande impatience. Une chose est s\u00fbre, la concurrence asiatique en profite pour proposer des alternatives cr\u00e9dibles.<\/p>\n<p>                                    <img loading=\"lazy\" decoding=\"async\" src=\"data:image\/svg+xml,%3Csvg%20xmlns=\" http:=\"\" itemprop=\"image\" width=\"32\" height=\"32\" alt=\"avatar\" class=\"avatar avatar-32\" data-lazy-src=\"https:\/\/www.europesays.com\/fr\/wp-content\/uploads\/2025\/04\/shay-coquelit.jpg\"\/>                                                                    <\/p>\n<p>                                    <a class=\"post-author-name\" href=\"https:\/\/www.tuxboard.com\/author\/shaytuxboard2022\/\" title=\"Shay Coquelit\" itemprop=\"url\" target=\"_blank\" rel=\"noopener\">Shay Coquelit<\/a><\/p>\n<p itemprop=\"description\">Salut, je suis Shay, r\u00e9dactrice web sp\u00e9cialis\u00e9e en actualit\u00e9s people et \u00e9missions t\u00e9l\u00e9.&#13;<br \/>\n&#13;<br \/>\nDepuis toute petite, j&rsquo;adore suivre le festival de Cannes. &#13;<br \/>\n&#13;<br \/>\nDepuis six mois, je r\u00e9dige des articles dans la rubrique People, cin\u00e9ma et m\u00e9dia.  Ma passion pour ces domaines se refl\u00e8te dans chacun de mes articles.&#13;<br \/>\n&#13;<br \/>\nRestez connect\u00e9s sur Tuxboard pour mes derni\u00e8res actualit\u00e9s et analyses !<\/p>\n","protected":false},"excerpt":{"rendered":"Les utilisateurs de l&rsquo;iPhone 17 sont dubitatifs quant \u00e0 ce mod\u00e8le. Ils constatent des d\u00e9fauts, comme un changement&hellip;\n","protected":false},"author":2,"featured_media":502966,"comment_status":"","ping_status":"","sticky":false,"template":"","format":"standard","meta":{"footnotes":""},"categories":[7],"tags":[1011,27,655,43,40,41,39,42,44],"class_list":{"0":"post-502965","1":"post","2":"type-post","3":"status-publish","4":"format-standard","5":"has-post-thumbnail","7":"category-sciences-et-technologies","8":"tag-fr","9":"tag-france","10":"tag-iphone","11":"tag-science","12":"tag-science-and-technology","13":"tag-sciences","14":"tag-sciences-et-technologies","15":"tag-technologies","16":"tag-technology"},"share_on_mastodon":{"url":"https:\/\/pubeurope.com\/@fr\/115470640144083932","error":""},"_links":{"self":[{"href":"https:\/\/www.europesays.com\/fr\/wp-json\/wp\/v2\/posts\/502965","targetHints":{"allow":["GET"]}}],"collection":[{"href":"https:\/\/www.europesays.com\/fr\/wp-json\/wp\/v2\/posts"}],"about":[{"href":"https:\/\/www.europesays.com\/fr\/wp-json\/wp\/v2\/types\/post"}],"author":[{"embeddable":true,"href":"https:\/\/www.europesays.com\/fr\/wp-json\/wp\/v2\/users\/2"}],"replies":[{"embeddable":true,"href":"https:\/\/www.europesays.com\/fr\/wp-json\/wp\/v2\/comments?post=502965"}],"version-history":[{"count":0,"href":"https:\/\/www.europesays.com\/fr\/wp-json\/wp\/v2\/posts\/502965\/revisions"}],"wp:featuredmedia":[{"embeddable":true,"href":"https:\/\/www.europesays.com\/fr\/wp-json\/wp\/v2\/media\/502966"}],"wp:attachment":[{"href":"https:\/\/www.europesays.com\/fr\/wp-json\/wp\/v2\/media?parent=502965"}],"wp:term":[{"taxonomy":"category","embeddable":true,"href":"https:\/\/www.europesays.com\/fr\/wp-json\/wp\/v2\/categories?post=502965"},{"taxonomy":"post_tag","embeddable":true,"href":"https:\/\/www.europesays.com\/fr\/wp-json\/wp\/v2\/tags?post=502965"}],"curies":[{"name":"wp","href":"https:\/\/api.w.org\/{rel}","templated":true}]}}