{"id":502967,"date":"2025-10-31T20:21:12","date_gmt":"2025-10-31T20:21:12","guid":{"rendered":"https:\/\/www.europesays.com\/fr\/502967\/"},"modified":"2025-10-31T20:21:12","modified_gmt":"2025-10-31T20:21:12","slug":"le-pdg-dairbus-invite-dassault-aviation-a-quitter-le-scaf-sil-nest-pas-daccord-avec-ce-qui-a-ete-decide-zone-militaire","status":"publish","type":"post","link":"https:\/\/www.europesays.com\/fr\/502967\/","title":{"rendered":"Le PDG d&#039;Airbus invite Dassault Aviation \u00e0 quitter le SCAF s&#039;il n&#039;est &quot;pas d&#039;accord avec ce qui a \u00e9t\u00e9 d\u00e9cid\u00e9&quot; &#8211; Zone Militaire"},"content":{"rendered":"<ol>\n<li><a href=\"https:\/\/news.google.com\/rss\/articles\/CBMi1gFBVV95cUxPV1prUGhZMWhCN2pObVFRdXowN0hUNGVoc0p3Ym5jdU5ybUxZbDZaNjNMTFpUWUxxc2lCcEx1Q2IzUWNHZ3NJMlluSnhWbjBja0psRk0yODQtbFN4dEFKSzFpZjBQd3FFYi1DaDVMN1BCVUUxc19rOEdMM3RCSXE1TS0zMXFZNHJBWmlsNzduUzFjeUFud3B0NGNsRlB5TFBNdDdzNHdtRUk0UW9uN0dsVXpwU1lRMXlqYTBTZXhsamk3TkpDcWI2S0ZFVkt6Rjd3R05TOV9B?oc=5\" target=\"_blank\" rel=\"nofollow noopener\">Le PDG d&rsquo;Airbus invite Dassault Aviation \u00e0 quitter le SCAF s&rsquo;il n&rsquo;est \u00ab\u00a0pas d&rsquo;accord avec ce qui a \u00e9t\u00e9 d\u00e9cid\u00e9\u00a0\u00bb<\/a>&nbsp;&nbsp;Zone Militaire<\/li>\n<li><a href=\"https:\/\/news.google.com\/rss\/articles\/CBMi7wFBVV95cUxPVjh0QVlNc0J0U0VfTzlHX1VyUjIxTGtOeE9QaFpSUnBpRzZiTGZubWszYWxmUF8tN2hmd0VhM3dvS2hiYkx5SF91Yng3ZGVvSmZOemp6cjR2ZTNjRXFsSnd1Qk9ySktfeW5xSEUtR3JQRV9nWEUxMnFJRUh2dXhYNFlTTHIwT0ZpZkFrQ3RCTjJfTzJodXNYem05OVE1MlZtZkdGRGRiNk0ycnZmNDhLV1N0U0w4Z1daVnh4S1lPZU5DMnl4QVVPLU9VZEVpSmk4NzFkUjB6UVo1UFJPVlRheWFrRnJleDZTMzFVd1RQMA?oc=5\" target=\"_blank\" rel=\"nofollow noopener\">\u00abS\u2019ils ne sont pas contents, ils sont libres de quitter le SCAF\u00bb : Airbus et Dassault Aviation au bord de la rupture<\/a>&nbsp;&nbsp;L&rsquo;Usine Nouvelle<\/li>\n<li><a href=\"https:\/\/news.google.com\/rss\/articles\/CBMi1gFBVV95cUxQVFp4eGd3RDRfNzhaUjFaNGNDWFFycjRQWjh4MkplTXJqaXkxQXJpd1JyMTE5S1EwNWJTVW93LW9zWDUzcWpuSEFnTFJHYW9zbUxFUkJBMVY0enRGWE0yaWhtUkhoWUh2U3c3R0NRNHQ1d0tjVzJPblRYRURQbmxKZDFSY0IyM01HME5SV2JLMjJUaThRZjZ3RkRZdXR0X0hFWERYLUZmaXpnRmViTng0RzJSSHEwMVJmaFk5T3hTVHB3d0doY3FFcnp4ZDluc2FBMC1DWGN3?oc=5\" target=\"_blank\" rel=\"nofollow noopener\">L\u2019avion de chasse franco-allemand, un projet ambitieux mais trop politique<\/a>&nbsp;&nbsp;Le Monde.fr<\/li>\n<li><a href=\"https:\/\/news.google.com\/rss\/articles\/CBMiowJBVV95cUxOdC1CcjNlN1h3WUtkMjh6TXZpMWs4WWx0SXNXZENZM3R6R05fSmoxTmJKRTctQ3h1YUdkZDBYc19mcW44cDNNM1pmUGxmdzYwN0kxMVlGaXFrWl9TbXVPQVZZUEZHbk1iMEZob2lQNXpSaFBBMzZEZ2xuMWtFaHRMYVA2X3dtOTdWa3M4emlfbEk0aGhCM0RtaWJHOXliZmhMcmxmWjNYRzNlQ0VtQmRMMXlKeXN4b2tleHp1VFpjOWFfNXBTQ1IxMjJNSGtlcnliZ2ZveG9IVHJUTlR1VkRIbkRjaGhKaHREYWJpMkJLS01yZnYzOEJ2aUtINGVpOWRSTjN2eUVwdDBzWVlKd0NNdmQxZHhIUDEtRDZnVDJHalpZUm8?oc=5\" target=\"_blank\" rel=\"nofollow noopener\">\u00ab\u00a0Ils sont libres de partir\u00a0\u00bb: les tensions montent au sommet de l&rsquo;industrie europ\u00e9enne de D\u00e9fense<\/a>&nbsp;&nbsp;La Libre.be<\/li>\n<li><a href=\"https:\/\/news.google.com\/rss\/articles\/CBMickFVX3lxTE85cGYwWFpMTUJDRTlUWlB0SHptMnhnWUo2Wk9KX2c4c2dHQmJhb3dZbkNXNUZBMUpac3FoNG00NlU3R0x3QjZzQmxMMlJaRVJVMVhWaElOMjh2V2czLVFVQWVZN29NSHRxYzhzS2JGd1RBQQ?oc=5\" target=\"_blank\" rel=\"nofollow noopener\">SCAF : Le PDG d&rsquo;Airbus durcit le ton face \u00e0 Dassault Aviation<\/a>&nbsp;&nbsp;OpexNews<\/li>\n<\/ol>\n","protected":false},"excerpt":{"rendered":"Le PDG d&rsquo;Airbus invite Dassault Aviation \u00e0 quitter le SCAF s&rsquo;il n&rsquo;est \u00ab\u00a0pas d&rsquo;accord avec ce qui a&hellip;\n","protected":false},"author":2,"featured_media":502968,"comment_status":"","ping_status":"","sticky":false,"template":"","format":"standard","meta":{"footnotes":""},"categories":[6],"tags":[40663,35,20286,33,34,1011,27,62490,48477,48478,29284,41062],"class_list":{"0":"post-502967","1":"post","2":"type-post","3":"status-publish","4":"format-standard","5":"has-post-thumbnail","7":"category-economie","8":"tag-avion-de-combat","9":"tag-business","10":"tag-dassault-aviation","11":"tag-economie","12":"tag-economy","13":"tag-fr","14":"tag-france","15":"tag-guillaume-faury","16":"tag-new-generation-fighter","17":"tag-ngf","18":"tag-scaf","19":"tag-systeme-de-combat-aerien-du-futur"},"share_on_mastodon":{"url":"https:\/\/pubeurope.com\/@fr\/115470643023926662","error":""},"_links":{"self":[{"href":"https:\/\/www.europesays.com\/fr\/wp-json\/wp\/v2\/posts\/502967","targetHints":{"allow":["GET"]}}],"collection":[{"href":"https:\/\/www.europesays.com\/fr\/wp-json\/wp\/v2\/posts"}],"about":[{"href":"https:\/\/www.europesays.com\/fr\/wp-json\/wp\/v2\/types\/post"}],"author":[{"embeddable":true,"href":"https:\/\/www.europesays.com\/fr\/wp-json\/wp\/v2\/users\/2"}],"replies":[{"embeddable":true,"href":"https:\/\/www.europesays.com\/fr\/wp-json\/wp\/v2\/comments?post=502967"}],"version-history":[{"count":0,"href":"https:\/\/www.europesays.com\/fr\/wp-json\/wp\/v2\/posts\/502967\/revisions"}],"wp:featuredmedia":[{"embeddable":true,"href":"https:\/\/www.europesays.com\/fr\/wp-json\/wp\/v2\/media\/502968"}],"wp:attachment":[{"href":"https:\/\/www.europesays.com\/fr\/wp-json\/wp\/v2\/media?parent=502967"}],"wp:term":[{"taxonomy":"category","embeddable":true,"href":"https:\/\/www.europesays.com\/fr\/wp-json\/wp\/v2\/categories?post=502967"},{"taxonomy":"post_tag","embeddable":true,"href":"https:\/\/www.europesays.com\/fr\/wp-json\/wp\/v2\/tags?post=502967"}],"curies":[{"name":"wp","href":"https:\/\/api.w.org\/{rel}","templated":true}]}}