{"id":502974,"date":"2025-10-31T20:25:37","date_gmt":"2025-10-31T20:25:37","guid":{"rendered":"https:\/\/www.europesays.com\/fr\/502974\/"},"modified":"2025-10-31T20:25:37","modified_gmt":"2025-10-31T20:25:37","slug":"loire-a-firminy-les-commercants-jouent-le-jeu-pour-halloween","status":"publish","type":"post","link":"https:\/\/www.europesays.com\/fr\/502974\/","title":{"rendered":"Loire. \u00c0 Firminy, les commer\u00e7ants jouent le jeu pour Halloween"},"content":{"rendered":"<p>\u00c0 Firminy, l\u2019association commerciale Les Vitrines de Firminy organise jusqu\u2019\u00e0 ce vendredi un jeu chez ses commer\u00e7ants adh\u00e9rents. Un jeu sans condition d\u2019achat qui permet aux clients de r\u00e9cup\u00e9rer un paquet de bonbons, ils devront ensuite envoyer, sur le site des Vitrines, une photo, costum\u00e9s ou non, mais de pr\u00e9f\u00e9rence en montrant ses bonbons, afin de participer \u00e0 un tirage au sort.<\/p>\n<p>Le premier lot sera un bon d\u2019achat de 50\u00a0euros \u00e0 la boutique F\u00eates vos Jeux et deux bons d\u2019achat de 25\u00a0euros \u00e0 l\u2019Hirondaine.<\/p>\n<p>Un moment de lien social et d\u2019\u00e9vasion<\/p>\n<p>M\u00eame quand on joue \u00e0 se faire peur, Halloween est un moment de lien social et d\u2019\u00e9vasion c\u00e9l\u00e9br\u00e9e par de plus en plus d\u2019ados, de jeunes adultes et de familles avec enfants. Ils privil\u00e9gient les produits concourant \u00e0 l\u2019esprit&#8230;<\/p>\n","protected":false},"excerpt":{"rendered":"\u00c0 Firminy, l\u2019association commerciale Les Vitrines de Firminy organise jusqu\u2019\u00e0 ce vendredi un jeu chez ses commer\u00e7ants adh\u00e9rents.&hellip;\n","protected":false},"author":2,"featured_media":502975,"comment_status":"","ping_status":"","sticky":false,"template":"","format":"standard","meta":{"footnotes":""},"categories":[9653],"tags":[1111,11,2430,650,4406,1687,7539,1777,674,10282,10283,1011,27,12,25,4001],"class_list":{"0":"post-502974","1":"post","2":"type-post","3":"status-publish","4":"format-standard","5":"has-post-thumbnail","7":"category-saint-etienne","8":"tag-actu","9":"tag-actualites","10":"tag-auvergne-rhone-alpes","11":"tag-cinema","12":"tag-commerce-et-services","13":"tag-culture-loisirs","14":"tag-edition-loire-sud","15":"tag-eu","16":"tag-europe","17":"tag-firminy","18":"tag-firminy-ville","19":"tag-fr","20":"tag-france","21":"tag-news","22":"tag-republique-francaise","23":"tag-saint-etienne"},"share_on_mastodon":{"url":"https:\/\/pubeurope.com\/@fr\/115470658810355737","error":""},"_links":{"self":[{"href":"https:\/\/www.europesays.com\/fr\/wp-json\/wp\/v2\/posts\/502974","targetHints":{"allow":["GET"]}}],"collection":[{"href":"https:\/\/www.europesays.com\/fr\/wp-json\/wp\/v2\/posts"}],"about":[{"href":"https:\/\/www.europesays.com\/fr\/wp-json\/wp\/v2\/types\/post"}],"author":[{"embeddable":true,"href":"https:\/\/www.europesays.com\/fr\/wp-json\/wp\/v2\/users\/2"}],"replies":[{"embeddable":true,"href":"https:\/\/www.europesays.com\/fr\/wp-json\/wp\/v2\/comments?post=502974"}],"version-history":[{"count":0,"href":"https:\/\/www.europesays.com\/fr\/wp-json\/wp\/v2\/posts\/502974\/revisions"}],"wp:featuredmedia":[{"embeddable":true,"href":"https:\/\/www.europesays.com\/fr\/wp-json\/wp\/v2\/media\/502975"}],"wp:attachment":[{"href":"https:\/\/www.europesays.com\/fr\/wp-json\/wp\/v2\/media?parent=502974"}],"wp:term":[{"taxonomy":"category","embeddable":true,"href":"https:\/\/www.europesays.com\/fr\/wp-json\/wp\/v2\/categories?post=502974"},{"taxonomy":"post_tag","embeddable":true,"href":"https:\/\/www.europesays.com\/fr\/wp-json\/wp\/v2\/tags?post=502974"}],"curies":[{"name":"wp","href":"https:\/\/api.w.org\/{rel}","templated":true}]}}