{"id":502988,"date":"2025-10-31T20:33:09","date_gmt":"2025-10-31T20:33:09","guid":{"rendered":"https:\/\/www.europesays.com\/fr\/502988\/"},"modified":"2025-10-31T20:33:09","modified_gmt":"2025-10-31T20:33:09","slug":"ou-chiner-ce-week-end-en-seine-maritime-voici-les-foires-a-tout-prevues-dans-le-departement","status":"publish","type":"post","link":"https:\/\/www.europesays.com\/fr\/502988\/","title":{"rendered":"O\u00f9 chiner ce week-end en Seine-Maritime ? Voici les foires \u00e0 tout pr\u00e9vues dans le d\u00e9partement"},"content":{"rendered":"<p>            Par<br \/>\n        <strong><br \/>\n            <a href=\"https:\/\/actu.fr\/auteur\/yann-rivallan\" title=\"Consulter tous les articles de Yann Rivallan\" target=\"_blank\" rel=\"noopener\">Yann Rivallan<\/a><br \/>\n        <\/strong><\/p>\n<p>        Publi\u00e9 le<\/p>\n<p>            31 oct. 2025 \u00e0 20h34        <\/p>\n<p>Vous aimez les brocantes et <a href=\"https:\/\/actu.fr\/tag\/foires-a-tout\" target=\"_blank\" rel=\"noopener\">les foires \u00e0 tout<\/a>\u2009? Et vous ne savez pas quoi faire ce week-end en Seine-Maritime\u2009? Si jamais <strong>l\u2019envie de chiner<\/strong> vous prend, la r\u00e9daction de 76actu vous fait la liste des \u00e9v\u00e9nements pr\u00e9vus tout au long du week-end du <strong>1er et 2\u00a0novembre 2025<\/strong>.<\/p>\n<p class=\" wall-content\"><strong>Les foires \u00e0 tout du samedi<\/strong><\/p>\n<p class=\" wall-content\">\u2022 <strong>Elbeuf\u2009:<\/strong> foire \u00e0 tout \u00e0 la salle Franklin, de 8h \u00e0 18h. Entr\u00e9e gratuite. Entre 50 et 100\u00a0exposants.<\/p>\n<p class=\" wall-content\">\u2022 <strong>Le Trait\u2009: <\/strong>foire \u00e0 tout \u00e0 la salle des Sports de l\u2019\u00e9cole Guy-de-Maupassant, de 8h30 \u00e0 17h. Entr\u00e9e gratuite. Moins de 50\u00a0exposants.<\/p>\n<p class=\" wall-content\">\u2022 <strong>Neufch\u00e2tel-en-Bray\u2009: <\/strong>bourse aux jouets \u00e0 la salle des f\u00eates, de 9h \u00e0 17h. Entr\u00e9e gratuite. Entre 50 et 100\u00a0exposants.<\/p>\n<p class=\" wall-content\">\u2022 <strong>Oissel\u2009: <\/strong>foire \u00e0 tout au palais des congr\u00e8s, de 8h30 \u00e0 18h. Entr\u00e9e gratuite. Entre 50 et 100\u00a0exposants.<\/p>\n<p class=\" wall-content\">\u2022 <strong>Saint-Vincent-Crasmesnil\u2009: <\/strong>bourse aux jouets et \u00e0 la pu\u00e9riculture \u00e0 la salle des f\u00eates, de 9h30 \u00e0 16h30. Entr\u00e9e gratuite. Moins de 50\u00a0exposants.<\/p>\n<p>Vid\u00e9os : en ce moment sur ActuLes foires \u00e0 tout du dimanche<\/p>\n<p class=\" wall-content\">\u2022 <strong>Elbeuf\u2009:<\/strong> foire \u00e0 tout \u00e0 la salle Franklin, de 8h \u00e0 18h. Entr\u00e9e gratuite. Entre 50 et 100\u00a0exposants.<\/p>\n<p class=\" wall-content\">\u2022 <strong>\u00c9tainhus\u2009:<\/strong> vide-greniers au 650 route de la Linerie, de 8h \u00e0 17h. Entr\u00e9e\u2009: 1\u00a0euro. Entre 50 et 100\u00a0exposants.<\/p>\n<p>Votre r\u00e9gion, votre actu !<\/p>\n<p>Recevez chaque jour les infos qui comptent pour vous.<\/p>\n<p>\t<a href=\"https:\/\/actu.fr\/newsletter\" class=\"ac-btn ac-btn--corner ac-btn--medium ac-btn--blue800\" target=\"_blank\" rel=\"noopener\">S&rsquo;incrire<\/a><\/p>\n<p class=\" wall-content\">\u2022 <strong>F\u00e9camp\u2009:<\/strong> vide-greniers \u00e0 la salle Jean-Bouin, de 8h \u00e0 18h. Entr\u00e9e\u2009: 1\u00a0euro. Moins de 50\u00a0exposants.<\/p>\n<p class=\" wall-content\">\u2022 <strong>Gainneville\u2009:<\/strong> bourse aux jouets et \u00e0 la pu\u00e9riculture au 10 rue des Charmilles, de 8h \u00e0 17h30. Entr\u00e9e\u2009: 1\u00a0euro. Moins de 50\u00a0exposants.<\/p>\n<p class=\" wall-content\">\u2022 <strong>Gonfreville-l\u2019Orcher\u2009:<\/strong> bourse aux jeux de soci\u00e9t\u00e9 au 10 avenue Charles-de-Gaulle, de 10h \u00e0 17h. Entr\u00e9e gratuite. Moins de 50\u00a0exposants.<\/p>\n<p class=\" wall-content\">\u2022 <strong>Le\u00a0Havre\u2009:<\/strong> vide-greniers rue Dum\u00e9-d\u2019Aplemont, de 8h \u00e0 16h30. Entr\u00e9e\u2009: 1\u00a0euro. Entre 50 et 100\u00a0exposants.<\/p>\n<p class=\" wall-content\">\u2022 <strong>Le\u00a0Havre\u2009:<\/strong> vide-greniers \u00e0 la salle des f\u00eates de Bl\u00e9ville, de 8h \u00e0 17h30. Entr\u00e9e\u2009: 1\u00a0euro. Entre 50 et 100\u00a0exposants.<\/p>\n<p class=\" wall-content\">\u2022 <strong>Le Trait\u2009:<\/strong> foire \u00e0 tout \u00e0 la salle des Sports de l\u2019\u00e9cole Guy-de-Maupassant, de 8h30 \u00e0 17h. Entr\u00e9e gratuite. Moins de 50\u00a0exposants.<\/p>\n<p class=\" wall-content\">\u2022 <strong>Les Grandes-Ventes\u2009:<\/strong> foire aux jouets \u00e0 la salle des f\u00eates Godefroy, de 8h \u00e0 17h. Entr\u00e9e gratuite. Entre 50 et 100\u00a0exposants.<\/p>\n<p class=\" wall-content\">\u2022 <strong>Monchaux-Soreng\u2009:<\/strong> bourse aux jouets et v\u00eatements \u00e0 la salle des f\u00eates, de 8h \u00e0 18h. Entr\u00e9e gratuite. Moins de 50\u00a0exposants.<\/p>\n<p class=\" wall-content\">\u2022 <strong>Motteville\u2009:<\/strong> foire aux jouets \u00e0 la salle des f\u00eates Maltavilla, de 8h \u00e0 18h30. Entr\u00e9e gratuite. Moins de 50\u00a0exposants.<\/p>\n<p class=\" wall-content\">\u2022 <strong>Neufch\u00e2tel-en-Bray\u2009:<\/strong> bourse aux jouets \u00e0 la salle des f\u00eates, de 9h \u00e0 17h. Entr\u00e9e gratuite. Entre 50 et 100\u00a0exposants.<\/p>\n<p class=\" wall-content\">\u2022 <strong>Normanville\u2009:<\/strong> foire \u00e0 tout \u00e0 la salle des f\u00eates, de 8h \u00e0 17h. Entre 50 et 100\u00a0exposants.<\/p>\n<p class=\" wall-content\">\u2022 <strong>Offranville\u2009:<\/strong> bourse aux jouets, pu\u00e9riculture et v\u00eatements au gymnase du coll\u00e8ge, de 10h \u00e0 18h. Entr\u00e9e gratuite. Moins de 50\u00a0exposants.<\/p>\n<p class=\" wall-content\">\u2022 <strong>Oissel\u2009:<\/strong> foire \u00e0 tout au palais des congr\u00e8s, de 8h30 \u00e0 18h. Entr\u00e9e gratuite. Entre 50 et 100\u00a0exposants.<\/p>\n<p class=\" wall-content\">\u2022 <strong>Port-J\u00e9r\u00f4me-sur-Seine\u2009:<\/strong> vide-greniers \u00e0 la salle Charles-Peggy, de 8h \u00e0 17h. Entr\u00e9e\u2009: 1\u00a0euro. Entre 50 et 100\u00a0exposants.<\/p>\n<p class=\" wall-content\">\u2022 <strong>Rives-en-Seine\u2009:<\/strong> foire \u00e0 la pu\u00e9riculture \u00e0 la salle de la Tour d\u2019Harfleur, de 9h \u00e0 17h. Entr\u00e9e\u2009: 1\u00a0euro.<\/p>\n<p class=\" wall-content\">\u2022 <strong>Rouen\u2009:<\/strong> foire \u00e0 tout dans la rue Saint-Sever, de 7h \u00e0 18h. Entr\u00e9e gratuite. Entre 50 et 100\u00a0exposants.<\/p>\n<p class=\" wall-content\">\u2022 <strong>Saint-Clair-sur-les-Monts\u2009:<\/strong> bourse aux livres \u00e0 la salle des f\u00eates, de 10h \u00e0 17h. Entr\u00e9e gratuite. Moins de 50\u00a0exposants.<\/p>\n<p class=\" wall-content\">\u2022 <strong>Saint-L\u00e9onard\u2009:<\/strong> vide ta chambre \u00e0 la salle Henri-Lambert, de 8h \u00e0 17h. Entr\u00e9e\u2009: 1\u00a0euro. Moins de 50\u00a0exposants.<\/p>\n<p class=\" wall-content\">\u2022 <strong>Saint-Pierre-de-Varengeville\u2009:<\/strong> foire \u00e0 tout route du Paulu, de 9h \u00e0 17h. Entr\u00e9e gratuite. Entre 50 et 100\u00a0exposants.<\/p>\n<p class=\" wall-content\">\u2022 <strong>Sandouville\u2009:<\/strong> foire \u00e0 tout \u00e0 la salle des sports, rue du Gymnase, de 8h \u00e0 17h. Entr\u00e9e\u2009: 1\u00a0euro. Entre 50 et 100\u00a0exposants.<\/p>\n<p class=\" wall-content\">Personnalisez votre actualit\u00e9 en ajoutant vos villes et m\u00e9dias en favori avec <a href=\"https:\/\/moncompte.actu.fr\" title=\"D\u00e9couvez Mon Actu\" rel=\"nofollow noopener\" data-trk=\"{&quot;cta&quot;:{&quot;action&quot;:&quot;https:\\\/\\\/moncompte.actu.fr&quot;,&quot;category&quot;:&quot;mon compte&quot;,&quot;from&quot;:&quot;article footer&quot;,&quot;name&quot;:&quot;Mon actu&quot;,&quot;type&quot;:&quot;cta&quot;}}\" target=\"_blank\">Mon Actu<\/a>.<\/p>\n","protected":false},"excerpt":{"rendered":"Par Yann Rivallan Publi\u00e9 le 31 oct. 2025 \u00e0 20h34 Vous aimez les brocantes et les foires \u00e0&hellip;\n","protected":false},"author":2,"featured_media":502989,"comment_status":"","ping_status":"","sticky":false,"template":"","format":"standard","meta":{"footnotes":""},"categories":[9587],"tags":[1111,11,6961,1777,674,10087,1011,27,1652,12,5161,25,9590,3365],"class_list":{"0":"post-502988","1":"post","2":"type-post","3":"status-publish","4":"format-standard","5":"has-post-thumbnail","7":"category-rouen","8":"tag-actu","9":"tag-actualites","10":"tag-brocante","11":"tag-eu","12":"tag-europe","13":"tag-foires-a-tout","14":"tag-fr","15":"tag-france","16":"tag-loisirs-culture","17":"tag-news","18":"tag-normandie","19":"tag-republique-francaise","20":"tag-rouen","21":"tag-vide-greniers"},"share_on_mastodon":{"url":"https:\/\/pubeurope.com\/@fr\/115470690196369696","error":""},"_links":{"self":[{"href":"https:\/\/www.europesays.com\/fr\/wp-json\/wp\/v2\/posts\/502988","targetHints":{"allow":["GET"]}}],"collection":[{"href":"https:\/\/www.europesays.com\/fr\/wp-json\/wp\/v2\/posts"}],"about":[{"href":"https:\/\/www.europesays.com\/fr\/wp-json\/wp\/v2\/types\/post"}],"author":[{"embeddable":true,"href":"https:\/\/www.europesays.com\/fr\/wp-json\/wp\/v2\/users\/2"}],"replies":[{"embeddable":true,"href":"https:\/\/www.europesays.com\/fr\/wp-json\/wp\/v2\/comments?post=502988"}],"version-history":[{"count":0,"href":"https:\/\/www.europesays.com\/fr\/wp-json\/wp\/v2\/posts\/502988\/revisions"}],"wp:featuredmedia":[{"embeddable":true,"href":"https:\/\/www.europesays.com\/fr\/wp-json\/wp\/v2\/media\/502989"}],"wp:attachment":[{"href":"https:\/\/www.europesays.com\/fr\/wp-json\/wp\/v2\/media?parent=502988"}],"wp:term":[{"taxonomy":"category","embeddable":true,"href":"https:\/\/www.europesays.com\/fr\/wp-json\/wp\/v2\/categories?post=502988"},{"taxonomy":"post_tag","embeddable":true,"href":"https:\/\/www.europesays.com\/fr\/wp-json\/wp\/v2\/tags?post=502988"}],"curies":[{"name":"wp","href":"https:\/\/api.w.org\/{rel}","templated":true}]}}