{"id":50299,"date":"2025-04-24T22:54:27","date_gmt":"2025-04-24T22:54:27","guid":{"rendered":"https:\/\/www.europesays.com\/fr\/50299\/"},"modified":"2025-04-24T22:54:27","modified_gmt":"2025-04-24T22:54:27","slug":"greve-des-bus-de-cergy-pontoise-un-mediateur-nomme-par-idf-mobilite","status":"publish","type":"post","link":"https:\/\/www.europesays.com\/fr\/50299\/","title":{"rendered":"Gr\u00e8ve des bus de Cergy-Pontoise\u00a0: un m\u00e9diateur nomm\u00e9 par IDF Mobilit\u00e9"},"content":{"rendered":"<p class=\"paragraph text_align_left\">Nous sommes encore loin de la r\u00e9solution du conflit, mais on entrevoit peut-\u00eatre le bout du tunnel. Alors que ce mercredi va marquer <a href=\"https:\/\/www.leparisien.fr\/val-d-oise-95\/cest-parti-pour-durer-avec-la-greve-des-bus-a-cergy-pontoise-les-usagers-entre-debrouille-et-entraide-14-11-2024-47WQZU4CA5ARLL42ERZ63ALFHM.php\" target=\"_blank\" rel=\"nofollow noopener\">le treizi\u00e8me jour sans bus<\/a> en raison de la gr\u00e8ve des agents de transport du nouvel op\u00e9rateur Francilit\u00e9 Seine et Oise, charg\u00e9 du r\u00e9seau de bus sur la communaut\u00e9 d\u2019agglom\u00e9ration de Cergy-Pontoise (Val-d\u2019Oise) et Conflans-Sainte-Honorine (Yvelines), un m\u00e9diateur a \u00e9t\u00e9 nomm\u00e9 par \u00cele-de-France Mobilit\u00e9. Celui-ci a rencontr\u00e9 la direction ce lundi soir, puis les gr\u00e9vistes ce mardi matin. Son objectif\u00a0: organiser une r\u00e9union pour <a href=\"https:\/\/www.leparisien.fr\/val-d-oise-95\/greve-des-bus-de-cergy-pontoise-et-conflans-pourquoi-le-reseau-est-toujours-paralyse-17-11-2024-BSKVXVM2BVFT7OP4HFMCBASEXE.php\" target=\"_blank\" rel=\"nofollow noopener\">renouer le dialogue entre les deux parties.<\/a><\/p>\n<p class=\"paragraph text_align_left\">Direction et salari\u00e9s ont donc pos\u00e9 leurs conditions pour s\u2019asseoir \u00e0 la table des n\u00e9gociations. \u00ab\u00a0De notre c\u00f4t\u00e9, nous avons soumis un accord de substitution et un projet d\u2019accord de sortie de conflit, explique Fred Mirande, d\u00e9l\u00e9gu\u00e9 syndicat FO. J\u2019ai demand\u00e9 que le directeur g\u00e9n\u00e9ral et le directeur financier soient pr\u00e9sents. Au final, ce sont eux qui prennent les d\u00e9cisions. Mais nous sommes toujours aussi motiv\u00e9s.\u00a0\u00bb \u00ab\u00a0Nous confirmons notre volont\u00e9 d\u2019explorer la piste de la m\u00e9diation propos\u00e9e par IDF Mobilit\u00e9\u00a0\u00bb, souligne de son c\u00f4t\u00e9 la direction, qui ne souhaite pas \u00ab\u00a0faire d\u2019autres commentaires pour le moment\u00a0\u00bb.<\/p>\n<p class=\"paragraph text_align_left\">En attendant, les gr\u00e9vistes, qui d\u00e9noncent une d\u00e9gradation de leurs conditions de travail depuis le changement d\u2019op\u00e9rateur, se relaient sur le piquet de gr\u00e8ve install\u00e9 devant le d\u00e9p\u00f4t, \u00e0 Saint-Ouen-l\u2019Aum\u00f4ne.<\/p>\n<p class=\"paragraph text_align_left\">De nombreux \u00e9lus se sont par ailleurs mobilis\u00e9s pour tenter de trouver une issue au conflit. La Communaut\u00e9 d\u2019agglom\u00e9ration de Cergy-Pontoise a ainsi vot\u00e9 le 12\u00a0novembre une motion \u00ab\u00a0pour un retour rapide \u00e0 la normale du service public de bus\u00a0\u00bb. Le d\u00e9put\u00e9 LFI Aur\u00e9lien Tach\u00e9 a de son c\u00f4t\u00e9 annonc\u00e9 son intention d\u2019interroger le 26\u00a0novembre le ministre charg\u00e9 des Transports \u00ab\u00a0sur la question de la privatisation du r\u00e9seau de bus\u00a0\u00bb.<\/p>\n","protected":false},"excerpt":{"rendered":"Nous sommes encore loin de la r\u00e9solution du conflit, mais on entrevoit peut-\u00eatre le bout du tunnel. Alors&hellip;\n","protected":false},"author":2,"featured_media":50300,"comment_status":"","ping_status":"","sticky":false,"template":"","format":"standard","meta":{"footnotes":""},"categories":[1592],"tags":[1111,11,1777,674,1011,27,662,1944,12,626,25,6601],"class_list":{"0":"post-50299","1":"post","2":"type-post","3":"status-publish","4":"format-standard","5":"has-post-thumbnail","7":"category-ile-de-france","8":"tag-actu","9":"tag-actualites","10":"tag-eu","11":"tag-europe","12":"tag-fr","13":"tag-france","14":"tag-ile-de-france","15":"tag-ma-ville","16":"tag-news","17":"tag-paris","18":"tag-republique-francaise","19":"tag-val-d-oise"},"share_on_mastodon":{"url":"https:\/\/pubeurope.com\/@fr\/114395405636705507","error":""},"_links":{"self":[{"href":"https:\/\/www.europesays.com\/fr\/wp-json\/wp\/v2\/posts\/50299","targetHints":{"allow":["GET"]}}],"collection":[{"href":"https:\/\/www.europesays.com\/fr\/wp-json\/wp\/v2\/posts"}],"about":[{"href":"https:\/\/www.europesays.com\/fr\/wp-json\/wp\/v2\/types\/post"}],"author":[{"embeddable":true,"href":"https:\/\/www.europesays.com\/fr\/wp-json\/wp\/v2\/users\/2"}],"replies":[{"embeddable":true,"href":"https:\/\/www.europesays.com\/fr\/wp-json\/wp\/v2\/comments?post=50299"}],"version-history":[{"count":0,"href":"https:\/\/www.europesays.com\/fr\/wp-json\/wp\/v2\/posts\/50299\/revisions"}],"wp:featuredmedia":[{"embeddable":true,"href":"https:\/\/www.europesays.com\/fr\/wp-json\/wp\/v2\/media\/50300"}],"wp:attachment":[{"href":"https:\/\/www.europesays.com\/fr\/wp-json\/wp\/v2\/media?parent=50299"}],"wp:term":[{"taxonomy":"category","embeddable":true,"href":"https:\/\/www.europesays.com\/fr\/wp-json\/wp\/v2\/categories?post=50299"},{"taxonomy":"post_tag","embeddable":true,"href":"https:\/\/www.europesays.com\/fr\/wp-json\/wp\/v2\/tags?post=50299"}],"curies":[{"name":"wp","href":"https:\/\/api.w.org\/{rel}","templated":true}]}}