{"id":502996,"date":"2025-10-31T20:37:15","date_gmt":"2025-10-31T20:37:15","guid":{"rendered":"https:\/\/www.europesays.com\/fr\/502996\/"},"modified":"2025-10-31T20:37:15","modified_gmt":"2025-10-31T20:37:15","slug":"ca-na-aucun-sens-a-rennes-lidee-dune-primaire-pour-departager-les-candidats-de-la-droite-aux-municipales-fait-pschiiit","status":"publish","type":"post","link":"https:\/\/www.europesays.com\/fr\/502996\/","title":{"rendered":"\u00ab\u00a0\u00c7a n\u2019a aucun sens\u00a0\u00bb\u00a0: \u00e0 Rennes, l\u2019id\u00e9e d\u2019une primaire pour d\u00e9partager les candidats de la droite aux municipales fait pschiiit"},"content":{"rendered":"<p>Une image de vacances post\u00e9e sur une messagerie. C\u2019est la seule r\u00e9action qu\u2019a suscit\u00e9e l\u2019id\u00e9e, lanc\u00e9e par Thomas Rousseau il y a un peu plus de 24 h, d\u2019organiser <a href=\"https:\/\/www.letelegramme.fr\/ille-et-vilaine\/rennes-35000\/municipales-2026-a-rennes-le-candidat-lr-thomas-rousseau-propose-une-primaire-pour-designer-le-candidat-de-lopposition-6919139.php\" target=\"_blank\" rel=\"noopener\">une primaire pour d\u00e9signer la future t\u00eate de liste de la droite rennaise aux municipales.<\/a> Sollicit\u00e9s, les membres de Vivre Rennes, le collectif qui unit les oppositions sortantes, emmen\u00e9 par Charles Compagnon et Carole Gandon, observent un silence un brin constern\u00e9. En pleines vacances scolaires, les deux \u00e9lus sont en vill\u00e9giature. Pas question de bouleverser leur repos pour r\u00e9pondre \u00e0 l\u2019initiative du leader de Rennes \u00e0 droite, investi par LR aux municipales.<\/p>\n<p>Pi\u00e8ge politique<\/p>\n<p>Une primaire, \u00ab ouverte aux adh\u00e9rents de tous les partis qui se r\u00e9clament de la droite et du centre \u00bb, pour d\u00e9signer celui qui, de Rousseau ou de Compagnon, pourra briguer la t\u00eate d\u2019une liste unifi\u00e9e face \u00e0 la maire sortante, Nathalie App\u00e9r\u00e9 en 2026 ? \u00ab Je pense que c\u2019est coh\u00e9rent avec les valeurs que nous portons de redonner la parole aux Rennais. Valider par un vote d\u00e9mocratique un choix comme celui-ci est un important. La m\u00e9thode a fonctionn\u00e9 \u00e0 Nantes \u00bb, a expliqu\u00e9 Thomas Rousseau, hier jeudi 30 octobre, devant la presse.<\/p>\n<p>Le candidat LR place ainsi son adversaire devant deux mauvaises options. Soit Charles Compagnon accepte et prend le risque d\u2019abandonner cette candidature \u00e0 laquelle il se pr\u00e9pare depuis six ans. Soit il refuse et passe pour l\u2019homme qui se d\u00e9file. Sur le papier, cela ressemble \u00e0 un gros pi\u00e8ge\u2026 Qui fait sourire dans les rangs des \u00ab pi\u00e9g\u00e9s \u00bb, qui jugent que cette agitation \u00ab n\u2019a aucun sens \u00bb.<\/p>\n<p>Infaisable \u00e0 tous les niveaux ?<\/p>\n<p>\u00ab Cette id\u00e9e est totalement infaisable sur les plans techniques, juridiques et \u00e9conomiques. Surtout \u00e0 135 jours du scrutin \u00bb, explique-t-on dans l\u2019entourage de Charles Compagnon, o\u00f9 l\u2019on estime que cela revient aussi \u00e0 m\u00e9conna\u00eetre le fonctionnement d\u2019une \u00e9ch\u00e9ance municipale.<\/p>\n<p>Des primaires peuvent \u00eatre organis\u00e9es dans le cadre de partis disposant de statuts qui les encadrent \u00e0 tous les niveaux. \u00ab Mais l\u00e0, nous avons affaire \u00e0 deux groupes de sympathisants. Certains peuvent \u00eatre encart\u00e9s dans des partis, mais la plupart d\u2019entre eux ne le sont pas du tout. Ils sont juste volontaires pour s\u2019engager pour leur ville. \u00bb<\/p>\n<blockquote><p>On aurait plus les moyens de financer la campagne<\/p><\/blockquote>\n<p>Cons\u00e9quences, selon l\u2019entourage de Compagnon : des soucis juridiques et techniques en pagaille, doubl\u00e9s d\u2019un gros probl\u00e8me financier. Les comptes des deux associations concurrentes ont d\u00e9j\u00e0 \u00e9t\u00e9 ouverts. En cas de victoire, l\u2019ensemble des co\u00fbts de l\u2019op\u00e9ration serait imput\u00e9 sur le budget de la liste gagnante. Cons\u00e9quence : \u00ab On aurait plus les moyens de financer la campagne \u00e0 proprement parler \u00bb, confie un cadre de Vivre Rennes.<\/p>\n<p>Agacement dans les rangs<\/p>\n<p>L\u2019exemple de Nantes cit\u00e9 par Thomas Rousseau est \u00e9galement battu en br\u00e8che. Fin ao\u00fbt, une primaire a bien permis de d\u00e9partager Julien Bainvel et Foulques Chambart de Lawe, les deux pr\u00e9tendants \u00e0 la t\u00eate de liste de la droite dans la cit\u00e9 des Ducs. Mais cette derni\u00e8re \u00e9tait organis\u00e9e entre deux LR (Charles Compagnon est Horizons et Carole Gandon Renaissance), ouverte aux seuls adh\u00e9rents \u00e0 jour de cotisation, assur\u00e9e et financ\u00e9e par le parti, rappelle-t-on dans le camp de Compagnon. O\u00f9 l\u2019on pointe aussi le calendrier\u2026 \u00ab A Nantes, c\u2019\u00e9tait fin ao\u00fbt \u00bb.<\/p>\n<p>L\u2019annonce de Thomas Rousseau a \u00e9galement surpris d\u2019autres membres de la droite contact\u00e9s par nos soins. Ces derniers ne souhaitent pas s\u2019exprimer pour ne pas entretenir le feuilleton. Qui commence \u00e0 agacer. \u00ab \u00c7a suffit ! \u00bb, a, de son c\u00f4t\u00e9, laiss\u00e9 \u00e9clater Pierre Abegg, ancien conseiller municipal d\u2019opposition \u00e0 Edmond Herv\u00e9 et ex-colistier de Bruno Chavanat puis de Charles Compagnon. \u00ab Je d\u00e9sapprouve totalement l\u2019initiative de Thomas Rousseau, a-t-il r\u00e9agi sur Facebook. J\u2019observe que les adh\u00e9rents rennais de LR n\u2019ont pas \u00e9t\u00e9 consult\u00e9s. (\u2026) J\u2019ai conserv\u00e9 malgr\u00e9 mon \u00e2ge (78 ans), quelques bonnes amiti\u00e9s et relations \u00e0 Rennes qui attendent toutes une union dynamique, seule garantie d\u2019une victoire possible. Je consid\u00e8re que, si cette initiative saugrenue n\u2019est pas tr\u00e8s vite abandonn\u00e9e, je ferais alors conna\u00eetre mon choix qui ne rel\u00e8vera pas du hasard. \u00bb<\/p>\n<p>Que va-t-il se passer maintenant ? L\u2019union voulue par les sympathisants de droite est-elle morte et enterr\u00e9e ? Difficile \u00e0 dire \u00e0 ce stade. Des discussions sur les programmes \u00e9taient assez avanc\u00e9es. Pour \u00ab laisser la porte ouverte le plus longtemps \u00bb \u00e0 Thomas Rousseau, le lancement de campagne des oppositions a \u00e9t\u00e9 repouss\u00e9 autour de la mi-novembre, selon nos informations.<\/p>\n","protected":false},"excerpt":{"rendered":"Une image de vacances post\u00e9e sur une messagerie. C\u2019est la seule r\u00e9action qu\u2019a suscit\u00e9e l\u2019id\u00e9e, lanc\u00e9e par Thomas&hellip;\n","protected":false},"author":2,"featured_media":502997,"comment_status":"","ping_status":"","sticky":false,"template":"","format":"standard","meta":{"footnotes":""},"categories":[2821],"tags":[1111,11,829,2761,765,1777,674,1011,27,12,316,3364,584,25],"class_list":{"0":"post-502996","1":"post","2":"type-post","3":"status-publish","4":"format-standard","5":"has-post-thumbnail","7":"category-rennes","8":"tag-actu","9":"tag-actualites","10":"tag-bretagne","11":"tag-elections-municipales-2026","12":"tag-en-continu","13":"tag-eu","14":"tag-europe","15":"tag-fr","16":"tag-france","17":"tag-news","18":"tag-politique","19":"tag-politique-a-rennes","20":"tag-rennes","21":"tag-republique-francaise"},"share_on_mastodon":{"url":"https:\/\/pubeurope.com\/@fr\/115470706051884966","error":""},"_links":{"self":[{"href":"https:\/\/www.europesays.com\/fr\/wp-json\/wp\/v2\/posts\/502996","targetHints":{"allow":["GET"]}}],"collection":[{"href":"https:\/\/www.europesays.com\/fr\/wp-json\/wp\/v2\/posts"}],"about":[{"href":"https:\/\/www.europesays.com\/fr\/wp-json\/wp\/v2\/types\/post"}],"author":[{"embeddable":true,"href":"https:\/\/www.europesays.com\/fr\/wp-json\/wp\/v2\/users\/2"}],"replies":[{"embeddable":true,"href":"https:\/\/www.europesays.com\/fr\/wp-json\/wp\/v2\/comments?post=502996"}],"version-history":[{"count":0,"href":"https:\/\/www.europesays.com\/fr\/wp-json\/wp\/v2\/posts\/502996\/revisions"}],"wp:featuredmedia":[{"embeddable":true,"href":"https:\/\/www.europesays.com\/fr\/wp-json\/wp\/v2\/media\/502997"}],"wp:attachment":[{"href":"https:\/\/www.europesays.com\/fr\/wp-json\/wp\/v2\/media?parent=502996"}],"wp:term":[{"taxonomy":"category","embeddable":true,"href":"https:\/\/www.europesays.com\/fr\/wp-json\/wp\/v2\/categories?post=502996"},{"taxonomy":"post_tag","embeddable":true,"href":"https:\/\/www.europesays.com\/fr\/wp-json\/wp\/v2\/tags?post=502996"}],"curies":[{"name":"wp","href":"https:\/\/api.w.org\/{rel}","templated":true}]}}