{"id":503012,"date":"2025-10-31T20:45:12","date_gmt":"2025-10-31T20:45:12","guid":{"rendered":"https:\/\/www.europesays.com\/fr\/503012\/"},"modified":"2025-10-31T20:45:12","modified_gmt":"2025-10-31T20:45:12","slug":"camblanes-et-meynac-belle-brocante-antiquites-les-1er-et-2-novembre-un-univers-a-decouvrir","status":"publish","type":"post","link":"https:\/\/www.europesays.com\/fr\/503012\/","title":{"rendered":"Camblanes-et-Meynac. Belle Brocante Antiquit\u00e9s les 1er et 2 novembre : un univers \u00e0 d\u00e9couvrir"},"content":{"rendered":"<p>\u00a0<\/p>\n<p>La Belle Brocante Antiquit\u00e9s est de retour pour deux jours \u00e0 Camblanes-et-Meynac samedi 1er et dimanche 2 novembre. Organis\u00e9e par l\u2019Association des Brocanteurs Du Carrousel, en partenariat avec la mairie, la Belle Brocante accueille encore cette ann\u00e9e une trentaine d\u2019exposants professionnels venus de toute la r\u00e9gion, sur plus de 1500 m2 d&rsquo;exposition. Joliment install\u00e9e dans la salle polyvalente avenue Guy Trupin, elle offre chaque ann\u00e9e une belle balade \u00e0 travers le temps. Tout est pr\u00eat pour accueillir les visiteurs, avec des univers tr\u00e8s diff\u00e9rentsdans le temps comme dans l&rsquo;espace.\u00a0 De la Chine, aux ann\u00e9es 60, la visite promet une agr\u00e9able sortie.\u00a0 \u00a0Restauration sur place. Entr\u00e9e Gratuite. Ouverture de 9h \u00e0 18h. Renseignements\u2009: 06 82 81 43 42.<\/p>\n","protected":false},"excerpt":{"rendered":"\u00a0 La Belle Brocante Antiquit\u00e9s est de retour pour deux jours \u00e0 Camblanes-et-Meynac samedi 1er et dimanche 2&hellip;\n","protected":false},"author":2,"featured_media":503013,"comment_status":"","ping_status":"","sticky":false,"template":"","format":"standard","meta":{"footnotes":""},"categories":[2817],"tags":[1111,11,1997,1777,674,1011,27,12,2219,25],"class_list":{"0":"post-503012","1":"post","2":"type-post","3":"status-publish","4":"format-standard","5":"has-post-thumbnail","7":"category-bordeaux","8":"tag-actu","9":"tag-actualites","10":"tag-bordeaux","11":"tag-eu","12":"tag-europe","13":"tag-fr","14":"tag-france","15":"tag-news","16":"tag-nouvelle-aquitaine","17":"tag-republique-francaise"},"share_on_mastodon":{"url":"https:\/\/pubeurope.com\/@fr\/115470737401457710","error":""},"_links":{"self":[{"href":"https:\/\/www.europesays.com\/fr\/wp-json\/wp\/v2\/posts\/503012","targetHints":{"allow":["GET"]}}],"collection":[{"href":"https:\/\/www.europesays.com\/fr\/wp-json\/wp\/v2\/posts"}],"about":[{"href":"https:\/\/www.europesays.com\/fr\/wp-json\/wp\/v2\/types\/post"}],"author":[{"embeddable":true,"href":"https:\/\/www.europesays.com\/fr\/wp-json\/wp\/v2\/users\/2"}],"replies":[{"embeddable":true,"href":"https:\/\/www.europesays.com\/fr\/wp-json\/wp\/v2\/comments?post=503012"}],"version-history":[{"count":0,"href":"https:\/\/www.europesays.com\/fr\/wp-json\/wp\/v2\/posts\/503012\/revisions"}],"wp:featuredmedia":[{"embeddable":true,"href":"https:\/\/www.europesays.com\/fr\/wp-json\/wp\/v2\/media\/503013"}],"wp:attachment":[{"href":"https:\/\/www.europesays.com\/fr\/wp-json\/wp\/v2\/media?parent=503012"}],"wp:term":[{"taxonomy":"category","embeddable":true,"href":"https:\/\/www.europesays.com\/fr\/wp-json\/wp\/v2\/categories?post=503012"},{"taxonomy":"post_tag","embeddable":true,"href":"https:\/\/www.europesays.com\/fr\/wp-json\/wp\/v2\/tags?post=503012"}],"curies":[{"name":"wp","href":"https:\/\/api.w.org\/{rel}","templated":true}]}}