{"id":503016,"date":"2025-10-31T20:47:11","date_gmt":"2025-10-31T20:47:11","guid":{"rendered":"https:\/\/www.europesays.com\/fr\/503016\/"},"modified":"2025-10-31T20:47:11","modified_gmt":"2025-10-31T20:47:11","slug":"toulouse-des-cables-internet-installes-dans-leur-cave-sans-autorisation-un-couple-part-en-bataille","status":"publish","type":"post","link":"https:\/\/www.europesays.com\/fr\/503016\/","title":{"rendered":"Toulouse. Des c\u00e2bles internet install\u00e9s dans leur cave sans autorisation? Un couple part en bataille"},"content":{"rendered":"<p>            Par<br \/>\n        <strong><br \/>\n            <a href=\"https:\/\/actu.fr\/auteur\/margot-fournie\" title=\"Consulter tous les articles de Margot Fournie\" rel=\"nofollow noopener\" target=\"_blank\">Margot Fournie<\/a><br \/>\n        <\/strong><\/p>\n<p>        Publi\u00e9 le<\/p>\n<p>            31 oct. 2025 \u00e0 19h41        <\/p>\n<p>Mais comment tous ces<strong>\u00a0c\u00e2bles internet<\/strong> ont pu \u00eatre install\u00e9s chez eux\u2009? C\u2019est ce que se demandent Simone et Marcel Lahana, propri\u00e9taires d\u2019une cave situ\u00e9e au 54 <a href=\"https:\/\/actu.fr\/occitanie\/toulouse_31555\/en-images-la-rue-d-alsace-lorraine-comme-vous-ne-l-avez-peut-etre-jamais-vue_59033825.html\" rel=\"nofollow noopener\" target=\"_blank\">rue Alsace Lorraine<\/a>, au centre-ville de <a href=\"https:\/\/actu.fr\/toulouse\/\" rel=\"nofollow noopener\" target=\"_blank\">Toulouse<\/a>. Une op\u00e9ration qui les a d\u2019autant plus surpris qu\u2019ils ne l\u2019ont pas autoris\u00e9e selon leurs dires. Actu Toulouse vous raconte l\u2019histoire.<\/p>\n<p>\u00ab\u2009Il y avait plein de gravats, des traces de pas\u2009\u00bb<\/p>\n<p class=\" wall-content\">La famille Lahana poss\u00e9dait la boutique de pr\u00eat-\u00e0-porter adjacente depuis 1903. La cave leur servait de r\u00e9serve et d\u2019atelier de retouche. Le 1er\u00a0avril 2020, en voulant s\u2019y rendre, la propri\u00e9taire a constat\u00e9 que <strong>la porte de sa cave a \u00e9t\u00e9 forc\u00e9e<\/strong>.<\/p>\n<p class=\" wall-content\">\u00ab\u2009Il y avait plein de gravats, des traces de pas\u2009\u00bb, lance Simone Lahana, 82 ans.<\/p>\n<p>    <img   decoding=\"async\" loading=\"lazy\" src=\"https:\/\/www.europesays.com\/fr\/wp-content\/uploads\/2025\/10\/sur-le-palier-de-la-cave-les-ouvriers-ont-installe-un-tablea-de-communication-960x640.jpg\" alt=\"Sur le palier de la cave, les ouvriers ont install\u00e9 un tableau de communication.\" width=\"960\" height=\"640\"\/><br \/>\n    Sur le palier de la cave, les ouvriers ont install\u00e9 un tableau de communication. (\u00a9Margot Fourni\u00e9 \/ actu Toulouse)<\/p>\n<p class=\" wall-content\">Dans la pi\u00e8ce du fond, elle remarque qu\u2019une goulotte a \u00e9t\u00e9 fix\u00e9e le long du mur. Elle sort de la cave par un trou. \u00ab\u2009Les ouvriers ont enlev\u00e9 la grille qui le fermait et<strong> ont mis du ciment<\/strong> pour faire tenir la goulotte\u00bb, reprend la propri\u00e9taire.<\/p>\n<p class=\" wall-content\">Sur le palier, de l\u2019autre c\u00f4t\u00e9 du mur, les ouvriers ont mis une armoire.<\/p>\n<p>Vid\u00e9os : en ce moment sur ActuLes ouvriers d\u2019Orange sont entr\u00e9s par le regard<\/p>\n<p class=\" wall-content\">Luttant contre son effarement, l\u2019ancienne commer\u00e7ante a compris que les ouvriers \u00e9taient <strong>rentr\u00e9s par le regard<\/strong> install\u00e9 dans la rue, quand des <strong>travaux<\/strong> avaient lieu \u00e0 ce moment-l\u00e0 sur l\u2019avenue.<\/p>\n<p>Votre r\u00e9gion, votre actu !<\/p>\n<p>Recevez chaque jour les infos qui comptent pour vous.<\/p>\n<p>\t<a href=\"https:\/\/actu.fr\/newsletter\" class=\"ac-btn ac-btn--corner ac-btn--medium ac-btn--blue800\" rel=\"nofollow noopener\" target=\"_blank\">S&rsquo;incrire<\/a><\/p>\n<p class=\" wall-content\">\u00ab\u2009Je suis all\u00e9e voir le chef de chantier. Il m\u2019a donn\u00e9 la r\u00e9f\u00e9rence de l\u2019intervention\u2009\u00bb, raconte-t-elle.<\/p>\n<p>Trois repr\u00e9sentants d\u2019Orange sont venus sur place<\/p>\n<p class=\" wall-content\">Apr\u00e8s une d\u00e9claration d\u2019effraction aupr\u00e8s de son assurance, une plainte \u00e0 la police, Simone Lahana s\u2019est adress\u00e9e au gestionnaire de l\u2019immeuble, Foncia.<\/p>\n<p class=\" wall-content\">L\u2019employ\u00e9e de Foncia a fait des d\u00e9marches aupr\u00e8s d\u2019Orange. \u00ab\u00a0Nous avons fini par recevoir la visite de trois repr\u00e9sentants d\u2019Orange, le 10 septembre 2021. Il y avait aussi la repr\u00e9sentante du syndic. Ils ont constat\u00e9 la pr\u00e9sence des c\u00e2bles sans autorisation et<strong> \u00e9taient tr\u00e8s surpris<\/strong>.\u2009\u00bb<\/p>\n<p>\u00ab\u2009C\u2019est une affaire de droit priv\u00e9\u2009\u00bb<\/p>\n<p class=\" wall-content\">Depuis l\u2019affaire patine, m\u00eame si <strong>la municipalit\u00e9<\/strong> a bien tent\u00e9 d\u2019intervenir durant l\u2019\u00e9t\u00e9 2024.<\/p>\n<blockquote class=\"ac-article-quote wall-content\">\n<p>On a fait venir les services de la m\u00e9tropole. On a alert\u00e9 Orange, Enedis, GRDF, mais on n&rsquo;a pas eu de retour. C&rsquo;est une affaire de droit priv\u00e9 et on en est arriv\u00e9 au bout.<\/p>\n<p>    <strong>Bertrand Serp<\/strong><br \/>\n         vice-pr\u00e9sident de Toulouse M\u00e9tropole en charge de la transition num\u00e9rique    <\/p><\/blockquote>\n<p>Foncia confirme l\u2019intervention d\u2019Orange<\/p>\n<p class=\" wall-content\">Contact\u00e9 par actu, Foncia assurre que \u00ab\u2009le syndicat des copropri\u00e9taires n\u2019avait pas donn\u00e9 son accord \u00e0 l\u2019\u00e9quipe d\u2019intervention d\u2019Orange pour la r\u00e9alisation des travaux.\u2009\u00bb<\/p>\n<p class=\" wall-content\">Mais, \u00ab\u00a0<strong>selon Orange<\/strong>, M. et Mme Lahana <strong>auraient autoris\u00e9<\/strong> l\u2019intervention dans leur partie privative\u00a0\u00bb, poursuit le gestionnaire de l\u2019immeuble, r\u00e9v\u00e9lant qu\u2019\u00e0 ce jour Foncia n\u2019a pas re\u00e7u d\u2019accord \u00e9crit confirmant ce point.\u00a0<\/p>\n<p>Chez Orange\u2009: \u00ab\u2009on est bien pass\u00e9 par l\u00e0\u2009\u00bb<\/p>\n<p class=\" wall-content\">De son c\u00f4t\u00e9, Orange n\u2019avait pas retrouv\u00e9 traces de l\u2019intervention au moment d\u2019\u00e9crire ses lignes.<\/p>\n<p class=\" wall-content\">Pour reprendre le fil avec cette histoire, l\u2019entreprise de t\u00e9l\u00e9communication a finalement d\u00e9p\u00each\u00e9 deux techniciens sur place ce jeudi 30 octobre 2025. Un rendez-vous auquel a assist\u00e9 Actu Toulouse.<\/p>\n<p class=\" wall-content\">En arrivant, les techniciens ont observ\u00e9 les installations et ont confirm\u00e9\u2009: \u00ab\u2009On est bien pass\u00e9 par l\u00e0. Il y a <strong>au moins un c\u00e2ble<\/strong> Orange dans la goulotte\u2009\u00bb, en indiquant, toutefois, que \u00ab\u2009d\u2019autres op\u00e9rateurs, Bouygues et Free, se sont aussi install\u00e9s. On <strong>va essayer de se coordonner avec eux<\/strong> pour enlever les c\u00e2bles.\u2009\u00bb<\/p>\n<p>\u00ab\u2009Ou c\u2019est vite fait, ou on coupe tout\u2009\u00bb<\/p>\n<p class=\" wall-content\">Pour autant, ils n\u2019ont <strong>pas \u00e9t\u00e9 en mesure<\/strong> de donner une <strong>date pour d\u2019\u00e9ventuels travaux<\/strong>.<\/p>\n<p class=\" wall-content\">Ils ont fait entendre que comme l\u2019armoire est actuellement en activit\u00e9 et fournit internet \u00e0 tout l\u2019immeuble, ils ont un d\u00e9lai de pr\u00e9venance \u00e0 respecter.<\/p>\n<blockquote class=\"ac-article-quote wall-content\">\n<p>Ou c\u2019est vite fait, ou on coupe tout. C\u2019est une belle cave de 50\u00a0m2 rue Alsace Lorraine. Moi j\u2019aimerais vendre alors soit Orange ach\u00e8te la cave avec la servitude soit elle enl\u00e8ve les c\u00e2bles.<\/p>\n<p>    <strong>Simone Lahana<\/strong><br \/>\n        Propri\u00e9taire de la cave    <\/p><\/blockquote>\n<p>\u00ab\u2009En principe, je n\u2019ai pas le droit de couper les c\u00e2bles\u2009\u00bb<\/p>\n<p class=\" wall-content\">En attendant la r\u00e9ponse de l\u2019entreprise, l\u2019octog\u00e9naire r\u00e9v\u00e8le qu\u2019elle a pris \u00ab\u2009conseil aupr\u00e8s d\u2019un homme de loi. En principe, je n\u2019ai pas le droit de couper les c\u00e2bles. C\u2019est <strong>du mat\u00e9riel d\u2019int\u00e9r\u00eat d\u2019ordre public<\/strong>. Mais moi, je ne suis pas d\u2019int\u00e9r\u00eat public.\u2009\u00bb<\/p>\n<p class=\" wall-content\">Elle et son \u00e9poux soufflent\u2009: \u00ab\u2009c\u2019est vraiment <strong>une histoire \u00e0 dormir debout<\/strong>.\u2009\u00bb<\/p>\n<p>Suite \u00e0 l&rsquo;article, Orange r\u00e9agit et assure avoir eu l&rsquo;autorisation<\/p>\n<p>Mise \u00e0 jour vendredi 31 octobre 2025, \u00e0 19h. Suite \u00e0 la parution de l&rsquo;article, Orange explique avoir sign\u00e9 une convention avec le syndicat de copropri\u00e9t\u00e9s, en 2012, l&rsquo;autorisant \u00e0 effectuer les travaux dans l&rsquo;immeuble. L&rsquo;Arcep, l&rsquo;Autorit\u00e9 de r\u00e9gulation des communications \u00e9lectroniques, rappelle que cette convention \u00ab\u00a0d\u00e9finit les conditions d\u2019installation, de gestion, de maintenance et de remplacement des lignes en fibre optique que l\u2019op\u00e9rateur d\u2019immeuble d\u00e9ploie sur place. Orange s&rsquo;inscrit en faux par rapport aux d\u00e9clarations de Foncia et assure avoir sign\u00e9 avec le syndicat des copropri\u00e9taires, d\u00e8s 2012, une convention l&rsquo;autorisant \u00e0 effectuer les travaux. Toujours selon Orange, les travaux auraient eu lieu \u00e0 cette \u00e9poque et non en 2020. Actu Toulouse n&rsquo;a pas encore pu prendre connaissance de ce document ce vendredi soir.<\/p>\n<p class=\" wall-content\">Personnalisez votre actualit\u00e9 en ajoutant vos villes et m\u00e9dias en favori avec <a href=\"https:\/\/moncompte.actu.fr\" title=\"D\u00e9couvez Mon Actu\" rel=\"nofollow noopener\" data-trk=\"{&quot;cta&quot;:{&quot;action&quot;:&quot;https:\\\/\\\/moncompte.actu.fr&quot;,&quot;category&quot;:&quot;mon compte&quot;,&quot;from&quot;:&quot;article footer&quot;,&quot;name&quot;:&quot;Mon actu&quot;,&quot;type&quot;:&quot;cta&quot;}}\" target=\"_blank\">Mon Actu<\/a>.<\/p>\n","protected":false},"excerpt":{"rendered":"Par Margot Fournie Publi\u00e9 le 31 oct. 2025 \u00e0 19h41 Mais comment tous ces\u00a0c\u00e2bles internet ont pu \u00eatre&hellip;\n","protected":false},"author":2,"featured_media":503017,"comment_status":"","ping_status":"","sticky":false,"template":"","format":"standard","meta":{"footnotes":""},"categories":[2816],"tags":[1111,11,1777,674,1011,27,12,2680,738,25,104,2312,2086],"class_list":{"0":"post-503016","1":"post","2":"type-post","3":"status-publish","4":"format-standard","5":"has-post-thumbnail","7":"category-toulouse","8":"tag-actu","9":"tag-actualites","10":"tag-eu","11":"tag-europe","12":"tag-fr","13":"tag-france","14":"tag-news","15":"tag-occitanie","16":"tag-orange","17":"tag-republique-francaise","18":"tag-societe","19":"tag-toulouse","20":"tag-travaux"},"share_on_mastodon":{"url":"https:\/\/pubeurope.com\/@fr\/115470745738925860","error":""},"_links":{"self":[{"href":"https:\/\/www.europesays.com\/fr\/wp-json\/wp\/v2\/posts\/503016","targetHints":{"allow":["GET"]}}],"collection":[{"href":"https:\/\/www.europesays.com\/fr\/wp-json\/wp\/v2\/posts"}],"about":[{"href":"https:\/\/www.europesays.com\/fr\/wp-json\/wp\/v2\/types\/post"}],"author":[{"embeddable":true,"href":"https:\/\/www.europesays.com\/fr\/wp-json\/wp\/v2\/users\/2"}],"replies":[{"embeddable":true,"href":"https:\/\/www.europesays.com\/fr\/wp-json\/wp\/v2\/comments?post=503016"}],"version-history":[{"count":0,"href":"https:\/\/www.europesays.com\/fr\/wp-json\/wp\/v2\/posts\/503016\/revisions"}],"wp:featuredmedia":[{"embeddable":true,"href":"https:\/\/www.europesays.com\/fr\/wp-json\/wp\/v2\/media\/503017"}],"wp:attachment":[{"href":"https:\/\/www.europesays.com\/fr\/wp-json\/wp\/v2\/media?parent=503016"}],"wp:term":[{"taxonomy":"category","embeddable":true,"href":"https:\/\/www.europesays.com\/fr\/wp-json\/wp\/v2\/categories?post=503016"},{"taxonomy":"post_tag","embeddable":true,"href":"https:\/\/www.europesays.com\/fr\/wp-json\/wp\/v2\/tags?post=503016"}],"curies":[{"name":"wp","href":"https:\/\/api.w.org\/{rel}","templated":true}]}}