{"id":503023,"date":"2025-10-31T20:51:14","date_gmt":"2025-10-31T20:51:14","guid":{"rendered":"https:\/\/www.europesays.com\/fr\/503023\/"},"modified":"2025-10-31T20:51:14","modified_gmt":"2025-10-31T20:51:14","slug":"pourquoi-des-restaurants-five-guys-en-france-dont-un-a-marseille-font-reagir-lextreme-droite","status":"publish","type":"post","link":"https:\/\/www.europesays.com\/fr\/503023\/","title":{"rendered":"Pourquoi des restaurants Five Guys en France, dont un \u00e0 Marseille, font r\u00e9agir l\u2019extr\u00eame droite"},"content":{"rendered":"<p>Ce changement n\u2019a pas \u00e9chapp\u00e9 \u00e0 <a href=\"https:\/\/www.laprovence.com\/article\/culture-loisirs\/6830274498398415\/avec-lextreme-droite-au-pouvoir-la-culture-sera-une-cible-prioritaire-denonce-lessayiste-thierry-fabre\" target=\"_blank\" rel=\"noopener\">l\u2019extr\u00eame droite<\/a> de l\u2019\u00e9chiquier politique. Sur les 37 restaurants <a href=\"https:\/\/www.laprovence.com\/article\/food\/1506066132668215\/lenseigne-americaine-de-burgers-five-guys-ouvre-un-3e-restaurant-dans-laire-aixo-marseillaise\" target=\"_blank\" rel=\"noopener\">Five Guys<\/a> en France, 6 servent <strong>du b\u0153uf halal<\/strong> dans leurs burgers. L\u2019un d\u2019eux est d\u2019ailleurs situ\u00e9 \u00e0 <a href=\"https:\/\/www.laprovence.com\/bouches-du-rhone\/marseille-13055\" target=\"_blank\" rel=\"noopener\">Marseille<\/a>, aux Terrasses du Port. <a href=\"https:\/\/www.laprovence.com\/\" target=\"_blank\" rel=\"noopener\">La Provence<\/a> fait le point.<\/p>\n<p>Que s\u2019est-il pass\u00e9\u00a0?<\/p>\n<p>Une nouvelle rubrique \u00ab\u00a0<a href=\"https:\/\/fiveguys.fr\/halal\/\" target=\"_blank\" rel=\"noopener\">Informations Halal<\/a>\u00a0\u00bb a \u00e9t\u00e9 cr\u00e9\u00e9e sur la version fran\u00e7aise du site internet de la <strong>cha\u00eene am\u00e9ricaine de restauration rapide<\/strong> sp\u00e9cialis\u00e9e dans les hamburgers, les hot-dogs et les frites.<\/p>\n<p>\u00c0 la question \u00ab\u00a0Vos restaurants sont-ils certifi\u00e9s Halal\u00a0?\u00a0\u00bb, l\u2019enseigne r\u00e9pond\u00a0: \u00ab\u00a0Nos restaurants ne sont pas certifi\u00e9s Halal. Cependant, la viande de b\u0153uf servie dans certains restaurants (voir ci-dessous) <strong>provient de fournisseurs certifi\u00e9s Halal<\/strong>. Le bacon de porc est cuit \u00e0 part.\u00a0\u00bb<\/p>\n<p>Concr\u00e8tement, sur les <strong>37 Five Guys<\/strong> situ\u00e9s en France,<strong> 6 servent de la viande de b\u0153uf halal<\/strong>, mais \u00e9galement du bacon de porc. \u00ab\u00a0Celui-ci est cuit sur une plaque d\u00e9di\u00e9e et manipul\u00e9 avec des ustensiles diff\u00e9rents afin d\u2019\u00e9viter tout risque de contamination crois\u00e9e\u00a0\u00bb, <a href=\"https:\/\/fiveguys.fr\/halal\/\" target=\"_blank\" rel=\"noopener\">pr\u00e9cise la cha\u00eene de fast-food<\/a>.<\/p>\n<p>Dans le d\u00e9tail, les restaurants de Lyon Part Dieu, Clichy, Rosny 2, Cr\u00e9teil, <a href=\"https:\/\/www.laprovence.com\/bouches-du-rhone\/marseille-13055\" target=\"_blank\" rel=\"noopener\">Marseille<\/a> (Terrasses du Port) et Lille sont concern\u00e9s. Ils <strong>ne vendent pas d\u2019alcool<\/strong> non plus.<\/p>\n<p>Pourquoi ce changement\u00a0?<\/p>\n<p>\u00ab\u00a0Nous souhaitons proposer nos burgers et frites Five Guys <strong>au plus grand nombre<\/strong>\u00ab\u00a0, <a href=\"https:\/\/fiveguys.fr\/halal\/\" target=\"_blank\" rel=\"noopener\">affirme sobrement Five Guys sur son site<\/a>.<\/p>\n<p>L\u2019entreprise pr\u00e9cise que <strong>tous ses autres restaurants<\/strong> ne servent pas de viande de b\u0153uf halal. \u00ab\u00a0Notre rubrique \u2018Questions Halal&rsquo;a pour but d\u2019aider nos clients \u00e0 diff\u00e9rencier facilement nos restaurants qui proposent du b\u0153uf Halal et ceux qui n\u2019en proposent pas, fournissant ainsi les informations n\u00e9cessaires pour chacun\u00a0\u00bb, assure la cha\u00eene de restauration rapide.<\/p>\n<p>\u00ab\u00a0Le go\u00fbt ne change pas\u00a0\u00bb<\/p>\n<p>\u00ab\u00a0Le go\u00fbt ne change pas, <a href=\"https:\/\/fiveguys.fr\/halal\/\" target=\"_blank\" rel=\"noopener\">certifie Five Guys<\/a>. Nous suivons les m\u00eames standards afin d\u2019\u00e9laborer nos d\u00e9licieux burgers et hot dogs.\u00a0\u00bb Leurs burgers sont pr\u00e9par\u00e9s \u00ab\u00a0\u00e0 partir de viande de b\u0153uf certifi\u00e9e Halal, conform\u00e9ment aux exigences de la certification Halal, tout en respectant les normes \u00e9thiques et humaines, sans compromettre le bien-\u00eatre animal, selon<strong> la l\u00e9gislation europ\u00e9enne<\/strong>.\u00a0\u00bb<\/p>\n<p>Des r\u00e9actions du c\u00f4t\u00e9 de l\u2019extr\u00eame droite<\/p>\n<p><a href=\"https:\/\/www.laprovence.com\/article\/politique\/58822458846049\/municipales-2026-a-marseille-uniformes-marseillaise-franck-allisio-presente-son-plan-minots-patriotique\" target=\"_blank\" rel=\"noopener\">Franck Allisio<\/a>, d\u00e9put\u00e9 Rassemblement national (RN) de la 12\u1d49 circonscription des Bouches-du-Rh\u00f4ne et <a href=\"https:\/\/www.laprovence.com\/article\/region\/22373095104642\/municipales-2026-a-marseille-franck-allisio-rn-attend-les-reponses-de-ses-rivaux-declares\" target=\"_blank\" rel=\"noopener\">candidat \u00e0 la mairie de Marseille<\/a>, a rapidement r\u00e9agi dans <a href=\"https:\/\/www.facebook.com\/watch\/?v=696574352972191\" target=\"_blank\" rel=\"noopener\">une vid\u00e9o publi\u00e9e sur sa page Facebook<\/a> le 24\u00a0octobre dernier\u00a0: \u00ab\u00a0Je suis devant Five Guys, le premier fast-food \u00e0 Marseille qui a annonc\u00e9 qu\u2019il ne servirait plus qu\u2019exclusivement de la viande halal [\u2026].\u00a0\u00bb<\/p>\n<p>Pr\u00e9cisons que, contrairement \u00e0 l&rsquo;affirmation de l&rsquo;\u00e9lu, Five Guys n&rsquo;est pas le premier \u00e0 servir de la viande halal. <a href=\"https:\/\/www.quick.fr\/restaurants\/marseille-vieux-port\" target=\"_blank\" rel=\"noopener\">Le Quick situ\u00e9 Quai des Belges \u00e0 Marseille<\/a> <strong>sert d\u00e9j\u00e0<\/strong> des viandes \u00ab\u00a0contr\u00f4l\u00e9es et certifi\u00e9es halal\u00a0\u00bb. \u00ab\u00a0Depuis\u00a02021, Quick a fait le choix de proposer une offre enti\u00e8rement halal dans l\u2019ensemble de ses restaurants en France\u00a0\u00bb, <a href=\"https:\/\/www.lesechos.fr\/industrie-services\/conso-distribution\/halal-et-innovation-quick-le-retour-du-giant-2172252\" target=\"_blank\" rel=\"noopener\">rappelle Les Echos<\/a>.<\/p>\n<p>\u00ab\u00a0Chacun a le droit de manger ce qu\u2019il veut [\u2026], mais on ne peut pas imposer une pratique religieuse \u00e0 quelqu\u2019un qui ne le souhaite pas. [\u2026] On d\u00e9cide de forcer les Marseillais \u00e0 manger halal [\u2026]. C\u2019est une v\u00e9ritable entorse \u00e0 notre libert\u00e9 et \u00e0 notre mode de vie pour manger ce que l\u2019on veut et o\u00f9 on veut\u00a0\u00bb, a ajout\u00e9<strong> l\u2019\u00e9lu politique d\u2019extr\u00eame droite<\/strong> qui \u00e9voque carr\u00e9ment la th\u00e9orie complotiste et raciste du \u00ab\u00a0grand remplacement\u00a0\u00bb.<\/p>\n<p>De son c\u00f4t\u00e9, <strong>Juliette Briens<\/strong>, chroniqueuse dans l\u2019\u00e9mission Estelle Midi (<a href=\"https:\/\/www.lejdd.fr\/Societe\/propos-ouvertement-racistes-les-syndicats-de-rmc-reclament-leviction-de-juliette-briens-et-antoine-diers-162283\" target=\"_blank\" rel=\"noopener\">les syndicats de RMC r\u00e9clament d\u2019ailleurs son \u00e9viction<\/a>, Ndlr) et directrice de la communication du m\u00e9dia d\u2019extr\u00eame droite L\u2019Incorrect <a href=\"https:\/\/x.com\/JulietteBriens\/status\/1983887003616690582\" target=\"_blank\">a \u00e9crit dans un tweet<\/a>\u00a0: \u00ab\u00a0Voil\u00e0 o\u00f9 on en est dans la patrie de Voltaire et de Descartes au XXI\u00e8me si\u00e8cle.\u00a0\u00bb<\/p>\n<p>L\u2019auteur des livres Les Incasables et Les D\u00e9croch\u00e9s <a href=\"https:\/\/www.laprovence.com\/article\/region\/644753769168215\/addictions-aux-ecrans-une-eleve-qui-passe-70-h-par-semaine-sur-son-telephone-rachid-zerrouki\" target=\"_blank\" rel=\"noopener\">Rachid Zerrouki<\/a> lui a <a href=\"https:\/\/x.com\/rachidowsky13\/status\/1984014274730324145\" target=\"_blank\">r\u00e9pondu ironiquement<\/a>\u00a0: \u00ab\u00a0Triste quand on sait l\u2019attachement qu\u2019avait Descartes pour le Five Guys de Clichy\u00a0\u00bb.<\/p>\n","protected":false},"excerpt":{"rendered":"Ce changement n\u2019a pas \u00e9chapp\u00e9 \u00e0 l\u2019extr\u00eame droite de l\u2019\u00e9chiquier politique. Sur les 37 restaurants Five Guys en&hellip;\n","protected":false},"author":2,"featured_media":503024,"comment_status":"","ping_status":"","sticky":false,"template":"","format":"standard","meta":{"footnotes":""},"categories":[2814],"tags":[17,1111,11,154,10902,1777,674,62491,1011,27,62492,884,12,316,7555,882,25,2923],"class_list":{"0":"post-503023","1":"post","2":"type-post","3":"status-publish","4":"format-standard","5":"has-post-thumbnail","7":"category-marseille","8":"tag-17","9":"tag-actu","10":"tag-actualites","11":"tag-des","12":"tag-dont","13":"tag-eu","14":"tag-europe","15":"tag-five","16":"tag-fr","17":"tag-france","18":"tag-guys","19":"tag-marseille","20":"tag-news","21":"tag-politique","22":"tag-pourquoi","23":"tag-provence-alpes-cote-dazur","24":"tag-republique-francaise","25":"tag-restaurants"},"share_on_mastodon":{"url":"https:\/\/pubeurope.com\/@fr\/115470761254565990","error":""},"_links":{"self":[{"href":"https:\/\/www.europesays.com\/fr\/wp-json\/wp\/v2\/posts\/503023","targetHints":{"allow":["GET"]}}],"collection":[{"href":"https:\/\/www.europesays.com\/fr\/wp-json\/wp\/v2\/posts"}],"about":[{"href":"https:\/\/www.europesays.com\/fr\/wp-json\/wp\/v2\/types\/post"}],"author":[{"embeddable":true,"href":"https:\/\/www.europesays.com\/fr\/wp-json\/wp\/v2\/users\/2"}],"replies":[{"embeddable":true,"href":"https:\/\/www.europesays.com\/fr\/wp-json\/wp\/v2\/comments?post=503023"}],"version-history":[{"count":0,"href":"https:\/\/www.europesays.com\/fr\/wp-json\/wp\/v2\/posts\/503023\/revisions"}],"wp:featuredmedia":[{"embeddable":true,"href":"https:\/\/www.europesays.com\/fr\/wp-json\/wp\/v2\/media\/503024"}],"wp:attachment":[{"href":"https:\/\/www.europesays.com\/fr\/wp-json\/wp\/v2\/media?parent=503023"}],"wp:term":[{"taxonomy":"category","embeddable":true,"href":"https:\/\/www.europesays.com\/fr\/wp-json\/wp\/v2\/categories?post=503023"},{"taxonomy":"post_tag","embeddable":true,"href":"https:\/\/www.europesays.com\/fr\/wp-json\/wp\/v2\/tags?post=503023"}],"curies":[{"name":"wp","href":"https:\/\/api.w.org\/{rel}","templated":true}]}}