{"id":503027,"date":"2025-10-31T20:53:11","date_gmt":"2025-10-31T20:53:11","guid":{"rendered":"https:\/\/www.europesays.com\/fr\/503027\/"},"modified":"2025-10-31T20:53:11","modified_gmt":"2025-10-31T20:53:11","slug":"un-etudiant-disparait-pendant-une-soiree-halloween-enquete-en-cours","status":"publish","type":"post","link":"https:\/\/www.europesays.com\/fr\/503027\/","title":{"rendered":"un \u00e9tudiant dispara\u00eet pendant une soir\u00e9e Halloween, enqu\u00eate en cours"},"content":{"rendered":"<p>            Par<br \/>\n        <strong><br \/>\n            <a href=\"https:\/\/actu.fr\/auteur\/nicolas-zaugra\" title=\"Consulter tous les articles de Nicolas Zaugra\" target=\"_blank\" rel=\"noopener\">Nicolas Zaugra<\/a><br \/>\n        <\/strong><\/p>\n<p>        Publi\u00e9 le<\/p>\n<p>            31 oct. 2025 \u00e0 20h41<br \/>\n        ; mis \u00e0 jour le 31 oct. 2025 \u00e0 20h42    <\/p>\n<p>O\u00f9 est pass\u00e9 <strong>Flynn Ganneval<\/strong>, un jeune \u00e9tudiant de 19 ans port\u00e9 disparu \u00e0 Lyon ? Dans la nuit de mercredi \u00e0 jeudi, il a pass\u00e9 la soir\u00e9e avec des amis d\u2019abord dans un appartement puis dans le quartier de Confluence, dans le 2e arrondissement.<\/p>\n<p class=\" wall-content\">Selon nos informations, des amis ont pr\u00e9venu la police de sa disparition inqui\u00e9tante. Une enqu\u00eate a \u00e9t\u00e9 ouverte.\u00a0<\/p>\n<p>Disparu dans le secteur de Confluence<\/p>\n<p class=\" wall-content\">Le jeune homme, originaire d\u2019Autriche, a disparu <strong>pr\u00e8s des bo\u00eetes de nuit Le Azar et Le Sucre<\/strong>, confie une amie \u00e0 actu Lyon qui \u00e9tait avec lui durant cette soir\u00e9e. \u00ab\u00a0On ne l\u2019a plus revu depuis 0h45 le 29 octobre. On ne l\u2019a plus revu. On devait aller \u00e0 une soir\u00e9e, il ne s\u2019est jamais pr\u00e9sent\u00e9\u00a0\u00bb, dit-elle alors qu\u2019elle faisait la queue avec lui pour entrer dans une bo\u00eete de nuit, d\u00e9guis\u00e9e pour Halloween.\u00a0<\/p>\n<p class=\" wall-content\">\u00ab\u00a0Nous faisons la queue pour entrer et il a voulu aller uriner plus loin. J\u2019ai insist\u00e9 pour l\u2019accompagner car il \u00e9tait ivre mais il n\u2019a pas voulu\u00a0\u00bb, confie son amie. Depuis ce moment, l\u2019\u00e9tudiant en premi\u00e8re ann\u00e9e \u00e0 l\u2019\u00e9cole de commerce EM Lyon n\u2019a plus donn\u00e9 de nouvelles.<\/p>\n<p class=\" wall-content\">\n<p>\u00ab\u00a0Ses parents sont d\u00e9vast\u00e9s, on est terrifi\u00e9s\u00a0\u00bb\u00a0\u00a0<\/p>\n<p class=\" wall-content\">\u00ab\u00a0On est all\u00e9 \u00e0 notre \u00e9cole pour les pr\u00e9venir qui nous a demand\u00e9 d\u2019aller au commissariat\u00a0\u00bb, poursuit l\u2019\u00e9tudiante. Un signalement a \u00e9t\u00e9 fait au poste de police du 8e arrondissement et cette amie a \u00e9t\u00e9 entendue par les policiers.<\/p>\n<blockquote class=\"ac-article-quote wall-content\">\n<p>Ses parents (qui sont arriv\u00e9s d&rsquo;Autriche ce vendredi \u00e0 Lyon) sont d\u00e9vast\u00e9s, on est terrifi\u00e9s d\u2019imaginer ce qu&rsquo;il a pu se passer. <\/p>\n<p>    <strong>Une amie de l&rsquo;\u00e9tudiant disparu<\/strong>\n            <\/p><\/blockquote>\n<p class=\" wall-content\">Des appels ont \u00e9t\u00e9 lanc\u00e9s sur les r\u00e9seaux sociaux et des amis ont fait le tour des bars avec sa photo.\u00a0<\/p>\n<p>Votre r\u00e9gion, votre actu !<\/p>\n<p>Recevez chaque jour les infos qui comptent pour vous.<\/p>\n<p>\t<a href=\"https:\/\/actu.fr\/newsletter\" class=\"ac-btn ac-btn--corner ac-btn--medium ac-btn--blue800\" target=\"_blank\" rel=\"noopener\">S&rsquo;incrire<\/a><\/p>\n<p class=\" wall-content\">Des plongeurs auraient \u00e9t\u00e9 mobilis\u00e9s ce vendredi dans la Sa\u00f4ne pour tenter de retrouver le jeune homme. Une enqu\u00eate pour disparition inqui\u00e9tante est en cours.<\/p>\n<p class=\" wall-content\">Personnalisez votre actualit\u00e9 en ajoutant vos villes et m\u00e9dias en favori avec <a href=\"https:\/\/moncompte.actu.fr\" title=\"D\u00e9couvez Mon Actu\" rel=\"nofollow noopener\" data-trk=\"{&quot;cta&quot;:{&quot;action&quot;:&quot;https:\\\/\\\/moncompte.actu.fr&quot;,&quot;category&quot;:&quot;mon compte&quot;,&quot;from&quot;:&quot;article footer&quot;,&quot;name&quot;:&quot;Mon actu&quot;,&quot;type&quot;:&quot;cta&quot;}}\" target=\"_blank\">Mon Actu<\/a>.<\/p>\n","protected":false},"excerpt":{"rendered":"Par Nicolas Zaugra Publi\u00e9 le 31 oct. 2025 \u00e0 20h41 ; mis \u00e0 jour le 31 oct. 2025&hellip;\n","protected":false},"author":2,"featured_media":503028,"comment_status":"","ping_status":"","sticky":false,"template":"","format":"standard","meta":{"footnotes":""},"categories":[1889],"tags":[1111,11,2430,3157,3676,1777,674,118,1011,27,2428,12,1072,25],"class_list":{"0":"post-503027","1":"post","2":"type-post","3":"status-publish","4":"format-standard","5":"has-post-thumbnail","7":"category-lyon","8":"tag-actu","9":"tag-actualites","10":"tag-auvergne-rhone-alpes","11":"tag-confluence","12":"tag-disparition-inquietante","13":"tag-eu","14":"tag-europe","15":"tag-faits-divers","16":"tag-fr","17":"tag-france","18":"tag-lyon","19":"tag-news","20":"tag-police","21":"tag-republique-francaise"},"share_on_mastodon":{"url":"https:\/\/pubeurope.com\/@fr\/115470768943862868","error":""},"_links":{"self":[{"href":"https:\/\/www.europesays.com\/fr\/wp-json\/wp\/v2\/posts\/503027","targetHints":{"allow":["GET"]}}],"collection":[{"href":"https:\/\/www.europesays.com\/fr\/wp-json\/wp\/v2\/posts"}],"about":[{"href":"https:\/\/www.europesays.com\/fr\/wp-json\/wp\/v2\/types\/post"}],"author":[{"embeddable":true,"href":"https:\/\/www.europesays.com\/fr\/wp-json\/wp\/v2\/users\/2"}],"replies":[{"embeddable":true,"href":"https:\/\/www.europesays.com\/fr\/wp-json\/wp\/v2\/comments?post=503027"}],"version-history":[{"count":0,"href":"https:\/\/www.europesays.com\/fr\/wp-json\/wp\/v2\/posts\/503027\/revisions"}],"wp:featuredmedia":[{"embeddable":true,"href":"https:\/\/www.europesays.com\/fr\/wp-json\/wp\/v2\/media\/503028"}],"wp:attachment":[{"href":"https:\/\/www.europesays.com\/fr\/wp-json\/wp\/v2\/media?parent=503027"}],"wp:term":[{"taxonomy":"category","embeddable":true,"href":"https:\/\/www.europesays.com\/fr\/wp-json\/wp\/v2\/categories?post=503027"},{"taxonomy":"post_tag","embeddable":true,"href":"https:\/\/www.europesays.com\/fr\/wp-json\/wp\/v2\/tags?post=503027"}],"curies":[{"name":"wp","href":"https:\/\/api.w.org\/{rel}","templated":true}]}}