{"id":503029,"date":"2025-10-31T20:54:15","date_gmt":"2025-10-31T20:54:15","guid":{"rendered":"https:\/\/www.europesays.com\/fr\/503029\/"},"modified":"2025-10-31T20:54:15","modified_gmt":"2025-10-31T20:54:15","slug":"la-garde-a-vue-des-suspects-est-prolongee","status":"publish","type":"post","link":"https:\/\/www.europesays.com\/fr\/503029\/","title":{"rendered":"la garde \u00e0 vue des suspects est prolong\u00e9e"},"content":{"rendered":"<p>Au lendemain de l\u2019arrestation des auteurs pr\u00e9sum\u00e9s du braquage \u00e0 l\u2019explosif d\u2019un laboratoire sp\u00e9cialis\u00e9 dans les m\u00e9taux pr\u00e9cieux, jeudi \u00e0 Lyon (7e), rien n\u2019a filtr\u00e9 des auditions en cours.<\/p>\n<p>La garde \u00e0 vue des cinq hommes arr\u00eat\u00e9s par la BRI (brigade de recherche et d\u2019intervention) dans un appartement de V\u00e9nissieux a \u00e9t\u00e9 prolong\u00e9e et devrait se poursuivre ce week-end. Le procureur de la R\u00e9publique et le directeur interd\u00e9partemental de la police nationale ont annonc\u00e9 ce vendredi qu\u2019ils donneront une conf\u00e9rence de presse lundi 2\u00a0novembre pour faire le point sur ce vol \u00e0 main arm\u00e9e en bande organis\u00e9e.<\/p>\n<p>  Des malfaiteurs tr\u00e8s chevronn\u00e9s<\/p>\n<p>Jeudi vers 13 heures 30, cinq hommes lourdement arm\u00e9s ont utilis\u00e9 une charge explosive pour s\u2019introduire dans les locaux des laboratoires Pourquery, situ\u00e9s dans le parc de l\u2019Artillerie \u00e0 Lyon (7e). Tr\u00e8s calmes, ils ont pris leur temps pour transf\u00e9rer m\u00e9thodiquement le stock de m\u00e9taux pr\u00e9cieux dans un fourgon, restant sur place une dizaine de minutes.<\/p>\n<p>Ils ont ensuite pris la fuite vers V\u00e9nissieux, o\u00f9 ils ont r\u00e9cup\u00e9r\u00e9 une voiture-relais apr\u00e8s avoir incendi\u00e9 leur fourgon rues des Alpes, \u00e0 proximit\u00e9 de la rue Ernest Renan, et ont rejoint un appartement \u00e0 V\u00e9nissieux.<\/p>\n<p>Ces malfaiteurs tr\u00e8s chevronn\u00e9s ignoraient que\u00a0la BRI \u00e9tait sur leurs traces et connaissait ce point de chute. C\u2019est l\u00e0 qu\u2019ils ont \u00e9t\u00e9 arr\u00eat\u00e9s, ainsi que la compagne de l\u2019un d\u2019eux et que <a href=\"https:\/\/www.leprogres.fr\/faits-divers-justice\/2025\/10\/30\/braquage-a-l-explosif-le-butin-etait-de-18-millions-d-euros-les-braqueurs-se-cachaient-a-venissieux\" target=\"_blank\" rel=\"noopener\"> le butin, estim\u00e9 \u00e0 18\u00a0millions d\u2019euros selon les premiers \u00e9l\u00e9ments<\/a> , a \u00e9t\u00e9 int\u00e9gralement r\u00e9cup\u00e9r\u00e9.<\/p>\n","protected":false},"excerpt":{"rendered":"Au lendemain de l\u2019arrestation des auteurs pr\u00e9sum\u00e9s du braquage \u00e0 l\u2019explosif d\u2019un laboratoire sp\u00e9cialis\u00e9 dans les m\u00e9taux pr\u00e9cieux,&hellip;\n","protected":false},"author":2,"featured_media":503030,"comment_status":"","ping_status":"","sticky":false,"template":"","format":"standard","meta":{"footnotes":""},"categories":[1889],"tags":[1111,11,2430,271,272,2757,1777,674,274,107,1011,27,2428,5947,5946,12,25,2429],"class_list":{"0":"post-503029","1":"post","2":"type-post","3":"status-publish","4":"format-standard","5":"has-post-thumbnail","7":"category-lyon","8":"tag-actu","9":"tag-actualites","10":"tag-auvergne-rhone-alpes","11":"tag-crime","12":"tag-delit-et-contravention","13":"tag-edition-lyon-villeurbanne","14":"tag-eu","15":"tag-europe","16":"tag-faits-divers-justice","17":"tag-fil-info","18":"tag-fr","19":"tag-france","20":"tag-lyon","21":"tag-lyon-7e","22":"tag-lyon-7e-arrondissement","23":"tag-news","24":"tag-republique-francaise","25":"tag-rhone"},"share_on_mastodon":{"url":"https:\/\/pubeurope.com\/@fr\/115470772678436851","error":""},"_links":{"self":[{"href":"https:\/\/www.europesays.com\/fr\/wp-json\/wp\/v2\/posts\/503029","targetHints":{"allow":["GET"]}}],"collection":[{"href":"https:\/\/www.europesays.com\/fr\/wp-json\/wp\/v2\/posts"}],"about":[{"href":"https:\/\/www.europesays.com\/fr\/wp-json\/wp\/v2\/types\/post"}],"author":[{"embeddable":true,"href":"https:\/\/www.europesays.com\/fr\/wp-json\/wp\/v2\/users\/2"}],"replies":[{"embeddable":true,"href":"https:\/\/www.europesays.com\/fr\/wp-json\/wp\/v2\/comments?post=503029"}],"version-history":[{"count":0,"href":"https:\/\/www.europesays.com\/fr\/wp-json\/wp\/v2\/posts\/503029\/revisions"}],"wp:featuredmedia":[{"embeddable":true,"href":"https:\/\/www.europesays.com\/fr\/wp-json\/wp\/v2\/media\/503030"}],"wp:attachment":[{"href":"https:\/\/www.europesays.com\/fr\/wp-json\/wp\/v2\/media?parent=503029"}],"wp:term":[{"taxonomy":"category","embeddable":true,"href":"https:\/\/www.europesays.com\/fr\/wp-json\/wp\/v2\/categories?post=503029"},{"taxonomy":"post_tag","embeddable":true,"href":"https:\/\/www.europesays.com\/fr\/wp-json\/wp\/v2\/tags?post=503029"}],"curies":[{"name":"wp","href":"https:\/\/api.w.org\/{rel}","templated":true}]}}