{"id":503039,"date":"2025-10-31T21:01:31","date_gmt":"2025-10-31T21:01:31","guid":{"rendered":"https:\/\/www.europesays.com\/fr\/503039\/"},"modified":"2025-10-31T21:01:31","modified_gmt":"2025-10-31T21:01:31","slug":"deux-a-quatre-ans-de-prison-pour-les-quatre-bulgares-liberation","status":"publish","type":"post","link":"https:\/\/www.europesays.com\/fr\/503039\/","title":{"rendered":"deux \u00e0 quatre\u00a0ans de prison pour les quatre bulgares \u2013 Lib\u00e9ration"},"content":{"rendered":"<p class=\"sc-cPiKLX AiZTS text-element\">Quatre ressortissants bulgares ont \u00e9t\u00e9 condamn\u00e9s ce vendredi 31 octobre \u00e0 des peines de deux \u00e0 quatre ans d\u2019emprisonnement. Ils ont \u00e9t\u00e9 reconnus coupables d\u2019avoir <a href=\"https:\/\/www.liberation.fr\/societe\/police-justice\/tags-de-mains-rouges-sur-le-memorial-de-la-shoah-un-proces-sur-fond-dingerences-etrangeres-presumees-20251028_6ICFQ5WOR5GKHJ5SVIXI7SAZUY\/\" target=\"_blank\" rel=\"noreferrer nofollow noopener\" title=\"https:\/\/www.liberation.fr\/societe\/police-justice\/tags-de-mains-rouges-sur-le-memorial-de-la-shoah-un-proces-sur-fond-dingerences-etrangeres-presumees-20251028_6ICFQ5WOR5GKHJ5SVIXI7SAZUY\/\">tagu\u00e9 des \u00abmains rouges\u00bb sur le M\u00e9morial de la Shoah en mai 2024<\/a>, sur fond de soup\u00e7ons d\u2019ing\u00e9rence \u00e9trang\u00e8re.<\/p>\n<p class=\"sc-cPiKLX AiZTS text-element\">Le tribunal correctionnel de Paris, dont la d\u00e9cision est globalement conforme aux r\u00e9quisitions du parquet, a prononc\u00e9 une peine de deux ans contre Georgi Filipov et Kiril Milushev, <a href=\"https:\/\/www.liberation.fr\/societe\/police-justice\/proces-des-mains-rouges-taguees-sur-le-memorial-de-la-shoa-a-paris-les-prevenus-se-presentent-comme-de-simples-suiveurs-20251029_3AVS2GVASBFZJPYLU7CZBMRR6U\/\" target=\"_blank\" rel=\"noreferrer nofollow noopener\" title=\"https:\/\/www.liberation.fr\/societe\/police-justice\/proces-des-mains-rouges-taguees-sur-le-memorial-de-la-shoa-a-paris-les-prevenus-se-presentent-comme-de-simples-suiveurs-20251029_3AVS2GVASBFZJPYLU7CZBMRR6U\/\">pr\u00e9sent\u00e9s comme les ex\u00e9cutants<\/a>, et de quatre ans contre Nikolay Ivanov, l\u2019un des deux \u00abcerveaux\u00bb de l\u2019op\u00e9ration. L\u2019autre, Mircho Angelov, est en fuite et a \u00e9t\u00e9 condamn\u00e9 \u00e0 trois ans de prison par coutumace. Tous se sont \u00e9galement vus infliger une interdiction d\u00e9finitive de para\u00eetre sur le territoire fran\u00e7ais.<\/p>\n<p class=\"sc-cPiKLX AiZTS text-element\">Quelque 35 tags avaient \u00e9t\u00e9 d\u00e9couverts le 14 mai 2024 sur le Mur des Justes, devant le M\u00e9morial situ\u00e9 au c\u0153ur de Paris et qui se veut un lieu d\u2019archives, d\u2019\u00e9ducation et de recueillement, \u00able seul monument d\u00e9di\u00e9 aux juifs de France\u00bb, selon son directeur, Jacques Fredj. L\u2019instruction avait mis en \u00e9vidence une entreprise \u00absusceptible de correspondre \u00e0 une action de d\u00e9stabilisation de la France orchestr\u00e9e par les services de renseignement\u00bb russes, aiguill\u00e9e par le service Viginum, charg\u00e9 de la lutte contre les ing\u00e9rences num\u00e9riques \u00e9trang\u00e8res, qui avait relev\u00e9 \u00abune instrumentalisation\u00bb de cette affaire sur X \u00abpar des acteurs li\u00e9s \u00e0 la Russie\u00bb.<\/p>\n<p class=\"sc-cPiKLX AiZTS text-element\">L\u2019affaire s\u2019inscrit en outre dans le cadre d\u2019autres ing\u00e9rences \u00e9trang\u00e8res pr\u00e9sum\u00e9es : <a href=\"https:\/\/www.liberation.fr\/societe\/police-justice\/etoiles-de-david-derriere-les-tags-en-ile-de-france-lombre-de-lingerence-20231117_IVTADJNBCRGKDAJHH2DIQ3ZOWM\/\" target=\"_blank\" rel=\"noreferrer nofollow noopener\" title=\"https:\/\/www.liberation.fr\/societe\/police-justice\/etoiles-de-david-derriere-les-tags-en-ile-de-france-lombre-de-lingerence-20231117_IVTADJNBCRGKDAJHH2DIQ3ZOWM\/\">\u00e9toiles de David tagu\u00e9es en r\u00e9gion parisienne<\/a>, <a href=\"https:\/\/www.liberation.fr\/societe\/police-justice\/mosquees-les-tetes-de-cochon-ont-ete-deposees-par-des-personnes-de-nationalite-etrangere-ayant-aussitot-quitte-le-territoire-20250910_2MRASMQOF5C7ZEGYA7CIN7PQLM\/\" target=\"_blank\" rel=\"noreferrer nofollow noopener\" title=\"https:\/\/www.liberation.fr\/societe\/police-justice\/mosquees-les-tetes-de-cochon-ont-ete-deposees-par-des-personnes-de-nationalite-etrangere-ayant-aussitot-quitte-le-territoire-20250910_2MRASMQOF5C7ZEGYA7CIN7PQLM\/\">t\u00eates de cochon abandonn\u00e9es devant plusieurs mosqu\u00e9es<\/a> ou <a href=\"https:\/\/www.liberation.fr\/societe\/police-justice\/cinq-cercueils-retrouves-au-pied-de-la-tour-eiffel-ce-week-end-ce-que-lon-sait-20240603_3NV752D6TZBQTFB57BKDD55DNY\/\" target=\"_blank\" rel=\"noreferrer nofollow noopener\" title=\"https:\/\/www.liberation.fr\/societe\/police-justice\/cinq-cercueils-retrouves-au-pied-de-la-tour-eiffel-ce-week-end-ce-que-lon-sait-20240603_3NV752D6TZBQTFB57BKDD55DNY\/\">cercueils d\u00e9pos\u00e9s au pied de la tour Eiffel<\/a>. Mais, si le dossier des \u00abmains rouges\u00bb est le premier parmi ces tentatives de d\u00e9stabilisation \u00e0 avoir \u00e9t\u00e9 jug\u00e9, il ne l\u2019a pas \u00e9t\u00e9 pour des atteintes \u00abcommises pour le compte d\u2019une puissance ou d\u2019une entit\u00e9 \u00e9trang\u00e8re ou sous contr\u00f4le \u00e9tranger\u00bb, une circonstance aggravante qui n\u2019a fait son apparition dans le Code p\u00e9nal que post\u00e9rieurement aux faits.<\/p>\n<p class=\"sc-cPiKLX AiZTS text-element\">Dans leur jugement, les magistrats ont cependant consid\u00e9r\u00e9 que l\u2019ing\u00e9rence \u00abn\u2019\u00e9tait pas contestable\u00bb et \u00abressortait clairement\u00bb, en d\u00e9crivant une action coordonn\u00e9e depuis l\u2019\u00e9tranger, \u00abdans un but hostile\u00bb, pour \u00abagiter l\u2019opinion publique, appuyer sur des clivages existants et fragmenter un peu plus la soci\u00e9t\u00e9 fran\u00e7aise\u00bb.<\/p>\n<p class=\"sc-cPiKLX AiZTS text-element\"><b>Mise \u00e0 jour \u00e0 20 h 25<\/b> avec plus de contexte<\/p>\n","protected":false},"excerpt":{"rendered":"Quatre ressortissants bulgares ont \u00e9t\u00e9 condamn\u00e9s ce vendredi 31 octobre \u00e0 des peines de deux \u00e0 quatre ans&hellip;\n","protected":false},"author":2,"featured_media":503040,"comment_status":"","ping_status":"","sticky":false,"template":"","format":"standard","meta":{"footnotes":""},"categories":[1888],"tags":[11,6155,1777,674,1011,27,12,626,25],"class_list":{"0":"post-503039","1":"post","2":"type-post","3":"status-publish","4":"format-standard","5":"has-post-thumbnail","7":"category-paris","8":"tag-actualites","9":"tag-antisemitisme","10":"tag-eu","11":"tag-europe","12":"tag-fr","13":"tag-france","14":"tag-news","15":"tag-paris","16":"tag-republique-francaise"},"share_on_mastodon":{"url":"https:\/\/pubeurope.com\/@fr\/115470800334791462","error":""},"_links":{"self":[{"href":"https:\/\/www.europesays.com\/fr\/wp-json\/wp\/v2\/posts\/503039","targetHints":{"allow":["GET"]}}],"collection":[{"href":"https:\/\/www.europesays.com\/fr\/wp-json\/wp\/v2\/posts"}],"about":[{"href":"https:\/\/www.europesays.com\/fr\/wp-json\/wp\/v2\/types\/post"}],"author":[{"embeddable":true,"href":"https:\/\/www.europesays.com\/fr\/wp-json\/wp\/v2\/users\/2"}],"replies":[{"embeddable":true,"href":"https:\/\/www.europesays.com\/fr\/wp-json\/wp\/v2\/comments?post=503039"}],"version-history":[{"count":0,"href":"https:\/\/www.europesays.com\/fr\/wp-json\/wp\/v2\/posts\/503039\/revisions"}],"wp:featuredmedia":[{"embeddable":true,"href":"https:\/\/www.europesays.com\/fr\/wp-json\/wp\/v2\/media\/503040"}],"wp:attachment":[{"href":"https:\/\/www.europesays.com\/fr\/wp-json\/wp\/v2\/media?parent=503039"}],"wp:term":[{"taxonomy":"category","embeddable":true,"href":"https:\/\/www.europesays.com\/fr\/wp-json\/wp\/v2\/categories?post=503039"},{"taxonomy":"post_tag","embeddable":true,"href":"https:\/\/www.europesays.com\/fr\/wp-json\/wp\/v2\/tags?post=503039"}],"curies":[{"name":"wp","href":"https:\/\/api.w.org\/{rel}","templated":true}]}}