{"id":503043,"date":"2025-10-31T21:03:14","date_gmt":"2025-10-31T21:03:14","guid":{"rendered":"https:\/\/www.europesays.com\/fr\/503043\/"},"modified":"2025-10-31T21:03:14","modified_gmt":"2025-10-31T21:03:14","slug":"lotan-rasera-moscou-de-la-carte-lavertissement-explosif-dun-ministre-belge","status":"publish","type":"post","link":"https:\/\/www.europesays.com\/fr\/503043\/","title":{"rendered":"\u00ab\u00a0L\u2019Otan rasera Moscou de la carte\u00a0\u00bb, l\u2019avertissement explosif d\u2019un ministre belge"},"content":{"rendered":"<p>Dans un entretien exclusif publi\u00e9 par <a href=\"https:\/\/www.humo.be\/nieuws\/theo-francken-n-va-alles-uit-de-terminator-films-is-realiteit-aan-het-worden~b6f7568f\/\" rel=\"nofollow noopener\" target=\"_blank\" class=\"c-link c-link--is-underlined\">HUMO<\/a>, le ministre belge de la D\u00e9fense, Theo Francken, a l\u00e2ch\u00e9 une phrase qui a fait le tour du monde\u00a0: \u00ab\u00a0Si Bruxelles est attaqu\u00e9e, l\u2019Otan rasera Moscou.\u00a0\u00bb Une d\u00e9claration choc qui s\u2019inscrit dans un contexte de tensions croissantes entre l\u2019<a href=\"https:\/\/www.20minutes.fr\/dossier\/europe\" target=\"_blank\" class=\"c-link c-link--is-underlined\" rel=\"noopener\">Europe<\/a> et la <a href=\"https:\/\/www.20minutes.fr\/monde\/russie\/\" target=\"_blank\" class=\"c-link c-link--is-underlined\" rel=\"noopener\">Russie<\/a>, et qui illustre la volont\u00e9 du gouvernement belge de renforcer sa posture de dissuasion militaire. Selon Francken, la capitale belge, si\u00e8ge politique et militaire de l\u2019<a href=\"https:\/\/www.20minutes.fr\/monde\/otan\/\" target=\"_blank\" class=\"c-link c-link--is-underlined\" rel=\"noopener\">Otan<\/a>, constitue une cible symbolique. Mais selon lui, toute attaque contre elle entra\u00eenerait une riposte imm\u00e9diate et totale de l\u2019Alliance atlantique.<\/p>\n<p>Derri\u00e8re cette phrase spectaculaire, Theo Francken d\u00e9fend une logique strat\u00e9gique assum\u00e9e\u00a0: celle d\u2019une dissuasion sans ambigu\u00eft\u00e9. Le ministre plaide pour une mont\u00e9e en puissance rapide des capacit\u00e9s militaires belges et europ\u00e9ennes afin de garantir la s\u00e9curit\u00e9 collective. Dans cet entretien, il insiste sur la n\u00e9cessit\u00e9 de \u00ab\u00a0briser la Russie \u00e9conomiquement\u00a0\u00bb, estimant que le <a href=\"https:\/\/www.20minutes.fr\/dossier\/kremlin\" target=\"_blank\" class=\"c-link c-link--is-underlined\" rel=\"noopener\">Kremlin<\/a> ne pourra \u00eatre contenu que si l\u2019Europe conjugue puissance militaire et pression \u00e9conomique. Cette ligne dure, selon lui, est la seule capable d\u2019emp\u00eacher Moscou de tester les fronti\u00e8res de l\u2019Alliance.<\/p>\n<\/p>\n<p>Un \u00ab\u00a0imb\u00e9cile\u00a0\u00bb selon Dmitri Medvedev<\/p>\n<p>En r\u00e9ponse, <a href=\"https:\/\/www.20minutes.fr\/monde\/dmitri_medvedev\/\" target=\"_blank\" class=\"c-link c-link--is-underlined\" rel=\"noopener\">Dmitri Medvedev<\/a>, vice-pr\u00e9sident du Conseil de s\u00e9curit\u00e9 de Russie, a insult\u00e9 Theo Francken sur X, le qualifiant d\u2019\u00ab\u00a0imb\u00e9cile\u00a0\u00bb. Alors que le conflit en Ukraine continue de s\u2019enliser, Moscou voit dans ce type de d\u00e9claration un signal d\u2019hostilit\u00e9 suppl\u00e9mentaire. A <a href=\"https:\/\/www.20minutes.fr\/dossier\/bruxelles\" target=\"_blank\" class=\"c-link c-link--is-underlined\" rel=\"noopener\">Bruxelles<\/a>, la sortie du ministre a toutefois \u00e9t\u00e9 per\u00e7ue comme une fa\u00e7on de rappeler que la <a href=\"https:\/\/www.20minutes.fr\/dossier\/belgique\" target=\"_blank\" class=\"c-link c-link--is-underlined\" rel=\"noopener\">Belgique<\/a> ne serait jamais seule en cas d\u2019agression, et que toute frappe sur le territoire europ\u00e9en \u00e9quivaudrait \u00e0 une attaque contre l\u2019ensemble de l\u2019Otan.<\/p>\n<p><a href=\"https:\/\/www.20minutes.fr\/monde\/ukraine\/\" target=\"_blank\" class=\"c-link c-btn c-btn--primary\" rel=\"noopener\">Notre dossier sur la guerre en Ukraine<\/a><\/p>\n<p>Cette sortie traduit aussi un tournant dans la communication belge en mati\u00e8re de d\u00e9fense. Longtemps prudente et technocratique, la parole officielle assume d\u00e9sormais une fermet\u00e9 inspir\u00e9e du mod\u00e8le anglo-saxon\u00a0: celle d\u2019une Europe qui n\u2019\u00e9lude plus la possibilit\u00e9 du rapport de force. Pour Theo Francken, la paix ne se maintient pas par la n\u00e9gociation seule, mais par la cr\u00e9dibilit\u00e9 de la menace.<\/p>\n","protected":false},"excerpt":{"rendered":"Dans un entretien exclusif publi\u00e9 par HUMO, le ministre belge de la D\u00e9fense, Theo Francken, a l\u00e2ch\u00e9 une&hellip;\n","protected":false},"author":2,"featured_media":503044,"comment_status":"","ping_status":"","sticky":false,"template":"","format":"standard","meta":{"footnotes":""},"categories":[1590],"tags":[47,11,828,10735,2360,1777,674,131,58890,74,1916,12,136,132,220],"class_list":{"0":"post-503043","1":"post","2":"type-post","3":"status-publish","4":"format-standard","5":"has-post-thumbnail","7":"category-ukraine","8":"tag-actualite","9":"tag-actualites","10":"tag-belgique","11":"tag-bombe-nucleaire","12":"tag-bruxelles","13":"tag-eu","14":"tag-europe","15":"tag-guerre-en-ukraine","16":"tag-ministre-de-la-defense","17":"tag-monde","18":"tag-moscou","19":"tag-news","20":"tag-otan","21":"tag-russie","22":"tag-ukraine"},"share_on_mastodon":{"url":"https:\/\/pubeurope.com\/@fr\/115470808136481287","error":""},"_links":{"self":[{"href":"https:\/\/www.europesays.com\/fr\/wp-json\/wp\/v2\/posts\/503043","targetHints":{"allow":["GET"]}}],"collection":[{"href":"https:\/\/www.europesays.com\/fr\/wp-json\/wp\/v2\/posts"}],"about":[{"href":"https:\/\/www.europesays.com\/fr\/wp-json\/wp\/v2\/types\/post"}],"author":[{"embeddable":true,"href":"https:\/\/www.europesays.com\/fr\/wp-json\/wp\/v2\/users\/2"}],"replies":[{"embeddable":true,"href":"https:\/\/www.europesays.com\/fr\/wp-json\/wp\/v2\/comments?post=503043"}],"version-history":[{"count":0,"href":"https:\/\/www.europesays.com\/fr\/wp-json\/wp\/v2\/posts\/503043\/revisions"}],"wp:featuredmedia":[{"embeddable":true,"href":"https:\/\/www.europesays.com\/fr\/wp-json\/wp\/v2\/media\/503044"}],"wp:attachment":[{"href":"https:\/\/www.europesays.com\/fr\/wp-json\/wp\/v2\/media?parent=503043"}],"wp:term":[{"taxonomy":"category","embeddable":true,"href":"https:\/\/www.europesays.com\/fr\/wp-json\/wp\/v2\/categories?post=503043"},{"taxonomy":"post_tag","embeddable":true,"href":"https:\/\/www.europesays.com\/fr\/wp-json\/wp\/v2\/tags?post=503043"}],"curies":[{"name":"wp","href":"https:\/\/api.w.org\/{rel}","templated":true}]}}