{"id":503045,"date":"2025-10-31T21:04:15","date_gmt":"2025-10-31T21:04:15","guid":{"rendered":"https:\/\/www.europesays.com\/fr\/503045\/"},"modified":"2025-10-31T21:04:15","modified_gmt":"2025-10-31T21:04:15","slug":"aux-etats-unis-un-juge-ordonne-a-ladministration-trump-de-maintenir-le-principal-programme-daide-alimentaire-menace-par-le-shutdown","status":"publish","type":"post","link":"https:\/\/www.europesays.com\/fr\/503045\/","title":{"rendered":"Aux Etats-Unis, un juge ordonne \u00e0 l&rsquo;administration Trump de maintenir le principal programme d&rsquo;aide alimentaire, menac\u00e9 par le \u00ab\u00a0shutdown\u00a0\u00bb"},"content":{"rendered":"\n<p class=\"c-chapo \">\n  Ce dispositif sur lequel comptent plus de 42 millions d&rsquo;Am\u00e9ricains, selon les donn\u00e9es officielles, a obtenu un r\u00e9pit, \u00e0 quelques heures de sa suspension annonc\u00e9e pour cause de paralysie budg\u00e9taire.\n<\/p>\n<p>      lire plus tard<\/p>\n<p id=\"dialog__title\" class=\"dialog__title\">Pour sauvegarder cet article, connectez-vous ou cr\u00e9ez un compte franceinfo<\/p>\n<p class=\"dialog__description\">Sans paiement. Sans abonnement.<\/p>\n<p>        Fermer la fen\u00eatre d\u2019activation des notifications France Info<\/p>\n<p>      cr\u00e9er votre compte<\/p>\n<p>      se connecter<\/p>\n<p>        Fermer la fen\u00eatre de pr\u00e9sentation<\/p>\n<p>    <img loading=\"lazy\" decoding=\"async\" class=\"signature__image lazyload\" width=\"100\" height=\"100\" data- alt=\"\" src=\"https:\/\/www.europesays.com\/fr\/wp-content\/uploads\/2025\/05\/64a68815cd1a7_placeholder-36b69ec8.png\"\/><\/p>\n<p>    Publi\u00e9 le 31\/10\/2025 21:50<\/p>\n<p>        Temps de lecture : 3min<\/p>\n<p>    <img decoding=\"async\"  alt=\"Des manifestants ont d\u00e9pos\u00e9 des produits de premi\u00e8re n\u00e9cessit\u00e9 devant la Maison-Blanche, \u00e0 Washington (Etats-Unis), le 31 octobre 2025. (ALLISON BAILEY \/ NURPHOTO \/ AFP)\" width=\"432\" height=\"243\" src=\"https:\/\/www.europesays.com\/fr\/wp-content\/uploads\/2025\/10\/075-bailey-fooddriv251030-npltn-69050f4f936c2064145995.jpg\" fetchpriority=\"high\"\/><\/p>\n<p>      Des manifestants ont d\u00e9pos\u00e9 des produits de premi\u00e8re n\u00e9cessit\u00e9 devant la Maison-Blanche, \u00e0 Washington (Etats-Unis), le 31 octobre 2025. (ALLISON BAILEY \/ NURPHOTO \/ AFP)<\/p>\n<p>Les Am\u00e9ricains les plus pr\u00e9caires ont bien failli subir plein fouet <a href=\"https:\/\/www.franceinfo.fr\/monde\/usa\/presidentielle\/donald-trump\/apres-deux-semaines-de-shutdown-aux-etats-unis-republicains-et-democrates-se-rejettent-la-faute_7553845.html\" rel=\"nofollow noopener\" target=\"_blank\">les effets du \u00ab\u00a0shutdown\u00a0\u00bb<\/a>. Alors que le pays fait face depuis un mois \u00e0 une situation de paralysie budg\u00e9taire, un juge f\u00e9d\u00e9ral a ordonn\u00e9, vendredi 31 octobre, le maintien du principal programme public d&rsquo;aide alimentaire, connu outre-Atlantique sous l&rsquo;acronyme \u00ab\u00a0Snap\u00a0\u00bb. Le minist\u00e8re de l&rsquo;Agriculture a \u00e9t\u00e9 somm\u00e9 d&rsquo;utiliser des fonds d&rsquo;urgence pour maintenir ce dispositif, qui permet \u00e0 plus de 42 millions d&rsquo;Am\u00e9ricains de b\u00e9n\u00e9ficier d&rsquo;une aide pour l&rsquo;achat de nourriture.\u00a0<\/p>\n<p>Faute d&rsquo;un accord au Congr\u00e8s sur le budget entre les d\u00e9mocrates et les r\u00e9publicains, le gouvernement de Donald Trump avait annonc\u00e9 que le programme serait gel\u00e9 \u00e0 partir de samedi, \u00e0 court de fonds. \u00ab\u00a0Vous allez avoir de vrais gens, de vraies familles, des enfants qui souffriront de la faim d\u00e8s ce week-end\u00a0\u00bb, avait lanc\u00e9 le t\u00e9nor r\u00e9publicain Mike Johnson, accusant l&rsquo;opposition d\u00e9mocrate de \u00ab\u00a0continuer leurs jeux politiciens \u00e0 Washington\u00a0\u00bb.<\/p>\n<p>Le \u00ab\u00a0shutdown\u00a0\u00bb a d\u00e9j\u00e0 entra\u00een\u00e9 la mise au ch\u00f4mage technique de centaines de milliers de fonctionnaires, des perturbations dans le trafic a\u00e9rien ou encore la fermeture de parcs nationaux.<\/p>\n<p>Le blocage au Congr\u00e8s repose sur <a href=\"https:\/\/www.franceinfo.fr\/monde\/ameriques\/shutdown-budget-americain\/paies-de-fonctionnaires-gelees-musees-et-parcs-nationaux-fermes-les-etats-unis-commencent-a-ressentir-les-effets-de-la-paralysie-budgetaire_7550422.html\" rel=\"nofollow noopener\" target=\"_blank\">un d\u00e9saccord profond entre le parti au pouvoir et l&rsquo;opposition concernant le vote du budget<\/a> :\u00a0les r\u00e9publicains proposent une prolongation du budget actuel, avec les m\u00eames niveaux de d\u00e9penses, tandis que les d\u00e9mocrates r\u00e9clament une prolongation de subventions pour des programmes d&rsquo;assurance sant\u00e9 \u00e0 destination de m\u00e9nages \u00e0 bas revenus. Sans prolongation, les co\u00fbts d&rsquo;assurance sant\u00e9 devraient plus que doubler pour 24 millions d&rsquo;Am\u00e9ricains qui utilisent le programme public \u00ab\u00a0Obamacare\u00a0\u00bb, selon KFF, un cercle de r\u00e9flexion sp\u00e9cialis\u00e9 sur les questions de sant\u00e9.<\/p>\n<p>Concr\u00e8tement, une personne payant le co\u00fbt moyen de 888 dollars en 2025 devrait ainsi s&rsquo;acquitter de 1\u00a0906 dollars en 2026, estime le think tank.\u00a0<\/p>\n<p>Vendredi, le pr\u00e9sident am\u00e9ricain a r\u00e9it\u00e9r\u00e9 sa promesse de n\u00e9gocier avec les d\u00e9mocrates sur leurs revendications, mais seulement apr\u00e8s la lev\u00e9e du \u00ab\u00a0shutdown\u00a0\u00bb. \u00ab\u00a0On va se voir tr\u00e8s rapidement, mais ils doivent rouvrir le pays\u00a0\u00bb, a assur\u00e9 le r\u00e9publicain \u00e0 son arriv\u00e9e en Floride o\u00f9 il passera le week-end dans sa luxueuse r\u00e9sidence Mar-a-Lago. \u00ab\u00a0C&rsquo;est de leur faute, tout est de leur faute\u00a0\u00bb, a ajout\u00e9 Donald Trump. Un avis que ne partage pas la majorit\u00e9 des Am\u00e9ricains, selon un sondage\u00a0pour ABC et le Washington Post publi\u00e9e jeudi. Cette enqu\u00eate a en effet montr\u00e9 que 45% des interrog\u00e9s attribuent la responsabilit\u00e9 du blocage en premier \u00e0 Donald Trump et aux r\u00e9publicains au Congr\u00e8s, contre 33% aux \u00e9lus d\u00e9mocrates.<\/p>\n","protected":false},"excerpt":{"rendered":"Ce dispositif sur lequel comptent plus de 42 millions d&rsquo;Am\u00e9ricains, selon les donn\u00e9es officielles, a obtenu un r\u00e9pit,&hellip;\n","protected":false},"author":2,"featured_media":503046,"comment_status":"","ping_status":"","sticky":false,"template":"","format":"standard","meta":{"footnotes":""},"categories":[1589],"tags":[11,73,1866,12,1864,1865,1863,308],"class_list":{"0":"post-503045","1":"post","2":"type-post","3":"status-publish","4":"format-standard","5":"has-post-thumbnail","7":"category-etats-unis","8":"tag-actualites","9":"tag-etats-unis","10":"tag-etats-unis-damerique","11":"tag-news","12":"tag-united-states","13":"tag-united-states-of-america","14":"tag-us","15":"tag-usa"},"share_on_mastodon":{"url":"https:\/\/pubeurope.com\/@fr\/115470812197782142","error":""},"_links":{"self":[{"href":"https:\/\/www.europesays.com\/fr\/wp-json\/wp\/v2\/posts\/503045","targetHints":{"allow":["GET"]}}],"collection":[{"href":"https:\/\/www.europesays.com\/fr\/wp-json\/wp\/v2\/posts"}],"about":[{"href":"https:\/\/www.europesays.com\/fr\/wp-json\/wp\/v2\/types\/post"}],"author":[{"embeddable":true,"href":"https:\/\/www.europesays.com\/fr\/wp-json\/wp\/v2\/users\/2"}],"replies":[{"embeddable":true,"href":"https:\/\/www.europesays.com\/fr\/wp-json\/wp\/v2\/comments?post=503045"}],"version-history":[{"count":0,"href":"https:\/\/www.europesays.com\/fr\/wp-json\/wp\/v2\/posts\/503045\/revisions"}],"wp:featuredmedia":[{"embeddable":true,"href":"https:\/\/www.europesays.com\/fr\/wp-json\/wp\/v2\/media\/503046"}],"wp:attachment":[{"href":"https:\/\/www.europesays.com\/fr\/wp-json\/wp\/v2\/media?parent=503045"}],"wp:term":[{"taxonomy":"category","embeddable":true,"href":"https:\/\/www.europesays.com\/fr\/wp-json\/wp\/v2\/categories?post=503045"},{"taxonomy":"post_tag","embeddable":true,"href":"https:\/\/www.europesays.com\/fr\/wp-json\/wp\/v2\/tags?post=503045"}],"curies":[{"name":"wp","href":"https:\/\/api.w.org\/{rel}","templated":true}]}}