{"id":503047,"date":"2025-10-31T21:05:12","date_gmt":"2025-10-31T21:05:12","guid":{"rendered":"https:\/\/www.europesays.com\/fr\/503047\/"},"modified":"2025-10-31T21:05:12","modified_gmt":"2025-10-31T21:05:12","slug":"la-participation-du-royaume-uni-au-programme-europeen-de-defense-safe-bientot-actee","status":"publish","type":"post","link":"https:\/\/www.europesays.com\/fr\/503047\/","title":{"rendered":"La participation du Royaume-Uni au programme europ\u00e9en de d\u00e9fense SAFE bient\u00f4t act\u00e9e"},"content":{"rendered":"<p class=\"mb-4 text-lg md:leading-8 break-words\">La Commission europ\u00e9enne s&rsquo;est montr\u00e9e confiante vendredi quant \u00e0 la conclusion d&rsquo;un accord permettant au Royaume-Uni de participer \u00e0 l&rsquo;un des programmes de d\u00e9fense phares de l&rsquo;UE au cours des deux prochaines semaines, avec suffisamment de temps pour que les \u00c9tats membres puissent ajuster leurs plans de r\u00e9armement.<\/p>\n<p class=\"mb-4 text-lg md:leading-8 break-words\">Bruxelles et Londres sont en pourparlers depuis l&rsquo;\u00e9t\u00e9 pour permettre au Royaume-Uni de participer au programme SAFE de l&rsquo;Union europ\u00e9enne, qui vise \u00e0 stimuler l&rsquo;achat conjoint de syst\u00e8mes d&rsquo;armement fabriqu\u00e9s en Europe, alors que l&rsquo;UE cherche \u00e0 se r\u00e9armer de mani\u00e8re agressive en r\u00e9ponse \u00e0 la menace de la Russie.<\/p>\n<p class=\"mb-4 text-lg md:leading-8 break-words\">Les \u00c9tats membres de l&rsquo;UE ont jusqu&rsquo;\u00e0 la fin du mois de novembre pour soumettre leurs plans nationaux d\u00e9taillant la mani\u00e8re dont ils d\u00e9penseront les parts qui leur ont \u00e9t\u00e9 allou\u00e9es dans le cadre du programme de pr\u00eat pour la d\u00e9fense, d&rsquo;un montant de 150 milliards d&rsquo;euros.<\/p>\n<p class=\"mb-4 text-lg md:leading-8 break-words\">Le commissaire \u00e0 la d\u00e9fense, Andrius Kubilius, et le ministre britannique de la d\u00e9fense, John Healey, devraient discuter des n\u00e9gociations en cours lors d&rsquo;un appel t\u00e9l\u00e9phonique vendredi, a confirm\u00e9 un porte-parole de la Commission.<\/p>\n<p class=\"mb-4 text-lg md:leading-8 break-words\">\u00ab\u00a0Nous sommes engag\u00e9s dans des n\u00e9gociations approfondies et tr\u00e8s efficaces. Nous avan\u00e7ons tr\u00e8s vite\u00a0\u00bb, a d\u00e9clar\u00e9 Thomas Regnier.<\/p>\n<p class=\"mb-4 text-lg md:leading-8 break-words\">\u00ab\u00a0Notre objectif est de trouver une solution, de parvenir \u00e0 un accord et de conclure les n\u00e9gociations vers la mi-novembre\u00a0\u00bb, a-t-il ajout\u00e9.<\/p>\n<p class=\"mb-4 text-lg md:leading-8 break-words\">Le programme SAFE pr\u00e9voit une \u00ab\u00a0pr\u00e9f\u00e9rence europ\u00e9enne\u00a0\u00bb en vertu de laquelle au moins deux tiers de tout achat financ\u00e9 par son interm\u00e9diaire doivent \u00eatre fabriqu\u00e9s dans l&rsquo;Union europ\u00e9enne.<\/p>\n<p class=\"mb-4 text-lg md:leading-8 break-words\">En tant que pays tiers, la contribution du Royaume-Uni est actuellement limit\u00e9e \u00e0 un maximum de 35 %. Mais si l&rsquo;accord est conclu, il sera trait\u00e9 comme un \u00c9tat membre de l&rsquo;UE, sans plafond. C&rsquo;est d\u00e9j\u00e0 le cas pour la Norv\u00e8ge, l&rsquo;Ukraine et l&rsquo;Islande.<\/p>\n<p class=\"mb-4 text-lg md:leading-8 break-words\">Le gouvernement britannique pourra \u00e9galement participer \u00e0 des acquisitions conjointes avec d&rsquo;autres pays europ\u00e9ens &#8211; au moins trois pays, dont deux \u00c9tats membres de l&rsquo;UE, doivent acheter ensemble pour pouvoir b\u00e9n\u00e9ficier du programme SAFE -, mais il ne pourra pas b\u00e9n\u00e9ficier des pr\u00eats accord\u00e9s par l&rsquo;UE.<\/p>\n<p class=\"mb-4 text-lg md:leading-8 break-words\">L&rsquo;un des points susceptibles de rester sur la table des n\u00e9gociateurs est l&rsquo;ampleur de la contribution financi\u00e8re du Royaume-Uni.<\/p>\n<p class=\"mb-4 text-lg md:leading-8 break-words\">De nombreux \u00c9tats membres devraient se r\u00e9jouir de l&rsquo;inclusion du Royaume-Uni dans le programme, car le pays est un exportateur majeur de produits de d\u00e9fense, l&rsquo;UE repr\u00e9sentant un tiers de ses exportations totales de d\u00e9fense entre 2019 et 2023.<\/p>\n<p class=\"mb-4 text-lg md:leading-8 break-words\">La conclusion d&rsquo;un accord avant qu&rsquo;ils ne doivent soumettre leurs plans nationaux permettrait donc aux \u00c9tats membres de les ajuster pour inclure des composants fabriqu\u00e9s en Grande-Bretagne avant la date limite. La Commission a d\u00e9clar\u00e9 qu&rsquo;elle envisageait de faire les premiers versements aux \u00c9tats membres vers la fin du premier trimestre de l&rsquo;ann\u00e9e prochaine au plus tard.<\/p>\n<p class=\"mb-4 text-lg md:leading-8 break-words\">L&rsquo;Australie et le Canada ont \u00e9galement exprim\u00e9 leur int\u00e9r\u00eat pour la conclusion d&rsquo;accords similaires avec l&rsquo;UE.<\/p>\n","protected":false},"excerpt":{"rendered":"La Commission europ\u00e9enne s&rsquo;est montr\u00e9e confiante vendredi quant \u00e0 la conclusion d&rsquo;un accord permettant au Royaume-Uni de participer&hellip;\n","protected":false},"author":2,"featured_media":503048,"comment_status":"","ping_status":"","sticky":false,"template":"","format":"standard","meta":{"footnotes":""},"categories":[1588],"tags":[11,5999,16499,1777,674,1877,12,5240,473,1853,1851,1850,1852],"class_list":{"0":"post-503047","1":"post","2":"type-post","3":"status-publish","4":"format-standard","5":"has-post-thumbnail","7":"category-royaume-uni","8":"tag-actualites","9":"tag-etats-membres","10":"tag-etats-membres-de-lue","11":"tag-eu","12":"tag-europe","13":"tag-la-defense","14":"tag-news","15":"tag-programme","16":"tag-royaume-uni","17":"tag-royaume-uni-de-grande-bretagne-et-dirlande-du-nord","18":"tag-uk","19":"tag-united-kingdom","20":"tag-united-kingdom-of-great-britain-and-northern-ireland"},"share_on_mastodon":{"url":"https:\/\/pubeurope.com\/@fr\/115470816002655528","error":""},"_links":{"self":[{"href":"https:\/\/www.europesays.com\/fr\/wp-json\/wp\/v2\/posts\/503047","targetHints":{"allow":["GET"]}}],"collection":[{"href":"https:\/\/www.europesays.com\/fr\/wp-json\/wp\/v2\/posts"}],"about":[{"href":"https:\/\/www.europesays.com\/fr\/wp-json\/wp\/v2\/types\/post"}],"author":[{"embeddable":true,"href":"https:\/\/www.europesays.com\/fr\/wp-json\/wp\/v2\/users\/2"}],"replies":[{"embeddable":true,"href":"https:\/\/www.europesays.com\/fr\/wp-json\/wp\/v2\/comments?post=503047"}],"version-history":[{"count":0,"href":"https:\/\/www.europesays.com\/fr\/wp-json\/wp\/v2\/posts\/503047\/revisions"}],"wp:featuredmedia":[{"embeddable":true,"href":"https:\/\/www.europesays.com\/fr\/wp-json\/wp\/v2\/media\/503048"}],"wp:attachment":[{"href":"https:\/\/www.europesays.com\/fr\/wp-json\/wp\/v2\/media?parent=503047"}],"wp:term":[{"taxonomy":"category","embeddable":true,"href":"https:\/\/www.europesays.com\/fr\/wp-json\/wp\/v2\/categories?post=503047"},{"taxonomy":"post_tag","embeddable":true,"href":"https:\/\/www.europesays.com\/fr\/wp-json\/wp\/v2\/tags?post=503047"}],"curies":[{"name":"wp","href":"https:\/\/api.w.org\/{rel}","templated":true}]}}