{"id":503049,"date":"2025-10-31T21:06:17","date_gmt":"2025-10-31T21:06:17","guid":{"rendered":"https:\/\/www.europesays.com\/fr\/503049\/"},"modified":"2025-10-31T21:06:17","modified_gmt":"2025-10-31T21:06:17","slug":"linfection-tres-dynamique-de-grippe-aviaire-en-allemagne-tourne-parfois-au-cauchemar","status":"publish","type":"post","link":"https:\/\/www.europesays.com\/fr\/503049\/","title":{"rendered":"L\u2019infection \u00abtr\u00e8s dynamique\u00bb de grippe aviaire en Allemagne tourne parfois au \u00abcauchemar\u00bb"},"content":{"rendered":"<p>    R\u00e9sum\u00e9 en 20 secondes<\/p>\n<p>        En savoir plus sur ce type de contenu<\/p>\n<p>Ce r\u00e9sum\u00e9 peut avoir \u00e9t\u00e9 \u00e9crit avec l&rsquo;assistance d\u2019une IA g\u00e9n\u00e9rative. <a href=\"https:\/\/www.letemps.ch\/cyber\/l-usage-de-l-ia-generative-par-les-journalistes-du-temps\" target=\"_blank\" rel=\"noopener\">En savoir plus<\/a><\/p>\n<p class=\"article__abstract-call-to-action\" data-ariato=\"TrackableElement\" data-trackable-element-type=\"article_abstract_cta\" data-trackable-element-location=\"article_header\" data-trackable-element-id=\"510765\">\n        <a data-event=\"click-&gt;clicked\" href=\"https:\/\/www.letemps.ch\/abonnements\" target=\"_blank\" rel=\"noopener\">Abonnez-vous<\/a> pour acc\u00e9der au r\u00e9sum\u00e9 en 20 secondes.\n      <\/p>\n<p>La ferme de Kremmen, \u00e0 une heure au nord de Berlin, le regrette \u00abinfiniment\u00bb, mais elle a d\u00fb faire abattre ses 5000\u00a0oies et 3600\u00a0canards en raison de la d\u00e9couverte du virus H5N1, connu sous le nom de grippe aviaire. Sur son site internet, l\u2019exploitant raconte avoir trouv\u00e9 au milieu de ses oies \u00abune grue infect\u00e9e\u00bb, \u00ablitt\u00e9ralement tomb\u00e9e du ciel\u00bb. \u00abMalgr\u00e9 une surveillance tr\u00e8s attentive et l\u2019\u00e9limination imm\u00e9diate de la carcasse par nos employ\u00e9s, la propagation de l\u2019agent pathog\u00e8ne \u00e0 l\u2019ensemble du cheptel d\u2019oies n\u2019a malheureusement pas pu \u00eatre \u00e9vit\u00e9e\u00bb, reconna\u00eet le propri\u00e9taire, d\u00e9pit\u00e9, qui \u00e9voque un \u00abcauchemar\u00bb.<\/p>\n<p>A l\u2019image de cette ferme du Brandebourg, plus de 500\u00a0000 oies, canards, poules et dindes ont d\u00e9j\u00e0 \u00e9t\u00e9 abattus en Allemagne \u2013 sur les 167\u00a0millions de b\u00eates que compte le cheptel allemand \u2013 apr\u00e8s la d\u00e9couverte de plus de 35\u00a0foyers d\u2019infection dans des \u00e9levages commerciaux, essentiellement dans l\u2019est et le nord du pays. Le Centre de recherche sur les maladies animales (FLI) parle d\u2019un risque \u00ab\u00e9lev\u00e9\u00bb et d\u2019une \u00abinfection tr\u00e8s dynamique\u00bb qui pourrait prendre une ampleur aussi importante que celle de 2021, lorsque deux millions de b\u00eates avaient d\u00fb \u00eatre abattues. L\u2019Allemagne est le pays europ\u00e9en le plus touch\u00e9 actuellement par cette \u00abpeste aviaire\u00bb, avec l\u2019Espagne et le Royaume-Uni. En Suisse, si aucun cas n\u2019a \u00e9t\u00e9 confirm\u00e9, les autorit\u00e9s se disent \u00abvigilantes\u00bb.<\/p>\n","protected":false},"excerpt":{"rendered":"R\u00e9sum\u00e9 en 20 secondes En savoir plus sur ce type de contenu Ce r\u00e9sum\u00e9 peut avoir \u00e9t\u00e9 \u00e9crit&hellip;\n","protected":false},"author":2,"featured_media":503050,"comment_status":"","ping_status":"","sticky":false,"template":"","format":"standard","meta":{"footnotes":""},"categories":[1587],"tags":[11,672,1804,1805,1803,1777,674,1801,12,301,1802],"class_list":{"0":"post-503049","1":"post","2":"type-post","3":"status-publish","4":"format-standard","5":"has-post-thumbnail","7":"category-allemagne","8":"tag-actualites","9":"tag-allemagne","10":"tag-bundesrepublik-deutschland","11":"tag-de","12":"tag-deutschland","13":"tag-eu","14":"tag-europe","15":"tag-germany","16":"tag-news","17":"tag-premium","18":"tag-republique-federale-dallemagne"},"share_on_mastodon":{"url":"https:\/\/pubeurope.com\/@fr\/115470819889325705","error":""},"_links":{"self":[{"href":"https:\/\/www.europesays.com\/fr\/wp-json\/wp\/v2\/posts\/503049","targetHints":{"allow":["GET"]}}],"collection":[{"href":"https:\/\/www.europesays.com\/fr\/wp-json\/wp\/v2\/posts"}],"about":[{"href":"https:\/\/www.europesays.com\/fr\/wp-json\/wp\/v2\/types\/post"}],"author":[{"embeddable":true,"href":"https:\/\/www.europesays.com\/fr\/wp-json\/wp\/v2\/users\/2"}],"replies":[{"embeddable":true,"href":"https:\/\/www.europesays.com\/fr\/wp-json\/wp\/v2\/comments?post=503049"}],"version-history":[{"count":0,"href":"https:\/\/www.europesays.com\/fr\/wp-json\/wp\/v2\/posts\/503049\/revisions"}],"wp:featuredmedia":[{"embeddable":true,"href":"https:\/\/www.europesays.com\/fr\/wp-json\/wp\/v2\/media\/503050"}],"wp:attachment":[{"href":"https:\/\/www.europesays.com\/fr\/wp-json\/wp\/v2\/media?parent=503049"}],"wp:term":[{"taxonomy":"category","embeddable":true,"href":"https:\/\/www.europesays.com\/fr\/wp-json\/wp\/v2\/categories?post=503049"},{"taxonomy":"post_tag","embeddable":true,"href":"https:\/\/www.europesays.com\/fr\/wp-json\/wp\/v2\/tags?post=503049"}],"curies":[{"name":"wp","href":"https:\/\/api.w.org\/{rel}","templated":true}]}}