{"id":50305,"date":"2025-04-24T22:57:16","date_gmt":"2025-04-24T22:57:16","guid":{"rendered":"https:\/\/www.europesays.com\/fr\/50305\/"},"modified":"2025-04-24T22:57:16","modified_gmt":"2025-04-24T22:57:16","slug":"le-leader-mondial-du-donut-debarque-a-paris-decouvrez-ou-se-trouvera-la-premiere-boutique-dunkin-24-04-2025-a-1618","status":"publish","type":"post","link":"https:\/\/www.europesays.com\/fr\/50305\/","title":{"rendered":"Le leader mondial du donut d\u00e9barque \u00e0 Paris : d\u00e9couvrez o\u00f9 se trouvera la premi\u00e8re boutique Dunkin&rsquo; &#8211; 24\/04\/2025 \u00e0 16:18"},"content":{"rendered":"<p>        <img fetchpriority=\"high\" decoding=\"async\" src=\"https:\/\/www.europesays.com\/fr\/wp-content\/uploads\/2025\/04\/4acafc70d34125f2f0f5ffea10b44aaa-760x507.jpg\" alt=\"Les donuts de la cha\u00eene am\u00e9ricaine Dunkin\u2019 vont d\u00e9barquer \u00e0 Paris le 14 mai prochain, avec une premi\u00e8re boutique dans le 9e arrondissement. (illustration) (Pixabay \/ AJS1)\" loading=\"eager\" width=\"760\" height=\"507\" style=\"max-width: 100%!important; height: auto;\"\/><\/p>\n<p class=\"c-image-news__legend\">Les donuts de la cha\u00eene am\u00e9ricaine Dunkin\u2019 vont d\u00e9barquer \u00e0 Paris le 14 mai prochain, avec une premi\u00e8re boutique dans le 9e arrondissement. (illustration) (Pixabay \/ AJS1)<\/p>\n<p><strong><br \/>\n Apr\u00e8s Krispy Kreme, Dunkin&rsquo; d\u00e9barque \u00e0 Paris. La marque ouvre son premier point de vente le 14 mai prochain, dans centre de la capitale. L\u2019enseigne am\u00e9ricaine de donuts esp\u00e8re se d\u00e9velopper rapidement en France.<br \/>\n<\/strong><\/p>\n<p>\n Les donuts am\u00e9ricains partent \u00e0 l\u2019assaut du march\u00e9 fran\u00e7ais. Apr\u00e8s l\u2019arriv\u00e9e de Krispy Kreme \u00e0 Paris fin 2023, c\u2019est au tour de Dunkin\u2019 d\u2019ouvrir ses premi\u00e8res boutiques dans la capitale. L\u2019enseigne, qui vend 60 donuts par seconde dans le monde, inaugurera un espace de 200 m\u00b2 dans le 9e arrondissement, le 14 mai prochain. Une seconde ouverture est d\u00e9j\u00e0 pr\u00e9vue quelques jours plus tard \u00e0 la gare Saint-Lazare, r\u00e9v\u00e8le<\/p>\n<p>  <a href=\"https:\/\/www.capital.fr\/entreprises-marches\/le-roi-du-donuts-dunkin-attaque-paris-decouvrez-ou-et-quand-va-ouvrir-sa-premiere-boutique-1512953\" rel=\"nofollow noopener noreferrer\" target=\"_blank\"><br \/>\n   Capital<br \/>\n  <\/a><\/p>\n<p> .\n<\/p>\n<p>\n Fond\u00e9e en 1950 et rachet\u00e9e en 2020 par le g\u00e9ant Inspire Brands, la marque nourrit de grandes ambitions. Son objectif ? Ouvrir plusieurs dizaines de points de vente entre 2025 et 2026 \u00e0 Paris et en \u00cele-de-France, avant de s\u2019implanter dans d&rsquo;autres grandes villes fran\u00e7aises.\n<\/p>\n<p> Une offre taill\u00e9e pour la Gen Z<\/p>\n<p>\n Dunkin\u2019 cible prioritairement la g\u00e9n\u00e9ration Z, n\u00e9e entre les ann\u00e9es 1990 et 2010. Pour s\u00e9duire ces jeunes consommateurs, l\u2019enseigne proposera 18 vari\u00e9t\u00e9s de donuts vendus entre 2,50 et 3,70 euros l\u2019unit\u00e9 et fabriqu\u00e9s dans le Val-de-Marne.\n<\/p>\n<p>\n Mais Dunkin\u2019 ne se limite pas aux beignets sucr\u00e9s : boissons, sandwichs, cookies compl\u00e8tent l\u2019offre.<\/p>\n<p>  \u00ab Nous voulons devenir le coffee shop pr\u00e9f\u00e9r\u00e9 des Fran\u00e7ais \u00bb<\/p>\n<p> , explique \u00e0<\/p>\n<p>  Capital<\/p>\n<p> Jean-Wilfrid Thibault, responsable de Dunkin\u2019 France.\n<\/p>\n<p>\n Il faut dire que les donuts commencent \u00e0 trouver leur place dans les habitudes de consommation fran\u00e7aises. Estim\u00e9 \u00e0 30 millions d\u2019euros en 2023, le march\u00e9 hexagonal pourrait cro\u00eetre de 15 % par an, selon Sirha Food.<\/p>\n","protected":false},"excerpt":{"rendered":"Les donuts de la cha\u00eene am\u00e9ricaine Dunkin\u2019 vont d\u00e9barquer \u00e0 Paris le 14 mai prochain, avec une premi\u00e8re&hellip;\n","protected":false},"author":2,"featured_media":50306,"comment_status":"","ping_status":"","sticky":false,"template":"","format":"standard","meta":{"footnotes":""},"categories":[1888],"tags":[400,1111,1928,11,1927,398,408,405,1777,674,1011,27,403,402,399,404,12,1926,626,1925,25,401,406,407],"class_list":{"0":"post-50305","1":"post","2":"type-post","3":"status-publish","4":"format-standard","5":"has-post-thumbnail","7":"category-paris","8":"tag-action-cac-40","9":"tag-actu","10":"tag-actu-paris","11":"tag-actualites","12":"tag-actualites-paris","13":"tag-bourse-de-paris","14":"tag-boursorama","15":"tag-cotations","16":"tag-eu","17":"tag-europe","18":"tag-fr","19":"tag-france","20":"tag-indices-devises","21":"tag-investir","22":"tag-investissement","23":"tag-marche-boursier","24":"tag-news","25":"tag-news-paris","26":"tag-paris","27":"tag-paris-news","28":"tag-republique-francaise","29":"tag-sicav","30":"tag-trackers","31":"tag-warrants"},"share_on_mastodon":{"url":"https:\/\/pubeurope.com\/@fr\/114395417385380238","error":""},"_links":{"self":[{"href":"https:\/\/www.europesays.com\/fr\/wp-json\/wp\/v2\/posts\/50305","targetHints":{"allow":["GET"]}}],"collection":[{"href":"https:\/\/www.europesays.com\/fr\/wp-json\/wp\/v2\/posts"}],"about":[{"href":"https:\/\/www.europesays.com\/fr\/wp-json\/wp\/v2\/types\/post"}],"author":[{"embeddable":true,"href":"https:\/\/www.europesays.com\/fr\/wp-json\/wp\/v2\/users\/2"}],"replies":[{"embeddable":true,"href":"https:\/\/www.europesays.com\/fr\/wp-json\/wp\/v2\/comments?post=50305"}],"version-history":[{"count":0,"href":"https:\/\/www.europesays.com\/fr\/wp-json\/wp\/v2\/posts\/50305\/revisions"}],"wp:featuredmedia":[{"embeddable":true,"href":"https:\/\/www.europesays.com\/fr\/wp-json\/wp\/v2\/media\/50306"}],"wp:attachment":[{"href":"https:\/\/www.europesays.com\/fr\/wp-json\/wp\/v2\/media?parent=50305"}],"wp:term":[{"taxonomy":"category","embeddable":true,"href":"https:\/\/www.europesays.com\/fr\/wp-json\/wp\/v2\/categories?post=50305"},{"taxonomy":"post_tag","embeddable":true,"href":"https:\/\/www.europesays.com\/fr\/wp-json\/wp\/v2\/tags?post=50305"}],"curies":[{"name":"wp","href":"https:\/\/api.w.org\/{rel}","templated":true}]}}