{"id":503051,"date":"2025-10-31T21:07:13","date_gmt":"2025-10-31T21:07:13","guid":{"rendered":"https:\/\/www.europesays.com\/fr\/503051\/"},"modified":"2025-10-31T21:07:13","modified_gmt":"2025-10-31T21:07:13","slug":"vite-lu-escrime-souffel-remporte-la-coupe-deurope-des-clubs","status":"publish","type":"post","link":"https:\/\/www.europesays.com\/fr\/503051\/","title":{"rendered":"Vite lu | Escrime. Souffel remporte la Coupe d\u2019Europe des clubs"},"content":{"rendered":"<p>Avec dans ses rangs Jean-Philippe et S\u00e9bastien Patrice, n\u00b01 et\u00a03 mondiaux, mais aussi l\u2019\u00c9gyptien Adam Moataz, 17e , et Guilhem Jalabert, 17e sabreur fran\u00e7ais, le Souffel Escrime a logiquement survol\u00e9 la Coupe d\u2019Europe des clubs qui s\u2019est ouverte ce vendredi \u00e0 Heidenheim, en Allemagne.<\/p>\n<p>En phase de poule, les Marseillais du club bas-rhinois ont domin\u00e9 le FC Warth Kanzelsau 45-22, puis le Bayer Dormagen 45-35. Ils ont retrouv\u00e9 en finale le Bayer Dormagen des Allemands Frederic Kindler (29e mondial), Leon Schlaffer (85e ), Philipp Methner (97e ) et Eric Simon Seefeld (191e ), qu\u2019ils ont cette fois vaincu 45-25.<\/p>\n<p>Ce samedi, la Coupe d\u2019Europe du sabre dames se disputera sans les sabreuses du Strasbourg UC, championnes de France. Mais Sarah Noutcha rel\u00e8ve de blessure et Sara Balzer et Toscane Tori sont en pleine pr\u00e9paration pour la Coupe du monde&#8230;<\/p>\n","protected":false},"excerpt":{"rendered":"Avec dans ses rangs Jean-Philippe et S\u00e9bastien Patrice, n\u00b01 et\u00a03 mondiaux, mais aussi l\u2019\u00c9gyptien Adam Moataz, 17e ,&hellip;\n","protected":false},"author":2,"featured_media":503052,"comment_status":"","ping_status":"","sticky":false,"template":"","format":"standard","meta":{"footnotes":""},"categories":[1586],"tags":[11,5406,1946,1777,674,63,1011,27,12,25,517,21508,1467],"class_list":{"0":"post-503051","1":"post","2":"type-post","3":"status-publish","4":"format-standard","5":"has-post-thumbnail","7":"category-europe","8":"tag-actualites","9":"tag-badminton","10":"tag-escrime","11":"tag-eu","12":"tag-europe","13":"tag-football","14":"tag-fr","15":"tag-france","16":"tag-news","17":"tag-republique-francaise","18":"tag-sport","19":"tag-sports-de-combat","20":"tag-tennis"},"share_on_mastodon":{"url":"https:\/\/pubeurope.com\/@fr\/115470823829170937","error":""},"_links":{"self":[{"href":"https:\/\/www.europesays.com\/fr\/wp-json\/wp\/v2\/posts\/503051","targetHints":{"allow":["GET"]}}],"collection":[{"href":"https:\/\/www.europesays.com\/fr\/wp-json\/wp\/v2\/posts"}],"about":[{"href":"https:\/\/www.europesays.com\/fr\/wp-json\/wp\/v2\/types\/post"}],"author":[{"embeddable":true,"href":"https:\/\/www.europesays.com\/fr\/wp-json\/wp\/v2\/users\/2"}],"replies":[{"embeddable":true,"href":"https:\/\/www.europesays.com\/fr\/wp-json\/wp\/v2\/comments?post=503051"}],"version-history":[{"count":0,"href":"https:\/\/www.europesays.com\/fr\/wp-json\/wp\/v2\/posts\/503051\/revisions"}],"wp:featuredmedia":[{"embeddable":true,"href":"https:\/\/www.europesays.com\/fr\/wp-json\/wp\/v2\/media\/503052"}],"wp:attachment":[{"href":"https:\/\/www.europesays.com\/fr\/wp-json\/wp\/v2\/media?parent=503051"}],"wp:term":[{"taxonomy":"category","embeddable":true,"href":"https:\/\/www.europesays.com\/fr\/wp-json\/wp\/v2\/categories?post=503051"},{"taxonomy":"post_tag","embeddable":true,"href":"https:\/\/www.europesays.com\/fr\/wp-json\/wp\/v2\/tags?post=503051"}],"curies":[{"name":"wp","href":"https:\/\/api.w.org\/{rel}","templated":true}]}}