{"id":503060,"date":"2025-10-31T21:12:10","date_gmt":"2025-10-31T21:12:10","guid":{"rendered":"https:\/\/www.europesays.com\/fr\/503060\/"},"modified":"2025-10-31T21:12:10","modified_gmt":"2025-10-31T21:12:10","slug":"felix-mory-dans-le-peloton-de-tete-du-rolex-grand-final-lequipe","status":"publish","type":"post","link":"https:\/\/www.europesays.com\/fr\/503060\/","title":{"rendered":"F\u00e9lix Mory dans le peloton de t\u00eate du Rolex Grand Final &#8211; L&#039;\u00c9quipe"},"content":{"rendered":"<ol>\n<li><a href=\"https:\/\/news.google.com\/rss\/articles\/CBMipAFBVV95cUxNRXJmamN2NW03WF8zcEl2Sk9JbUlsRlNqMVZtckdSeS1iZGZZWGE3RkpVamtFU0lJcWVtRm1oUUFmblYxVG5zUzMwbm13cW1LTWcxeHZwZkNjNy13VXAwckNvV1Q3ei1JU1Fyc1ZVbE9aZklDQ2NFUmNpYjRJX2RSU0hrenR3OGphU0RXODdGNDQ2d2hMYmg0cXhld2l2cHhXQkt2Qg?oc=5\" target=\"_blank\" rel=\"nofollow noopener\">F\u00e9lix Mory dans le peloton de t\u00eate du Rolex Grand Final<\/a>&nbsp;&nbsp;L&rsquo;\u00c9quipe<\/li>\n<li><a href=\"https:\/\/news.google.com\/rss\/articles\/CBMikgJBVV95cUxOSGdJMjY3RXdEaFRMeFlaaXpuampyZ3hXcDZEMlNnZFdpV1JLaHVjakJvelJPM1dQNmtDZDZCYy1Cdmx5V18xRUg3RDVkN2hOZ0hOcmNtVVhOdkgzaXZNSzAyd1ZaVjBxNUxmZHhUaThUek1QOXVzYThPWTNJQ1hJVjJlYWY1SHVXWTJpRVVKY2MyT09XVTZCYXE1NFpaNHQwZjNZbHpsNUFTaXhUY2FlZkY0bzNCZUllaWZvZWktazdnZld2cmJNSEFrbHVuT0RtMW5mZXp0RlJEYU5nYXpYZ1dMeGt3ek1VUkE1aXFuQWpzdHN2LU43RlBpd3Zrc0tYNEtIN05HaV9VcDUxMW1SVl9R?oc=5\" target=\"_blank\" rel=\"nofollow noopener\">Golf. DPW Tour &#8211; Rolex Grand Final : Suspense en Espagne avec cinq joueurs en t\u00eate dont Felix Mory<\/a>&nbsp;&nbsp;Ouest-France<\/li>\n<li><a href=\"https:\/\/news.google.com\/rss\/articles\/CBMiiAFBVV95cUxQNnlCc2h0ejdhdm91amxyUVNRQ01sZHN0ZTZDRzhLUDBYbmdHQXpkQ2d1Mk4yUGZXUE5iejdaeHZkQ3BfQ2JjUlM2Nk1KUktaTEl3SWxTdW5NV005ZFZzUTg2TUViTUhZM1psakRINUkybURKbGNIY1JfWkpHTmhUaVBzU05KbDEy?oc=5\" target=\"_blank\" rel=\"nofollow noopener\">HotelPlanner Tour : les enjeux de la finale<\/a>&nbsp;&nbsp;Golf Plan\u00e8te<\/li>\n<li><a href=\"https:\/\/news.google.com\/rss\/articles\/CBMinwFBVV95cUxOY0NOWGcxdWRsanY0ODFvcXVwcG4tajltVWVoNlJMZUZpNlUxM1VDMXZhZXpFM1pRWE40SjhHQXhjSmdIV1JCUHR0R2JONGp2eThVR1RuSjF6QkdNUkRySEN2UmxVN0Y5VFMxdkE4dUVIWHdLQW9zcERfeE1MVC1seUQzbnBZcHNJVUFpRGR1S3RuclFoM2lrZUdYWE93XzQ?oc=5\" target=\"_blank\" rel=\"nofollow noopener\">Rolex Grand Final : F\u00e9lix Mory coleader<\/a>&nbsp;&nbsp;F\u00e9d\u00e9ration fran\u00e7aise de golf (ffgolf)<\/li>\n<li><a href=\"https:\/\/news.google.com\/rss\/articles\/CBMihwFBVV95cUxPbFNPMWtZRlF2UXN6RTNfNEpzUnJhRWNhdWp2akNFQ2w4NE5TeDhoNkxMZXhEUG9CNFR5eFUyVnRQY1ZlMTNXRm9sX2RrT3ltYVdFQThGb29JMmdnTVZMV09Nc1dwOEJMdENGZWZrNExOanlqNjRZR0xBMW5jWTlsNkJJVE5LR1k?oc=5\" target=\"_blank\" rel=\"nofollow noopener\">Rolex Grand Final : quatre Fran\u00e7ais visent la mont\u00e9e<\/a>&nbsp;&nbsp;golf-magazine.fr<\/li>\n<\/ol>\n","protected":false},"excerpt":{"rendered":"F\u00e9lix Mory dans le peloton de t\u00eate du Rolex Grand Final&nbsp;&nbsp;L&rsquo;\u00c9quipe Golf. DPW Tour &#8211; Rolex Grand Final&hellip;\n","protected":false},"author":2,"featured_media":503061,"comment_status":"","ping_status":"","sticky":false,"template":"","format":"standard","meta":{"footnotes":""},"categories":[1418],"tags":[1011,27,1472,60],"class_list":{"0":"post-503060","1":"post","2":"type-post","3":"status-publish","4":"format-standard","5":"has-post-thumbnail","7":"category-golf","8":"tag-fr","9":"tag-france","10":"tag-golf","11":"tag-sports"},"share_on_mastodon":{"url":"https:\/\/pubeurope.com\/@fr\/115470843507976311","error":""},"_links":{"self":[{"href":"https:\/\/www.europesays.com\/fr\/wp-json\/wp\/v2\/posts\/503060","targetHints":{"allow":["GET"]}}],"collection":[{"href":"https:\/\/www.europesays.com\/fr\/wp-json\/wp\/v2\/posts"}],"about":[{"href":"https:\/\/www.europesays.com\/fr\/wp-json\/wp\/v2\/types\/post"}],"author":[{"embeddable":true,"href":"https:\/\/www.europesays.com\/fr\/wp-json\/wp\/v2\/users\/2"}],"replies":[{"embeddable":true,"href":"https:\/\/www.europesays.com\/fr\/wp-json\/wp\/v2\/comments?post=503060"}],"version-history":[{"count":0,"href":"https:\/\/www.europesays.com\/fr\/wp-json\/wp\/v2\/posts\/503060\/revisions"}],"wp:featuredmedia":[{"embeddable":true,"href":"https:\/\/www.europesays.com\/fr\/wp-json\/wp\/v2\/media\/503061"}],"wp:attachment":[{"href":"https:\/\/www.europesays.com\/fr\/wp-json\/wp\/v2\/media?parent=503060"}],"wp:term":[{"taxonomy":"category","embeddable":true,"href":"https:\/\/www.europesays.com\/fr\/wp-json\/wp\/v2\/categories?post=503060"},{"taxonomy":"post_tag","embeddable":true,"href":"https:\/\/www.europesays.com\/fr\/wp-json\/wp\/v2\/tags?post=503060"}],"curies":[{"name":"wp","href":"https:\/\/api.w.org\/{rel}","templated":true}]}}