{"id":503062,"date":"2025-10-31T21:13:11","date_gmt":"2025-10-31T21:13:11","guid":{"rendered":"https:\/\/www.europesays.com\/fr\/503062\/"},"modified":"2025-10-31T21:13:11","modified_gmt":"2025-10-31T21:13:11","slug":"les-raisons-de-la-demission-du-president-de-lalterna-stade-poitevin","status":"publish","type":"post","link":"https:\/\/www.europesays.com\/fr\/503062\/","title":{"rendered":"les raisons de la d\u00e9mission du pr\u00e9sident de l\u2019Alterna Stade Poitevin"},"content":{"rendered":"<p>La nouvelle a surpris. Apr\u00e8s trois ans et quatre mois \u00e0 la t\u00eate de l\u2019Alterna Stade Poitevin, Fran\u00e7ois Garreau a d\u00e9cid\u00e9 de d\u00e9missionner de ses fonctions ainsi que du conseil d\u2019administration du club, vendredi.<\/p>\n<p>\ufeff\u00ab\u00a0Ma charge professionnelle est de plus en plus\u00a0importante, indique-t-il pour expliquer les raisons de cette d\u00e9cision. J\u2019ai deux structures en immobilier et en conseil en gestion de patrimoine, et le poste de pr\u00e9sident demande de plus en plus de disponibilit\u00e9 eu \u00e9gard \u00e0 notre mont\u00e9e en puissance. L\u2019ensemble de ces activit\u00e9s ne peuvent plus \u00eatre men\u00e9es de front sous peine d\u2019en p\u00e9naliser l\u2019efficacit\u00e9. Depuis trois ans et demi, je n\u2019ai pas eu un moment de r\u00e9pit et je souhaitais remercier en priorit\u00e9 ma famille, dont mes filles et mon \u00e9pouse qui sont b\u00e9n\u00e9voles au club depuis dix\u00a0ans.\u00a0\u00bb<\/p>\n","protected":false},"excerpt":{"rendered":"La nouvelle a surpris. Apr\u00e8s trois ans et quatre mois \u00e0 la t\u00eate de l\u2019Alterna Stade Poitevin, Fran\u00e7ois&hellip;\n","protected":false},"author":2,"featured_media":503063,"comment_status":"","ping_status":"","sticky":false,"template":"","format":"standard","meta":{"footnotes":""},"categories":[1417],"tags":[1392,1654,1011,27,1653,60,1584,1470,1469],"class_list":{"0":"post-503062","1":"post","2":"type-post","3":"status-publish","4":"format-standard","5":"has-post-thumbnail","7":"category-volley","8":"tag-a-la-une-local","9":"tag-alterna-stade-poitevin-volley-ball","10":"tag-fr","11":"tag-france","12":"tag-poitiers","13":"tag-sports","14":"tag-vienne","15":"tag-volley","16":"tag-volleyball"},"share_on_mastodon":{"url":"https:\/\/pubeurope.com\/@fr\/115470847426934821","error":""},"_links":{"self":[{"href":"https:\/\/www.europesays.com\/fr\/wp-json\/wp\/v2\/posts\/503062","targetHints":{"allow":["GET"]}}],"collection":[{"href":"https:\/\/www.europesays.com\/fr\/wp-json\/wp\/v2\/posts"}],"about":[{"href":"https:\/\/www.europesays.com\/fr\/wp-json\/wp\/v2\/types\/post"}],"author":[{"embeddable":true,"href":"https:\/\/www.europesays.com\/fr\/wp-json\/wp\/v2\/users\/2"}],"replies":[{"embeddable":true,"href":"https:\/\/www.europesays.com\/fr\/wp-json\/wp\/v2\/comments?post=503062"}],"version-history":[{"count":0,"href":"https:\/\/www.europesays.com\/fr\/wp-json\/wp\/v2\/posts\/503062\/revisions"}],"wp:featuredmedia":[{"embeddable":true,"href":"https:\/\/www.europesays.com\/fr\/wp-json\/wp\/v2\/media\/503063"}],"wp:attachment":[{"href":"https:\/\/www.europesays.com\/fr\/wp-json\/wp\/v2\/media?parent=503062"}],"wp:term":[{"taxonomy":"category","embeddable":true,"href":"https:\/\/www.europesays.com\/fr\/wp-json\/wp\/v2\/categories?post=503062"},{"taxonomy":"post_tag","embeddable":true,"href":"https:\/\/www.europesays.com\/fr\/wp-json\/wp\/v2\/tags?post=503062"}],"curies":[{"name":"wp","href":"https:\/\/api.w.org\/{rel}","templated":true}]}}