{"id":503066,"date":"2025-10-31T21:15:10","date_gmt":"2025-10-31T21:15:10","guid":{"rendered":"https:\/\/www.europesays.com\/fr\/503066\/"},"modified":"2025-10-31T21:15:10","modified_gmt":"2025-10-31T21:15:10","slug":"encore-dans-la-course-pour-etre-qualifie-au-masters-daniil-medvedev-invite-a-metz-pas-de-wild-card-pour-valentin-vacherot-lequipe","status":"publish","type":"post","link":"https:\/\/www.europesays.com\/fr\/503066\/","title":{"rendered":"Encore dans la course pour \u00eatre qualifi\u00e9 au Masters, Daniil Medvedev invit\u00e9 \u00e0 Metz, pas de wild-card pour Valentin Vacherot &#8211; L&#039;\u00c9quipe"},"content":{"rendered":"<ol>\n<li><a href=\"https:\/\/news.google.com\/rss\/articles\/CBMi_wFBVV95cUxNem45YnpYT3ZYMVdKOTVjRWl3UjJzNkZOb1liVU8ydnRPSV9NN2ZlRlJlRjBiaEtxbV9ZeFhUOTAtaG9YUGRvTWM5TVhZUEt1SmRqU0pZWTFqeW1iVG1DMG5EQW1IcVVqb1pyZkhHenNJcVBXTk1jZml0bDdGWmlEM3JKcUk3UHR3M3FCeVp3dmZZVzY5dk5BUWxDR29Kc1lRaklwT01BVi1WeWpmM28wLWZ2Z1pyaGFoY2xNOGNlSU9UVFdFUFZGdGFiQ0NtWnFQbTZRZHJ6bnQzLThNSDVIdld6S0tHS1VodWctWURsdk1DcVY4Nm1MTnd3M3JxcWs?oc=5\" target=\"_blank\" rel=\"nofollow noopener\">Encore dans la course pour \u00eatre qualifi\u00e9 au Masters, Daniil Medvedev invit\u00e9 \u00e0 Metz, pas de wild-card pour Valentin Vacherot<\/a>&nbsp;&nbsp;L&rsquo;\u00c9quipe<\/li>\n<li><a href=\"https:\/\/news.google.com\/rss\/articles\/CBMi4gFBVV95cUxNLVdyX05udTBEcmtTLS1CWjkxSWd0cGFQcU9GR25vakt0VE1LQ01XcEF2UzFhSFJoZWNqNzIxTC1kVklQUExIQWE1cHdXYVg5M1VZTzBCdFdMWi1VcENhcGxpb3UwdDMtUjRTYmkwWUp6dGtmN2JsRDNadDZXXzFlQUdyNlBOaG1oMlhTWFlsU1I2T3JSTXdDLTFpSEg1WFZfMTR2Q2psdmYyUUtUNXNoY1ZzVU1wVFhyNk51aGJnbVc4UU10RmkwSE5md1JKVHBNZFllSTJsUlBSSmwtc0Z6TmVB?oc=5\" target=\"_blank\" rel=\"nofollow noopener\">Tennis. Moselle Open 2025 : parkings, billets, s\u00e9curit\u00e9\u2026 Les infos pratiques<\/a>&nbsp;&nbsp;Le Republicain Lorrain<\/li>\n<li><a href=\"https:\/\/news.google.com\/rss\/articles\/CBMigwFBVV95cUxNTy12OEU5SWJVaU1LSjVvbGttVHk5QWFua0dFQ3V0Rm1mQkp0bVcta2xQMXFnaWxwZDZ4cGxuakh5UnVlWjBMeHhELXh4VjJqVEc0WlZxVzlkM0FXNXJWRkI0WjJadk5xbXJTZ2pvdzQ1NXcyU0xFQXFWTDZYUEFxaDFpYw?oc=5\" target=\"_blank\" rel=\"nofollow noopener\">Une derni\u00e8re danse \u00e0 Metz : le tableau de l\u2019ultime Open de Moselle promet du spectacle !<\/a>&nbsp;&nbsp;Tennis Temple<\/li>\n<li><a href=\"https:\/\/news.google.com\/rss\/articles\/CBMipAFBVV95cUxPdjl0eTJVNXpiZmQ2ckRHVXA2Y0tvay1Ma24tM2s0OHFJam5HRURYYTQtcGdMUl9XSWZEbDVjREFPVER2SnNTWVd4OFo0MUdhUXFvTXFEbkVTRXlrNGprcmRLaDFWcm9iYlRSYmk3TG44TUQwRFcwVldHb25jeVBra3NCVnV5S0U4NWhvYnd5dzlINUNNazhlUDhVRHBseWRSZ3loeA?oc=5\" target=\"_blank\" rel=\"nofollow noopener\">La personnalit\u00e9 de La Semaine. Julien Boutter, directeur du Moselle Open<\/a>&nbsp;&nbsp;La Semaine<\/li>\n<li><a href=\"https:\/\/news.google.com\/rss\/articles\/CBMitAFBVV95cUxObFlaRjBGc1VoVmRPNTFRN1FoaXY3YkNsalpwckhIRFlBNktaQnN3Sno5blIyWnVyWTdoSmY1aFg5Q09oT3gwT1o1QS1nSmxQTFctUGI2eHkxU0NlRFFtTk9TY2RsLWpzOEhwNUU4cTNwSG1nV3Z0ZFJmV2VjakdINDRZOWkxdHRWYWJ3Y093U2ZTeWpvT0VJek45c1JKaTNzcGZzUUs3bklvLTIyZlFuWTZ4VjE?oc=5\" target=\"_blank\" rel=\"nofollow noopener\">Un beau tableau pour la derni\u00e8re du Moselle Open malgr\u00e9 l&rsquo;absence d&rsquo;Ugo Humbert<\/a>&nbsp;&nbsp;Radio M\u00e9lodie<\/li>\n<\/ol>\n","protected":false},"excerpt":{"rendered":"Encore dans la course pour \u00eatre qualifi\u00e9 au Masters, Daniil Medvedev invit\u00e9 \u00e0 Metz, pas de wild-card pour&hellip;\n","protected":false},"author":2,"featured_media":395849,"comment_status":"","ping_status":"","sticky":false,"template":"","format":"standard","meta":{"footnotes":""},"categories":[1415],"tags":[1011,27,60,1467],"class_list":{"0":"post-503066","1":"post","2":"type-post","3":"status-publish","4":"format-standard","5":"has-post-thumbnail","7":"category-tennis","8":"tag-fr","9":"tag-france","10":"tag-sports","11":"tag-tennis"},"share_on_mastodon":{"url":"https:\/\/pubeurope.com\/@fr\/115470855274119463","error":""},"_links":{"self":[{"href":"https:\/\/www.europesays.com\/fr\/wp-json\/wp\/v2\/posts\/503066","targetHints":{"allow":["GET"]}}],"collection":[{"href":"https:\/\/www.europesays.com\/fr\/wp-json\/wp\/v2\/posts"}],"about":[{"href":"https:\/\/www.europesays.com\/fr\/wp-json\/wp\/v2\/types\/post"}],"author":[{"embeddable":true,"href":"https:\/\/www.europesays.com\/fr\/wp-json\/wp\/v2\/users\/2"}],"replies":[{"embeddable":true,"href":"https:\/\/www.europesays.com\/fr\/wp-json\/wp\/v2\/comments?post=503066"}],"version-history":[{"count":0,"href":"https:\/\/www.europesays.com\/fr\/wp-json\/wp\/v2\/posts\/503066\/revisions"}],"wp:featuredmedia":[{"embeddable":true,"href":"https:\/\/www.europesays.com\/fr\/wp-json\/wp\/v2\/media\/395849"}],"wp:attachment":[{"href":"https:\/\/www.europesays.com\/fr\/wp-json\/wp\/v2\/media?parent=503066"}],"wp:term":[{"taxonomy":"category","embeddable":true,"href":"https:\/\/www.europesays.com\/fr\/wp-json\/wp\/v2\/categories?post=503066"},{"taxonomy":"post_tag","embeddable":true,"href":"https:\/\/www.europesays.com\/fr\/wp-json\/wp\/v2\/tags?post=503066"}],"curies":[{"name":"wp","href":"https:\/\/api.w.org\/{rel}","templated":true}]}}