{"id":503071,"date":"2025-10-31T21:21:11","date_gmt":"2025-10-31T21:21:11","guid":{"rendered":"https:\/\/www.europesays.com\/fr\/503071\/"},"modified":"2025-10-31T21:21:11","modified_gmt":"2025-10-31T21:21:11","slug":"david-et-victoria-beckham-charles-iii-va-recevoir-le-couple-pour-une-raison-tres-speciale","status":"publish","type":"post","link":"https:\/\/www.europesays.com\/fr\/503071\/","title":{"rendered":"David et Victoria Beckham : Charles III va recevoir le couple pour une raison tr\u00e8s sp\u00e9ciale"},"content":{"rendered":"<p><a href=\"https:\/\/www.closermag.fr\/people\/david-beckham-anobli-par-charles-iii-et-pendant-ce-temps-brooklyn-fait-de-la-pub-pour-des-chips-3554809\" rel=\"nofollow noopener\" target=\"_blank\"><br \/>\nL\u2019heure de la cons\u00e9cration a sonn\u00e9 pour David Beckham<\/a>. Plus de<br \/>\n20 ans apr\u00e8s avoir \u00e9t\u00e9 fait <strong>officier de l\u2019Ordre de l\u2019Empire<br \/>\nbritannique<\/strong> (OBE), l\u2019ancienne star du football va recevoir<br \/>\nle 4 novembre prochain le titre tant attendu de<br \/>\n<strong>chevalier<\/strong> pour \u2018\u2018services rendus au sport et \u00e0<br \/>\nla charit\u00e9.\u2019\u2019 Selon un communiqu\u00e9 du palais de Buckingham, la<br \/>\nc\u00e9r\u00e9monie d\u2019investiture se tiendra \u00e0 <strong>Windsor<\/strong> en<br \/>\n<strong>pr\u00e9sence du roi Charles III ou de la princesse<br \/>\nAnne.<\/strong><\/p>\n<p>\u00c0 cette occasion, Victoria Beckham deviendra officiellement<br \/>\n<strong>Lady Beckham<\/strong>. L\u2019ancienne chanteuse des Spice<br \/>\nGirls accompagnera son mari lors de cette c\u00e9r\u00e9monie<br \/>\nprestigieuse. L\u2019annonce a suscit\u00e9 une vague de<br \/>\n<strong>f\u00e9licitations<\/strong> au Royaume-Uni : David Beckham est<br \/>\nconsid\u00e9r\u00e9 comme un <strong>mod\u00e8le de r\u00e9ussite et<br \/>\nd\u2019humilit\u00e9<\/strong>. \u2018\u2018\u00catre fait <strong>chevalier est un<br \/>\nimmense honneur<\/strong>, surtout venant d\u2019un roi que je respecte<br \/>\nprofond\u00e9ment.\u2019\u2019 aurait dit le footballeur \u00e0 un proche qui<br \/>\ns\u2019est confi\u00e9 au Daily Mail.<\/p>\n<p>David Beckham : une reconnaissance de Charles III pour un<br \/>\nparcours exemplaire<\/p>\n<p>L\u2019ancien capitaine de l\u2019\u00e9quipe d\u2019Angleterre a \u00e9t\u00e9 propos\u00e9 pour<br \/>\nune <strong>distinction royale d\u00e8s 2011<\/strong>. Mais sa<br \/>\nnomination officielle n\u2019a \u00e9t\u00e9 confirm\u00e9e qu\u2019en juin dernier. Connu<br \/>\npour ses <strong>performances<\/strong> sous le maillot de<br \/>\nManchester United et pour ses plus de <strong>100 s\u00e9lections avec<br \/>\nl\u2019\u00e9quipe nationale,<\/strong> David Beckham s\u2019est aussi illustr\u00e9 par<br \/>\nson travail <strong>humanitaire<\/strong>. Il est ambassadeur de<br \/>\n<strong>l\u2019UNICEF<\/strong> depuis 20 ans. Il a \u00e9galement jou\u00e9 un<br \/>\nr\u00f4le cl\u00e9 dans la r\u00e9ussite de la <strong>candidature de Londres pour<br \/>\nles Jeux olympiques de 2012.<\/strong><\/p>\n<p>Plus r\u00e9cemment, David Beckham a collabor\u00e9 avec la King\u2019s<br \/>\nFoundation, l\u2019organisation <strong>caritative<\/strong> du<br \/>\nsouverain. \u2018\u2018Je suis <strong>heureux de pouvoir contribuer \u00e0<br \/>\nfaire conna\u00eetre le travail de la fondation du roi<\/strong> et<br \/>\nd\u2019aider les jeunes \u00e0 \u00e9largir leurs horizons.\u2019\u2019 avait-il<br \/>\nd\u00e9clar\u00e9 lors de sa nomination. En mai dernier, <a href=\"https:\/\/www.closermag.fr\/royautes\/charles-iii-et-david-beckham-la-bromance-wtf-qui-fait-plaisir-a-voir-3549855\" rel=\"nofollow noopener\" target=\"_blank\"><br \/>\nDavid Beckham avait \u00e9t\u00e9 aper\u00e7u aux c\u00f4t\u00e9s de Charles III<\/a> lors du<br \/>\nChelsea Flower Show. Leur <strong>complicit\u00e9<\/strong> avait \u00e9t\u00e9<br \/>\nsalu\u00e9e par la presse britannique.<\/p>\n<p>Un couple embl\u00e9matique sous les<br \/>\nprojecteurs de la royaut\u00e9<\/p>\n<p>Pour David et <a href=\"https:\/\/www.closermag.fr\/people\/david-beckham-anobli-victoria-fait-une-declaration-damour-a-son-chevalier-en-armure-brillante-3554918\" rel=\"nofollow noopener\" target=\"_blank\"><br \/>\nVictoria Beckham, cette distinction repr\u00e9sente bien plus qu\u2019un<br \/>\ntitre<\/a>. Elle vient couronner des ann\u00e9es <strong>d\u2019efforts,<br \/>\nd\u2019engagement et d\u2019influence positive<\/strong>. Ensemble depuis 25<br \/>\nans, les Beckham incarnent le <strong>glamour britannique<\/strong><br \/>\net une <strong>stabilit\u00e9<\/strong> rare dans le monde des<br \/>\nc\u00e9l\u00e9brit\u00e9s. \u00c0 travers leurs projets respectifs, ils ont su b\u00e2tir un<br \/>\n<strong>empire<\/strong> en restant <strong>fid\u00e8les \u00e0 leurs valeurs<br \/>\nfamiliales.<\/strong><\/p>\n<p>L\u2019entr\u00e9e du couple dans le <strong>cercle des chevaliers de la<br \/>\nmonarchie britannique<\/strong> marque ainsi un moment historique.<br \/>\nD\u00e9sormais, ce sera <strong>Sir David et Lady Victoria<br \/>\nBeckham<\/strong> que le roi Charles recevra \u00e0 Windsor.<\/p>\n","protected":false},"excerpt":{"rendered":"L\u2019heure de la cons\u00e9cration a sonn\u00e9 pour David Beckham. Plus de 20 ans apr\u00e8s avoir \u00e9t\u00e9 fait officier&hellip;\n","protected":false},"author":2,"featured_media":503072,"comment_status":"","ping_status":"","sticky":false,"template":"","format":"standard","meta":{"footnotes":""},"categories":[1359],"tags":[581,11193,58,59,1011,27,973,6482],"class_list":{"0":"post-503071","1":"post","2":"type-post","3":"status-publish","4":"format-standard","5":"has-post-thumbnail","7":"category-people","8":"tag-charles-iii","9":"tag-david-beckham","10":"tag-divertissement","11":"tag-entertainment","12":"tag-fr","13":"tag-france","14":"tag-people","15":"tag-victoria-beckham"},"share_on_mastodon":{"url":"https:\/\/pubeurope.com\/@fr\/115470878890224247","error":""},"_links":{"self":[{"href":"https:\/\/www.europesays.com\/fr\/wp-json\/wp\/v2\/posts\/503071","targetHints":{"allow":["GET"]}}],"collection":[{"href":"https:\/\/www.europesays.com\/fr\/wp-json\/wp\/v2\/posts"}],"about":[{"href":"https:\/\/www.europesays.com\/fr\/wp-json\/wp\/v2\/types\/post"}],"author":[{"embeddable":true,"href":"https:\/\/www.europesays.com\/fr\/wp-json\/wp\/v2\/users\/2"}],"replies":[{"embeddable":true,"href":"https:\/\/www.europesays.com\/fr\/wp-json\/wp\/v2\/comments?post=503071"}],"version-history":[{"count":0,"href":"https:\/\/www.europesays.com\/fr\/wp-json\/wp\/v2\/posts\/503071\/revisions"}],"wp:featuredmedia":[{"embeddable":true,"href":"https:\/\/www.europesays.com\/fr\/wp-json\/wp\/v2\/media\/503072"}],"wp:attachment":[{"href":"https:\/\/www.europesays.com\/fr\/wp-json\/wp\/v2\/media?parent=503071"}],"wp:term":[{"taxonomy":"category","embeddable":true,"href":"https:\/\/www.europesays.com\/fr\/wp-json\/wp\/v2\/categories?post=503071"},{"taxonomy":"post_tag","embeddable":true,"href":"https:\/\/www.europesays.com\/fr\/wp-json\/wp\/v2\/tags?post=503071"}],"curies":[{"name":"wp","href":"https:\/\/api.w.org\/{rel}","templated":true}]}}