{"id":503077,"date":"2025-10-31T21:25:13","date_gmt":"2025-10-31T21:25:13","guid":{"rendered":"https:\/\/www.europesays.com\/fr\/503077\/"},"modified":"2025-10-31T21:25:13","modified_gmt":"2025-10-31T21:25:13","slug":"helena-sacree-artiste-feminine-francophone-decouvrez-le-palmares-en-direct","status":"publish","type":"post","link":"https:\/\/www.europesays.com\/fr\/503077\/","title":{"rendered":"Helena sacr\u00e9e artiste f\u00e9minine francophone, d\u00e9couvrez le palmar\u00e8s en direct"},"content":{"rendered":"<p>        <img decoding=\"async\" loading=\"lazy\" src=\"https:\/\/www.europesays.com\/fr\/wp-content\/uploads\/2025\/10\/3f6446c_upload-1-whvoeo7hq5cn-capture-da-a-cran-2025-10-31-222058.png\"  width=\"728\" height=\"410\" alt=\"Helena sacr\u00e9e artiste f\u00e9minine francophone au NRJ Music Awards 2025.\"\/>  <\/p>\n<p>TF1<\/p>\n<p>Helena sacr\u00e9e artiste f\u00e9minine francophone au NRJ Music Awards 2025.<\/p>\n<p class=\"asset asset-text\">T\u00c9L\u00c9VISION &#8211; Il n\u2019y a pas que le cin\u00e9ma qui est c\u00e9l\u00e9br\u00e9 \u00e0 Cannes. Ce vendredi 31\u00a0octobre, la Croisette d\u00e9roule son tapis rouge aux artistes musicaux dont les chansons ont rythm\u00e9 l\u2019ann\u00e9e 2025. La 27e \u00e9dition des <a href=\"https:\/\/www.huffingtonpost.fr\/divertissement\/article\/nrj-music-awards-2024-tous-les-vainqueurs-n-ont-pas-recu-leur-prix-pendant-l-emission-de-tf1_241685.html\" target=\"_blank\" rel=\"noopener\">NRJ Music Awards<\/a>, pr\u00e9sent\u00e9e par Nikos Aliagas et diffus\u00e9e en direct sur TF1\u00a0d\u00e8s 21\u00a0h\u00a010, va faire vibrer le Palais des Festivals et des Congr\u00e8s.<\/p>\n<p class=\"asset asset-text\">Parmi les nomm\u00e9s des 14\u00a0cat\u00e9gories, les noms d\u2019anciens candidats de la Star Ac\u2019 sont nombreux\u00a0: de la saison 12, on retrouve Marine, la gagnante 2024\u00a0du t\u00e9l\u00e9crochet, et <a href=\"https:\/\/www.huffingtonpost.fr\/culture\/article\/marguerite-de-la-star-ac-prefere-les-filles-et-le-chante-dans-son-premier-single_248954.html\" target=\"_blank\" rel=\"noopener\">Marguerite<\/a>, star montante de la sc\u00e8ne francophone. Helena, demi-finaliste de la saison 11, et <a href=\"https:\/\/www.huffingtonpost.fr\/culture\/video\/concert-de-pierre-garnier-apres-la-star-academy-il-lance-sa-tournee-en-solo-avec-un-premier-show-intimiste_244692.html\" target=\"_blank\" rel=\"noopener\">Pierre Garnier<\/a>, gagnant la m\u00eame ann\u00e9e, sont \u00e9galement nomm\u00e9s. Ce dernier a d\u00e9j\u00e0 \u00e9t\u00e9 r\u00e9compens\u00e9 lors des NRJ Music Awards 2024\u00a0du prix R\u00e9v\u00e9lation francophone de l\u2019ann\u00e9e et Chanson de l\u2019ann\u00e9e.<\/p>\n<p class=\"asset asset-text\">Mais la c\u00e9r\u00e9monie ne se limite pas aux artistes francophones. De grands noms internationaux sont attendus \u00e0 Cannes. <a href=\"https:\/\/www.huffingtonpost.fr\/culture\/article\/les-fans-d-ed-sheeran-ont-eu-droit-a-un-invite-surprise-pour-son-concert-a-lille_251657.html\" target=\"_blank\" rel=\"noopener\">Ed Sheeran<\/a>, artiste international le plus r\u00e9compens\u00e9 de l\u2019histoire des\u00a0NRJ\u00a0Music\u00a0Awards, va donner une performance in\u00e9dite en direct. KATSEYE, le girls band \u00e0 succ\u00e8s, inspir\u00e9 de la K-pop, est \u00e9galement attendu sur sc\u00e8ne, tout comme la qu\u00e9b\u00e9coise Charlotte Cardin. Amir, Pierre Garnier, Marine, <a href=\"https:\/\/www.huffingtonpost.fr\/life\/video\/des-enfants-nous-expliquent-les-paroles-de-ciel-de-gims-et-ils-ont-de-l-imagination_256058.html\" target=\"_blank\" rel=\"noopener\">Gims<\/a>, Vanessa Paradis ou encore Kendji Girac sont \u00e9galement pr\u00e9sents.<\/p>\n<p class=\"asset asset-text\">Les diff\u00e9rents prix sont remis tout au long de la c\u00e9r\u00e9monie entre les performances musicales. <strong>Retrouvez le palmar\u00e8s complet de la 27e \u00e9dition des NRJ Music Awards, \u00e0 suivre en direct ci-dessous\u00a0toute la soir\u00e9e\u00a0:<\/strong><\/p>\n<p class=\"asset asset-text\"><strong>Jungeli x Lenie &#8211; \u00c0 Tes C\u00f4t\u00e9s<\/strong><br \/>Keblack Ft. Guy2Bezbar &#8211; Melrose Place<br \/>Pierre Garnier, M. Pokora &#8211;\u00a0Chaque Seconde<br \/>Stromae, Pomme &#8211; Ma Meilleure Ennemie<br \/>Superbus &amp;\u00a0Hoshi (Feat. Nicola Sirkis) &#8211; Lola<br \/>Vitaa feat Julien Dor\u00e9 &#8211; Viens on essaie<\/p>\n<p class=\"asset asset-text\"><strong>Gims<\/strong><\/p>\n<ul class=\"asset asset-bulletedList\">\n<li>Artiste Masculin International<\/li>\n<\/ul>\n<p class=\"asset asset-text\">Alex Warren<br \/>Benson Boone<br \/>Damiano David<br \/><strong>Ed Sheeran<\/strong><br \/>J Balvin<br \/>Myles Smith<\/p>\n<p class=\"asset asset-text\">Calvin Harris<br \/><strong>David Guetta<\/strong><br \/>DJ Snake<br \/>R3hab<br \/>Trinix<\/p>\n<ul class=\"asset asset-bulletedList\">\n<li>Artiste F\u00e9minine Francophone<\/li>\n<\/ul>\n<p class=\"asset asset-text\">Aya Nakamura<br \/>Charlotte Cardin<br \/><strong>Helena<\/strong><br \/>Louane<br \/>Vanessa Paradis<\/p>\n","protected":false},"excerpt":{"rendered":"TF1 Helena sacr\u00e9e artiste f\u00e9minine francophone au NRJ Music Awards 2025. T\u00c9L\u00c9VISION &#8211; Il n\u2019y a pas que&hellip;\n","protected":false},"author":2,"featured_media":503078,"comment_status":"","ping_status":"","sticky":false,"template":"","format":"standard","meta":{"footnotes":""},"categories":[1355],"tags":[58,59,1011,27,1361,873,22726,252,199],"class_list":{"0":"post-503077","1":"post","2":"type-post","3":"status-publish","4":"format-standard","5":"has-post-thumbnail","7":"category-musique","8":"tag-divertissement","9":"tag-entertainment","10":"tag-fr","11":"tag-france","12":"tag-music","13":"tag-musique","14":"tag-nrj-music-awards","15":"tag-television","16":"tag-tf1"},"share_on_mastodon":{"url":"https:\/\/pubeurope.com\/@fr\/115470894935193442","error":""},"_links":{"self":[{"href":"https:\/\/www.europesays.com\/fr\/wp-json\/wp\/v2\/posts\/503077","targetHints":{"allow":["GET"]}}],"collection":[{"href":"https:\/\/www.europesays.com\/fr\/wp-json\/wp\/v2\/posts"}],"about":[{"href":"https:\/\/www.europesays.com\/fr\/wp-json\/wp\/v2\/types\/post"}],"author":[{"embeddable":true,"href":"https:\/\/www.europesays.com\/fr\/wp-json\/wp\/v2\/users\/2"}],"replies":[{"embeddable":true,"href":"https:\/\/www.europesays.com\/fr\/wp-json\/wp\/v2\/comments?post=503077"}],"version-history":[{"count":0,"href":"https:\/\/www.europesays.com\/fr\/wp-json\/wp\/v2\/posts\/503077\/revisions"}],"wp:featuredmedia":[{"embeddable":true,"href":"https:\/\/www.europesays.com\/fr\/wp-json\/wp\/v2\/media\/503078"}],"wp:attachment":[{"href":"https:\/\/www.europesays.com\/fr\/wp-json\/wp\/v2\/media?parent=503077"}],"wp:term":[{"taxonomy":"category","embeddable":true,"href":"https:\/\/www.europesays.com\/fr\/wp-json\/wp\/v2\/categories?post=503077"},{"taxonomy":"post_tag","embeddable":true,"href":"https:\/\/www.europesays.com\/fr\/wp-json\/wp\/v2\/tags?post=503077"}],"curies":[{"name":"wp","href":"https:\/\/api.w.org\/{rel}","templated":true}]}}