{"id":50309,"date":"2025-04-24T22:59:08","date_gmt":"2025-04-24T22:59:08","guid":{"rendered":"https:\/\/www.europesays.com\/fr\/50309\/"},"modified":"2025-04-24T22:59:08","modified_gmt":"2025-04-24T22:59:08","slug":"lfi-demande-linterdiction-du-concert-dun-chanteur-israelien-a-paris","status":"publish","type":"post","link":"https:\/\/www.europesays.com\/fr\/50309\/","title":{"rendered":"LFI demande l\u2019interdiction du concert d\u2019un chanteur isra\u00e9lien \u00e0 Paris"},"content":{"rendered":"<p>Oppos\u00e9 \u00e0 la repr\u00e9sentation d\u2019Eyal Golan le 20 mai prochain, le groupe LFI \u00e0 l\u2019Assembl\u00e9e affirme que \u00abla France ne peut tol\u00e9rer ce \u00e9ni\u00e8me affront \u00e0 l\u2019encontre des milliers de victimes gazaouis et de leurs proches\u00bb.<\/p>\n<p class=\"fig-paragraph\">Eyal Golan, l\u2019une des plus grandes ic\u00f4nes de la musique isra\u00e9lienne, est dans le viseur de\u00a0<a href=\"http:\/\/www.lefigaro.fr\/vox\/politique\/albert-zennou-lfi-la-buzzocratie-au-service-de-la-strategie-du-scandale-permanent-20250321\" data-fig-type=\"Article\" data-gtm-custom-categorie=\"navigation\" data-gtm-custom-action=\"crossclick\" data-gtm-custom-label=\"Contextuel\" data-gtm-event=\"customEventSPE\" data-fig-domain=\"LEFIGARO\" target=\"_blank\" rel=\"noopener\">La France Insoumise<\/a>. Alors que l\u2019artiste doit donner un concert \u00e0 guichets ferm\u00e9s le 20 mai prochain au D\u00f4me de Paris, le groupe parlementaire des d\u00e9put\u00e9s m\u00e9lenchonistes demande au pr\u00e9fet l\u2019\u00abinterdiction imm\u00e9diate\u00bb de cet \u00e9v\u00e8nement. En cause selon eux, d\u2019anciens propos pol\u00e9miques sur la situation dans la bande de Gaza, cible de la riposte isra\u00e9lienne depuis les massacres terroristes du Hamas le 7 octobre 2023.<\/p>\n<p class=\"fig-paragraph\">D\u2019apr\u00e8s ces elus, le chanteur a appel\u00e9 \u00e0 \u00ab\u00e9liminer Gaza\u00bb et \u00abne pas y laisser \u00e2me qui vive\u00bb, paroles qui lui auraient valu le soutien isra\u00e9lien d\u2019Itamar Ben Gvir, actuel ministre de la S\u00e9curit\u00e9 nationale, et partisan d\u2019une riposte militaire intransigeante dans l\u2019enclave palestinienne contr\u00f4l\u00e9e par l&rsquo;organisation djihadiste. Dans un communiqu\u00e9, les d\u00e9put\u00e9s LFI vont jusqu\u2019\u00e0 qualifier Eyal Golan de \u00abv\u00e9ritable porte-voix pour les soutiens du g\u00e9nocide\u00bb.\u00a0Et d\u2019ajouter\u00a0: \u00abLa France ne peut tol\u00e9rer ce \u00e9ni\u00e8me affront \u00e0 l\u2019encontre des milliers de victimes gazaouis et de leurs proches.\u00bb<\/p>\n<p class=\"fig-paragraph\">Les m\u00eames promettent alors \u00abune large mobilisation\u00bb aux 4500 spectateurs attendus dans un mois porte de Versailles, ce qui laisse pr\u00e9sager des tensions autour de la salle parisienne. \u00abIl ne doit pas venir chanter les louanges du g\u00e9nocide. (C\u2019est) le concert de la honte\u00bb, a relay\u00e9 le d\u00e9put\u00e9 LFI Thomas Portes sur ses r\u00e9seaux sociaux. Tr\u00e8s actif dans la cause palestinienne, l\u2019\u00e9lu insoumis s\u2019\u00e9tait d\u00e9j\u00e0 oppos\u00e9 l\u2019ann\u00e9e derni\u00e8re \u00e0 la venue des athl\u00e8tes isra\u00e9liens aux Jeux olympiques de Paris, sur fond \u00e0 l\u2019\u00e9poque d\u2019intensification des combats de l\u2019\u00c9tat h\u00e9breu au Proche-Orient. Contre le Hamas dans la bande de Gaza et le Hezbollah dans le Sud-Liban.<\/p>\n","protected":false},"excerpt":{"rendered":"Oppos\u00e9 \u00e0 la repr\u00e9sentation d\u2019Eyal Golan le 20 mai prochain, le groupe LFI \u00e0 l\u2019Assembl\u00e9e affirme que \u00abla&hellip;\n","protected":false},"author":2,"featured_media":50310,"comment_status":"","ping_status":"","sticky":false,"template":"","format":"standard","meta":{"footnotes":""},"categories":[1888],"tags":[1111,47,11,1109,1112,1777,674,118,1108,107,1106,1107,1011,27,1110,1114,14,664,2338,12,1113,626,316,25,14299],"class_list":{"0":"post-50309","1":"post","2":"type-post","3":"status-publish","4":"format-standard","5":"has-post-thumbnail","7":"category-paris","8":"tag-actu","9":"tag-actualite","10":"tag-actualites","11":"tag-breves","12":"tag-depeches","13":"tag-eu","14":"tag-europe","15":"tag-faits-divers","16":"tag-fil","17":"tag-fil-info","18":"tag-flash","19":"tag-flash-actu","20":"tag-fr","21":"tag-france","22":"tag-informations","23":"tag-infos","24":"tag-international","25":"tag-israel","26":"tag-la-france-insoumise","27":"tag-news","28":"tag-nouvelles","29":"tag-paris","30":"tag-politique","31":"tag-republique-francaise","32":"tag-thomas-portes"},"share_on_mastodon":{"url":"https:\/\/pubeurope.com\/@fr\/114395425257112552","error":""},"_links":{"self":[{"href":"https:\/\/www.europesays.com\/fr\/wp-json\/wp\/v2\/posts\/50309","targetHints":{"allow":["GET"]}}],"collection":[{"href":"https:\/\/www.europesays.com\/fr\/wp-json\/wp\/v2\/posts"}],"about":[{"href":"https:\/\/www.europesays.com\/fr\/wp-json\/wp\/v2\/types\/post"}],"author":[{"embeddable":true,"href":"https:\/\/www.europesays.com\/fr\/wp-json\/wp\/v2\/users\/2"}],"replies":[{"embeddable":true,"href":"https:\/\/www.europesays.com\/fr\/wp-json\/wp\/v2\/comments?post=50309"}],"version-history":[{"count":0,"href":"https:\/\/www.europesays.com\/fr\/wp-json\/wp\/v2\/posts\/50309\/revisions"}],"wp:featuredmedia":[{"embeddable":true,"href":"https:\/\/www.europesays.com\/fr\/wp-json\/wp\/v2\/media\/50310"}],"wp:attachment":[{"href":"https:\/\/www.europesays.com\/fr\/wp-json\/wp\/v2\/media?parent=50309"}],"wp:term":[{"taxonomy":"category","embeddable":true,"href":"https:\/\/www.europesays.com\/fr\/wp-json\/wp\/v2\/categories?post=50309"},{"taxonomy":"post_tag","embeddable":true,"href":"https:\/\/www.europesays.com\/fr\/wp-json\/wp\/v2\/tags?post=50309"}],"curies":[{"name":"wp","href":"https:\/\/api.w.org\/{rel}","templated":true}]}}