{"id":503092,"date":"2025-10-31T21:33:12","date_gmt":"2025-10-31T21:33:12","guid":{"rendered":"https:\/\/www.europesays.com\/fr\/503092\/"},"modified":"2025-10-31T21:33:12","modified_gmt":"2025-10-31T21:33:12","slug":"nunez-appelle-les-prefets-a-la-vigilance-apres-les-incidents-des-annees-precedentes","status":"publish","type":"post","link":"https:\/\/www.europesays.com\/fr\/503092\/","title":{"rendered":"Nu\u00f1ez appelle les pr\u00e9fets \u00e0 la vigilance apr\u00e8s les incidents des ann\u00e9es pr\u00e9c\u00e9dentes"},"content":{"rendered":"<p>\n    Le ministre de l\u2019Int\u00e9rieur demande une vigilance accrue des forces de s\u00e9curit\u00e9 pour pr\u00e9venir d\u00e9gradations, incidents et rassemblements ill\u00e9gaux durant la p\u00e9riode de f\u00eate.<\/p>\n<p class=\"fig-paragraph\">Laurent Nu\u00f1ez a appel\u00e9 les pr\u00e9fets et les responsables de la police et de la gendarmerie \u00e0 la vigilance pour la f\u00eate d\u2019Halloween, en raison des incidents survenus les ann\u00e9es pr\u00e9c\u00e9dentes.<\/p>\n<p class=\"fig-paragraph\">Dans un t\u00e9l\u00e9gramme dat\u00e9 du 24 octobre et dont l&rsquo;AFP a eu connaissance, le\u00a0<a href=\"http:\/\/www.lefigaro.fr\/faits-divers\/la-police-tue-le-ministre-de-l-interieur-laurent-nunez-porte-plainte-contre-quatre-deputes-lfi-20251030\" data-fig-type=\"NewsFlash\" data-gtm-custom-categorie=\"navigation\" data-gtm-custom-action=\"crossclick\" data-gtm-custom-label=\"Contextuel\" data-gtm-event=\"customEventSPE\" data-fig-domain=\"LEFIGARO\" target=\"_blank\" rel=\"noopener\">ministre de l&rsquo;Int\u00e9rieur\u00a0<\/a>rappelle ainsi que \u00abdes incidents ont \u00e9t\u00e9 constat\u00e9s\u00bb les ann\u00e9es pr\u00e9c\u00e9dentes \u00abnotamment des d\u00e9gradations de biens et des atteintes aux forces de l&rsquo;ordre et aux sapeurs-pompiers\u00bb. \u00abLa p\u00e9riode est \u00e9galement propice \u00e0 la tenue de rassemblements musicaux illicites d&rsquo;envergure\u00bb, \u00e9crit Laurent Nu\u00f1ez.<\/p>\n<p>                                    <a class=\"fig-a11y-skip a11y-hidden\" href=\"#fig-a11y-skip-main-inarticle\"><br \/>\n        Passer la publicit\u00e9<br \/>\n    <\/a><\/p>\n<p>Menace terroriste<\/p>\n<p class=\"fig-paragraph\">Soulignant \u00able haut niveau\u00bb de la menace\u00a0<a href=\"http:\/\/www.lefigaro.fr\/international\/peine-de-mort-pour-les-terroristes-en-israel-un-ministre-se-met-en-scene-devant-des-prisonniers-palestiniens-entraves-au-sol-20251031\" data-fig-type=\"NewsFlash\" data-gtm-custom-categorie=\"navigation\" data-gtm-custom-action=\"crossclick\" data-gtm-custom-label=\"Contextuel\" data-gtm-event=\"customEventSPE\" data-fig-domain=\"LEFIGARO\" target=\"_blank\" rel=\"noopener\">terroriste<\/a>, il fait valoir que cette \u00absituation impose d\u00e8s lors le maintien d&rsquo;un niveau de vigilance \u00e9lev\u00e9 ainsi que la pleine mobilisation des forces de s\u00e9curit\u00e9 int\u00e9rieure\u00bb, \u00e0 l&rsquo;occasion de cette f\u00eate et dans les jours suivants. Il cite comme point d&rsquo;attention \u00ables transports en commun\u00bb et demande que des mesures administratives d&rsquo;interdiction de port ou de transport de carburant et de mati\u00e8res explosives soient prises, le cas \u00e9ch\u00e9ant.<\/p>\n<p class=\"fig-paragraph\">S&rsquo;agissant des rassemblements musicaux ill\u00e9gaux, le ministre enjoint les pr\u00e9fets \u00e0 prendre \u00abtoutes les dispositions qui s&rsquo;imposent pour d\u00e9tecter les tentatives d&rsquo;installations et interdire ou faire cesser tout rassemblement de ce type\u00bb.\u00a0<\/p>\n","protected":false},"excerpt":{"rendered":"Le ministre de l\u2019Int\u00e9rieur demande une vigilance accrue des forces de s\u00e9curit\u00e9 pour pr\u00e9venir d\u00e9gradations, incidents et rassemblements&hellip;\n","protected":false},"author":2,"featured_media":503093,"comment_status":"","ping_status":"","sticky":false,"template":"","format":"standard","meta":{"footnotes":""},"categories":[4],"tags":[11,1011,27,20815,5454,12,25],"class_list":{"0":"post-503092","1":"post","2":"type-post","3":"status-publish","4":"format-standard","5":"has-post-thumbnail","7":"category-france","8":"tag-actualites","9":"tag-fr","10":"tag-france","11":"tag-halloween","12":"tag-laurent-nunez","13":"tag-news","14":"tag-republique-francaise"},"share_on_mastodon":{"url":"https:\/\/pubeurope.com\/@fr\/115470926310023697","error":""},"_links":{"self":[{"href":"https:\/\/www.europesays.com\/fr\/wp-json\/wp\/v2\/posts\/503092","targetHints":{"allow":["GET"]}}],"collection":[{"href":"https:\/\/www.europesays.com\/fr\/wp-json\/wp\/v2\/posts"}],"about":[{"href":"https:\/\/www.europesays.com\/fr\/wp-json\/wp\/v2\/types\/post"}],"author":[{"embeddable":true,"href":"https:\/\/www.europesays.com\/fr\/wp-json\/wp\/v2\/users\/2"}],"replies":[{"embeddable":true,"href":"https:\/\/www.europesays.com\/fr\/wp-json\/wp\/v2\/comments?post=503092"}],"version-history":[{"count":0,"href":"https:\/\/www.europesays.com\/fr\/wp-json\/wp\/v2\/posts\/503092\/revisions"}],"wp:featuredmedia":[{"embeddable":true,"href":"https:\/\/www.europesays.com\/fr\/wp-json\/wp\/v2\/media\/503093"}],"wp:attachment":[{"href":"https:\/\/www.europesays.com\/fr\/wp-json\/wp\/v2\/media?parent=503092"}],"wp:term":[{"taxonomy":"category","embeddable":true,"href":"https:\/\/www.europesays.com\/fr\/wp-json\/wp\/v2\/categories?post=503092"},{"taxonomy":"post_tag","embeddable":true,"href":"https:\/\/www.europesays.com\/fr\/wp-json\/wp\/v2\/tags?post=503092"}],"curies":[{"name":"wp","href":"https:\/\/api.w.org\/{rel}","templated":true}]}}